{"id":48775,"date":"2025-08-18T10:30:35","date_gmt":"2025-08-18T08:30:35","guid":{"rendered":"https:\/\/sp1lubomierz.pl\/?p=48775"},"modified":"2025-08-18T10:30:35","modified_gmt":"2025-08-18T08:30:35","slug":"pierwsze-kroki-w-przedszkolu-spotkanie-organizacyjne-i-dni-adaptacyjne","status":"publish","type":"post","link":"https:\/\/sp1lubomierz.pl\/?p=48775","title":{"rendered":"Pierwsze kroki w przedszkolu \u2013 spotkanie organizacyjne i dni adaptacyjne"},"content":{"rendered":"<p><a href=\"http:\/\/sp1lubomierz.pl\/wp-content\/uploads\/2025\/08\/Zolty-Przedszkole-Kolaz-Fotograficzny-1.png\"><img loading=\"lazy\" decoding=\"async\" class=\"aligncenter size-large wp-image-48777\" src=\"http:\/\/sp1lubomierz.pl\/wp-content\/uploads\/2025\/08\/Zolty-Przedszkole-Kolaz-Fotograficzny-1-1024x819.png\" alt=\"Plakat informacyjny dla rodzic\u00f3w i dzieci oddzia\u0142\u00f3w przedszkolnych Szko\u0142y Podstawowej nr 1 w Lubomierzu. Zawiera daty: spotkanie organizacyjne dla rodzic\u00f3w \u2013 27 sierpnia 2025 o godz. 16:00 w szkole oraz dni adaptacyjne dla dzieci \u2013 28 i 29 sierpnia 2025. Tekst plakatu zach\u0119ca do udzia\u0142u, podkre\u015blaj\u0105c, \u017ce adaptacja to czas zabawy, poznawania sal, r\u00f3wie\u015bnik\u00f3w i nauczycieli.\" width=\"1024\" height=\"819\" srcset=\"https:\/\/sp1lubomierz.pl\/wp-content\/uploads\/2025\/08\/Zolty-Przedszkole-Kolaz-Fotograficzny-1-1024x819.png 1024w, https:\/\/sp1lubomierz.pl\/wp-content\/uploads\/2025\/08\/Zolty-Przedszkole-Kolaz-Fotograficzny-1-300x240.png 300w, https:\/\/sp1lubomierz.pl\/wp-content\/uploads\/2025\/08\/Zolty-Przedszkole-Kolaz-Fotograficzny-1-768x614.png 768w, https:\/\/sp1lubomierz.pl\/wp-content\/uploads\/2025\/08\/Zolty-Przedszkole-Kolaz-Fotograficzny-1-1536x1229.png 1536w, https:\/\/sp1lubomierz.pl\/wp-content\/uploads\/2025\/08\/Zolty-Przedszkole-Kolaz-Fotograficzny-1-288x230.png 288w, https:\/\/sp1lubomierz.pl\/wp-content\/uploads\/2025\/08\/Zolty-Przedszkole-Kolaz-Fotograficzny-1.png 2000w\" sizes=\"auto, (max-width: 1024px) 100vw, 1024px\" \/><\/a><\/p>\n","protected":false},"excerpt":{"rendered":"","protected":false},"author":1,"featured_media":0,"comment_status":"closed","ping_status":"open","sticky":false,"template":"","format":"standard","meta":{"ngg_post_thumbnail":0,"footnotes":""},"categories":[1],"tags":[],"class_list":["post-48775","post","type-post","status-publish","format-standard","hentry","category-uncategorized"],"_links":{"self":[{"href":"https:\/\/sp1lubomierz.pl\/index.php?rest_route=\/wp\/v2\/posts\/48775","targetHints":{"allow":["GET"]}}],"collection":[{"href":"https:\/\/sp1lubomierz.pl\/index.php?rest_route=\/wp\/v2\/posts"}],"about":[{"href":"https:\/\/sp1lubomierz.pl\/index.php?rest_route=\/wp\/v2\/types\/post"}],"author":[{"embeddable":true,"href":"https:\/\/sp1lubomierz.pl\/index.php?rest_route=\/wp\/v2\/users\/1"}],"replies":[{"embeddable":true,"href":"https:\/\/sp1lubomierz.pl\/index.php?rest_route=%2Fwp%2Fv2%2Fcomments&post=48775"}],"version-history":[{"count":1,"href":"https:\/\/sp1lubomierz.pl\/index.php?rest_route=\/wp\/v2\/posts\/48775\/revisions"}],"predecessor-version":[{"id":48778,"href":"https:\/\/sp1lubomierz.pl\/index.php?rest_route=\/wp\/v2\/posts\/48775\/revisions\/48778"}],"wp:attachment":[{"href":"https:\/\/sp1lubomierz.pl\/index.php?rest_route=%2Fwp%2Fv2%2Fmedia&parent=48775"}],"wp:term":[{"taxonomy":"category","embeddable":true,"href":"https:\/\/sp1lubomierz.pl\/index.php?rest_route=%2Fwp%2Fv2%2Fcategories&post=48775"},{"taxonomy":"post_tag","embeddable":true,"href":"https:\/\/sp1lubomierz.pl\/index.php?rest_route=%2Fwp%2Fv2%2Ftags&post=48775"}],"curies":[{"name":"wp","href":"https:\/\/api.w.org\/{rel}","templated":true}]}}