{"id":48780,"date":"2025-08-28T08:16:55","date_gmt":"2025-08-28T06:16:55","guid":{"rendered":"https:\/\/sp1lubomierz.pl\/?p=48780"},"modified":"2025-08-28T08:16:55","modified_gmt":"2025-08-28T06:16:55","slug":"uroczyste-rozpoczecie-roku-szkolnego-2025-2026","status":"publish","type":"post","link":"https:\/\/sp1lubomierz.pl\/?p=48780","title":{"rendered":"Uroczyste rozpocz\u0119cie roku szkolnego 2025\/2026"},"content":{"rendered":"<p><a href=\"http:\/\/sp1lubomierz.pl\/wp-content\/uploads\/2025\/08\/Odbedzie-sie-w-poniedzialek-04.09.2023-r.-Autobus-z-Przyslopu-pojedzie-o-godz.-830.-O-godzinie-900-odprawiona-zostanie-Msza-Swieta-w-Kosciele-Parafialnym-w-Lubomierzu.-Nastepnie-na-sali-gimnastycz.png\"><img loading=\"lazy\" decoding=\"async\" class=\"aligncenter size-large wp-image-48781\" src=\"http:\/\/sp1lubomierz.pl\/wp-content\/uploads\/2025\/08\/Odbedzie-sie-w-poniedzialek-04.09.2023-r.-Autobus-z-Przyslopu-pojedzie-o-godz.-830.-O-godzinie-900-odprawiona-zostanie-Msza-Swieta-w-Kosciele-Parafialnym-w-Lubomierzu.-Nastepnie-na-sali-gimnastycz-1024x724.png\" alt=\"Plakat informuj\u0105cy o rozpocz\u0119ciu roku szkolnego 2025\/2026 \u2013 msza \u015bwi\u0119ta o 9:00, uroczysto\u015b\u0107 w sali gimnastycznej, \u015blubowanie pierwszoklasist\u00f3w i spotkania z wychowawcami. Autobus z Przys\u0142opu o 8:30, powr\u00f3t o 11:00.\" width=\"1024\" height=\"724\" srcset=\"https:\/\/sp1lubomierz.pl\/wp-content\/uploads\/2025\/08\/Odbedzie-sie-w-poniedzialek-04.09.2023-r.-Autobus-z-Przyslopu-pojedzie-o-godz.-830.-O-godzinie-900-odprawiona-zostanie-Msza-Swieta-w-Kosciele-Parafialnym-w-Lubomierzu.-Nastepnie-na-sali-gimnastycz-1024x724.png 1024w, https:\/\/sp1lubomierz.pl\/wp-content\/uploads\/2025\/08\/Odbedzie-sie-w-poniedzialek-04.09.2023-r.-Autobus-z-Przyslopu-pojedzie-o-godz.-830.-O-godzinie-900-odprawiona-zostanie-Msza-Swieta-w-Kosciele-Parafialnym-w-Lubomierzu.-Nastepnie-na-sali-gimnastycz-300x212.png 300w, https:\/\/sp1lubomierz.pl\/wp-content\/uploads\/2025\/08\/Odbedzie-sie-w-poniedzialek-04.09.2023-r.-Autobus-z-Przyslopu-pojedzie-o-godz.-830.-O-godzinie-900-odprawiona-zostanie-Msza-Swieta-w-Kosciele-Parafialnym-w-Lubomierzu.-Nastepnie-na-sali-gimnastycz-768x543.png 768w, https:\/\/sp1lubomierz.pl\/wp-content\/uploads\/2025\/08\/Odbedzie-sie-w-poniedzialek-04.09.2023-r.-Autobus-z-Przyslopu-pojedzie-o-godz.-830.-O-godzinie-900-odprawiona-zostanie-Msza-Swieta-w-Kosciele-Parafialnym-w-Lubomierzu.-Nastepnie-na-sali-gimnastycz-1536x1086.png 1536w, https:\/\/sp1lubomierz.pl\/wp-content\/uploads\/2025\/08\/Odbedzie-sie-w-poniedzialek-04.09.2023-r.-Autobus-z-Przyslopu-pojedzie-o-godz.-830.-O-godzinie-900-odprawiona-zostanie-Msza-Swieta-w-Kosciele-Parafialnym-w-Lubomierzu.-Nastepnie-na-sali-gimnastycz-325x230.png 325w, https:\/\/sp1lubomierz.pl\/wp-content\/uploads\/2025\/08\/Odbedzie-sie-w-poniedzialek-04.09.2023-r.-Autobus-z-Przyslopu-pojedzie-o-godz.-830.-O-godzinie-900-odprawiona-zostanie-Msza-Swieta-w-Kosciele-Parafialnym-w-Lubomierzu.-Nastepnie-na-sali-gimnastycz.png 2000w\" sizes=\"auto, (max-width: 1024px) 100vw, 1024px\" \/><\/a><\/p>\n","protected":false},"excerpt":{"rendered":"","protected":false},"author":1,"featured_media":0,"comment_status":"closed","ping_status":"open","sticky":false,"template":"","format":"standard","meta":{"ngg_post_thumbnail":0,"footnotes":""},"categories":[1],"tags":[],"class_list":["post-48780","post","type-post","status-publish","format-standard","hentry","category-uncategorized"],"_links":{"self":[{"href":"https:\/\/sp1lubomierz.pl\/index.php?rest_route=\/wp\/v2\/posts\/48780","targetHints":{"allow":["GET"]}}],"collection":[{"href":"https:\/\/sp1lubomierz.pl\/index.php?rest_route=\/wp\/v2\/posts"}],"about":[{"href":"https:\/\/sp1lubomierz.pl\/index.php?rest_route=\/wp\/v2\/types\/post"}],"author":[{"embeddable":true,"href":"https:\/\/sp1lubomierz.pl\/index.php?rest_route=\/wp\/v2\/users\/1"}],"replies":[{"embeddable":true,"href":"https:\/\/sp1lubomierz.pl\/index.php?rest_route=%2Fwp%2Fv2%2Fcomments&post=48780"}],"version-history":[{"count":1,"href":"https:\/\/sp1lubomierz.pl\/index.php?rest_route=\/wp\/v2\/posts\/48780\/revisions"}],"predecessor-version":[{"id":48782,"href":"https:\/\/sp1lubomierz.pl\/index.php?rest_route=\/wp\/v2\/posts\/48780\/revisions\/48782"}],"wp:attachment":[{"href":"https:\/\/sp1lubomierz.pl\/index.php?rest_route=%2Fwp%2Fv2%2Fmedia&parent=48780"}],"wp:term":[{"taxonomy":"category","embeddable":true,"href":"https:\/\/sp1lubomierz.pl\/index.php?rest_route=%2Fwp%2Fv2%2Fcategories&post=48780"},{"taxonomy":"post_tag","embeddable":true,"href":"https:\/\/sp1lubomierz.pl\/index.php?rest_route=%2Fwp%2Fv2%2Ftags&post=48780"}],"curies":[{"name":"wp","href":"https:\/\/api.w.org\/{rel}","templated":true}]}}