{"id":48793,"date":"2025-09-01T19:37:27","date_gmt":"2025-09-01T17:37:27","guid":{"rendered":"https:\/\/sp1lubomierz.pl\/?p=48793"},"modified":"2025-09-01T19:37:27","modified_gmt":"2025-09-01T17:37:27","slug":"rozpoczecie-roku-szkolnego-2025-2026","status":"publish","type":"post","link":"https:\/\/sp1lubomierz.pl\/?p=48793","title":{"rendered":"Rozpocz\u0119cie roku szkolnego 2025\/2026"},"content":{"rendered":"\n<p><a href=\"http:\/\/sp1lubomierz.pl\/wp-content\/uploads\/2025\/09\/DSCN1355-scaled.jpg\"><img loading=\"lazy\" decoding=\"async\" class=\"alignleft size-thumbnail wp-image-48790\" src=\"http:\/\/sp1lubomierz.pl\/wp-content\/uploads\/2025\/09\/DSCN1355-150x150.jpg\" alt=\"Pasowanie pierwszoklasist\u00f3w na uczni\u00f3w szko\u0142y podczas uroczysto\u015bci rozpocz\u0119cia roku w sali gimnastycznej.\" width=\"150\" height=\"150\"><\/a>W poniedzia\u0142ek, 1 wrze\u015bnia 2025 roku, mury naszej szko\u0142y wype\u0142ni\u0142y si\u0119 radosnym gwar\u0105 uczni\u00f3w, a korytarze tchn\u0119\u0142y atmosfer\u0105 wyj\u0105tkowego \u015bwi\u0119ta \u2013 uroczystego rozpocz\u0119cia nowego roku szkolnego. W powietrzu unosi\u0142a si\u0119 aura rado\u015bci i oczekiwania, a w\u015br\u00f3d uczestnik\u00f3w byli: Pani Dyrektor Jadwiga Baran-Sto\u017cek,&nbsp; Ojciec Proboszcz Marek Kustro\u0144, Grono Pedagogiczne, wszyscy pracownicy szko\u0142y, rodzice oraz oczywi\u015bcie uczniowie, kt\u00f3rzy z b\u0142yskiem ciekawo\u015bci w oczach stawili si\u0119 w szkolnych progach.<!--more--><\/p>\n<p>Tradycyjnie uroczysto\u015b\u0107 rozpocz\u0119\u0142a si\u0119 msz\u0105 \u015bwi\u0119t\u0105 w ko\u015bciele, w kt\u00f3rej wzi\u0119\u0142a udzia\u0142 ca\u0142a spo\u0142eczno\u015b\u0107 szkolna wraz z pocztem sztandarowym. Ojciec Proboszcz szczeg\u00f3lne s\u0142owa skierowa\u0142 do pierwszoklasist\u00f3w, kt\u00f3rych zaprosi\u0142 do prezbiterium, pob\u0142ogos\u0142awi\u0142, z\u0142o\u017cy\u0142 \u017cyczenia i gratulacje.<\/p>\n<p>Po powrocie do szko\u0142y rozpocz\u0119\u0142a si\u0119 cz\u0119\u015b\u0107 artystyczna. Ca\u0142o\u015b\u0107 prowadzi\u0142, Jan Dawiec (kl.VII), kt\u00f3ry na pocz\u0105tku przypomnia\u0142, \u017ce wrzesie\u0144, opr\u00f3cz ko\u0144ca wakacji i s\u0142onecznego babiego lata, niesie tak\u017ce pami\u0119\u0107 o wydarzeniach historycznych. 1 wrze\u015bnia 1939 roku rozpocz\u0119\u0142a si\u0119 II wojna \u015bwiatowa \u2013 dzie\u0144, kt\u00f3ry na zawsze odmieni\u0142 losy Polski i \u015bwiata. W duchu patriotycznym i &nbsp;refleksyjnym, dwie \u00f3smoklasistki: Maria Zasadni i Milena Ko\u0142odziejczyk, przepi\u0119knie wykona\u0142y utw\u00f3r \u201eGdzie mogi\u0142y z tamtych lat\u2026\u201d, przypominaj\u0105c zebranym o 86. rocznicy wybuchu II wojny \u015bwiatowej. Ich wyst\u0119p wzbudzi\u0142 wzruszenie i wprowadzi\u0142 chwil\u0119 zadumy.<\/p>\n<p>Najwa\u017cniejszym punktem dnia by\u0142o \u015blubowanie pierwszoklasist\u00f3w. Po wprowadzeniu pocztu sztandarowego i od\u015bpiewaniu hymnu pa\u0144stwowego mali uczniowie wyci\u0105gn\u0119li prawe r\u0119ce w&nbsp; stron\u0119 sztandaru i z\u0142o\u017cyli swoje pierwsze uczniowskie przyrzeczenia.<\/p>\n<p>Po \u015blubowaniu Pani Dyrektor dokona\u0142a pasowania na ucznia, a ka\u017cdy pierwszak otrzyma\u0142 legitymacj\u0119 szkoln\u0105, pami\u0105tkowy dyplom oraz drobny upominek, kt\u00f3re sta\u0142y si\u0119 symbolicznym znakiem przynale\u017cno\u015bci do szkolnej wsp\u00f3lnoty. Rado\u015b\u0107, duma i wzruszenie towarzyszy\u0142y ka\u017cdemu u\u015bmiechowi dzieci, a tak\u017ce rodzicom i nauczycielom.<\/p>\n<p>Uczniowie klas starszych, w szkolnym zespole wokalnym zaprezentowali autorsk\u0105 piosenk\u0119 \u201eDu\u017co mo\u017cesz, tylko chciej\u201d, kt\u00f3rej s\u0142owa i muzyka powsta\u0142y dzi\u0119ki p. Dorocie Wcis\u0142o. Utw\u00f3r porusza\u0142 serca, dodawa\u0142 odwagi i zach\u0119ca\u0142 do podejmowania nowych wyzwa\u0144. Kolejna, przygotowana specjalnie na t\u0119 okazj\u0119 piosenka \u201eOchoczo i weso\u0142o\u201d, nawi\u0105zywa\u0142a do has\u0142a dekoracji: <em>\u201eOchoczo i weso\u0142o witamy ci\u0119, szko\u0142o!\u201d<\/em>, i wprowadzi\u0142a pogodny i radosny nastr\u00f3j w&nbsp; ca\u0142ej sali.<\/p>\n<p>Prowadz\u0105cy uroczysto\u015b\u0107 przypomnia\u0142 tak\u017ce, \u017ce szko\u0142a to nie tylko miejsce nauki, ale r\u00f3wnie\u017c wsp\u00f3lnota przyjaznych relacji, wzajemnego szacunku, rozwijania talent\u00f3w i kreatywno\u015bci. Zach\u0119cono uczni\u00f3w do aktywnego udzia\u0142u w konkursach, olimpiadach i zawodach sportowych, aby imi\u0119 naszej szko\u0142y by\u0142o znane w ca\u0142ym powiecie i wojew\u00f3dztwie.<\/p>\n<p>Rozpocz\u0119cie roku szkolnego zako\u0144czy\u0142o si\u0119 rado\u015bci\u0105, entuzjazmem i wsp\u00f3lnym \u015bwi\u0119towaniem powrotu do szkolnych \u0142awek. Pierwszoklasi\u015bci wkroczyli do szko\u0142y pe\u0142ni ciekawo\u015bci i nadziei, gotowi stawia\u0107 pierwsze kroki w edukacyjnej przygodzie, kt\u00f3ra na d\u0142ugo pozostawi w ich sercach niezapomniane wspomnienia i poczucie przynale\u017cno\u015bci do wyj\u0105tkowej, szkolnej rodziny.<\/p>\n<p style=\"text-align: right;\">red. K. Wojtyczka<\/p>\n\n\t\t<style type=\"text\/css\">\n\t\t\t#gallery-1 {\n\t\t\t\tmargin: auto;\n\t\t\t}\n\t\t\t#gallery-1 .gallery-item {\n\t\t\t\tfloat: left;\n\t\t\t\tmargin-top: 10px;\n\t\t\t\ttext-align: center;\n\t\t\t\twidth: 33%;\n\t\t\t}\n\t\t\t#gallery-1 img {\n\t\t\t\tborder: 2px solid #cfcfcf;\n\t\t\t}\n\t\t\t#gallery-1 .gallery-caption {\n\t\t\t\tmargin-left: 0;\n\t\t\t}\n\t\t\t\/* see gallery_shortcode() in wp-includes\/media.php *\/\n\t\t<\/style>\n\t\t<div id='gallery-1' class='gallery galleryid-48793 gallery-columns-3 gallery-size-thumbnail'><dl class='gallery-item'>\n\t\t\t<dt class='gallery-icon landscape'>\n\t\t\t\t<a href='https:\/\/sp1lubomierz.pl\/wp-content\/uploads\/2025\/09\/DSCN1325-scaled.jpg'><img loading=\"lazy\" decoding=\"async\" width=\"150\" height=\"150\" src=\"https:\/\/sp1lubomierz.pl\/wp-content\/uploads\/2025\/09\/DSCN1325-150x150.jpg\" class=\"attachment-thumbnail size-thumbnail\" alt=\"\u201eUroczysto\u015b\u0107 rozpocz\u0119cia roku szkolnego w sali gimnastycznej, dekoracje patriotyczne i szkolne, ucze\u0144 przy m\u00f3wnicy.\u201d\" \/><\/a>\n\t\t\t<\/dt><\/dl><dl class='gallery-item'>\n\t\t\t<dt class='gallery-icon landscape'>\n\t\t\t\t<a href='https:\/\/sp1lubomierz.pl\/wp-content\/uploads\/2025\/09\/DSCN1339-scaled.jpg'><img loading=\"lazy\" decoding=\"async\" width=\"150\" height=\"150\" src=\"https:\/\/sp1lubomierz.pl\/wp-content\/uploads\/2025\/09\/DSCN1339-150x150.jpg\" class=\"attachment-thumbnail size-thumbnail\" alt=\"\u201ePoczet sztandarowy podczas rozpocz\u0119cia roku szkolnego, uczniowie w od\u015bwi\u0119tnych strojach na tle dekoracji.\u201d\" \/><\/a>\n\t\t\t<\/dt><\/dl><dl class='gallery-item'>\n\t\t\t<dt class='gallery-icon landscape'>\n\t\t\t\t<a href='https:\/\/sp1lubomierz.pl\/wp-content\/uploads\/2025\/09\/DSCN1340-scaled.jpg'><img loading=\"lazy\" decoding=\"async\" width=\"150\" height=\"150\" src=\"https:\/\/sp1lubomierz.pl\/wp-content\/uploads\/2025\/09\/DSCN1340-150x150.jpg\" class=\"attachment-thumbnail size-thumbnail\" alt=\"\u201eGrupa uczni\u00f3w w od\u015bwi\u0119tnych strojach stoi na sali gimnastycznej podczas akademii rozpocz\u0119cia roku szkolnego.\u201d\" \/><\/a>\n\t\t\t<\/dt><\/dl><br style=\"clear: both\" \/><dl class='gallery-item'>\n\t\t\t<dt class='gallery-icon landscape'>\n\t\t\t\t<a href='https:\/\/sp1lubomierz.pl\/wp-content\/uploads\/2025\/09\/DSCN1355-scaled.jpg'><img loading=\"lazy\" decoding=\"async\" width=\"150\" height=\"150\" src=\"https:\/\/sp1lubomierz.pl\/wp-content\/uploads\/2025\/09\/DSCN1355-150x150.jpg\" class=\"attachment-thumbnail size-thumbnail\" alt=\"Pasowanie pierwszoklasist\u00f3w na uczni\u00f3w szko\u0142y podczas uroczysto\u015bci rozpocz\u0119cia roku w sali gimnastycznej.\" \/><\/a>\n\t\t\t<\/dt><\/dl><dl class='gallery-item'>\n\t\t\t<dt class='gallery-icon landscape'>\n\t\t\t\t<a href='https:\/\/sp1lubomierz.pl\/wp-content\/uploads\/2025\/09\/DSCN1390-scaled.jpg'><img loading=\"lazy\" decoding=\"async\" width=\"150\" height=\"150\" src=\"https:\/\/sp1lubomierz.pl\/wp-content\/uploads\/2025\/09\/DSCN1390-150x150.jpg\" class=\"attachment-thumbnail size-thumbnail\" alt=\"\u201eWsp\u00f3lne zdj\u0119cie uczni\u00f3w klas pierwszych z rodzicami i wychowawcami po uroczysto\u015bci rozpocz\u0119cia roku szkolnego.\u201d\" \/><\/a>\n\t\t\t<\/dt><\/dl><dl class='gallery-item'>\n\t\t\t<dt class='gallery-icon landscape'>\n\t\t\t\t<a href='https:\/\/sp1lubomierz.pl\/wp-content\/uploads\/2025\/09\/DSCN1337-scaled.jpg'><img loading=\"lazy\" decoding=\"async\" width=\"150\" height=\"150\" src=\"https:\/\/sp1lubomierz.pl\/wp-content\/uploads\/2025\/09\/DSCN1337-150x150.jpg\" class=\"attachment-thumbnail size-thumbnail\" alt=\"\u201eRodzice, uczniowie i zaproszeni go\u015bcie siedz\u0105cy w sali gimnastycznej podczas akademii rozpocz\u0119cia roku.\u201d\" \/><\/a>\n\t\t\t<\/dt><\/dl><br style=\"clear: both\" \/>\n\t\t<\/div>\n\n<p>&nbsp;<\/p>\n","protected":false},"excerpt":{"rendered":"<p>W poniedzia\u0142ek, 1 wrze\u015bnia 2025 roku, mury naszej szko\u0142y wype\u0142ni\u0142y si\u0119 radosnym gwar\u0105 uczni\u00f3w, a korytarze tchn\u0119\u0142y atmosfer\u0105 wyj\u0105tkowego \u015bwi\u0119ta \u2013 uroczystego rozpocz\u0119cia nowego roku szkolnego. W powietrzu unosi\u0142a si\u0119 aura rado\u015bci i oczekiwania, a w\u015br\u00f3d uczestnik\u00f3w byli: Pani Dyrektor Jadwiga Baran-Sto\u017cek,&nbsp; Ojciec Proboszcz Marek Kustro\u0144, Grono Pedagogiczne, wszyscy pracownicy szko\u0142y, rodzice oraz oczywi\u015bcie uczniowie, [&hellip;]<\/p>\n","protected":false},"author":1,"featured_media":0,"comment_status":"closed","ping_status":"open","sticky":false,"template":"","format":"standard","meta":{"ngg_post_thumbnail":0,"footnotes":""},"categories":[1],"tags":[],"class_list":["post-48793","post","type-post","status-publish","format-standard","hentry","category-uncategorized"],"_links":{"self":[{"href":"https:\/\/sp1lubomierz.pl\/index.php?rest_route=\/wp\/v2\/posts\/48793","targetHints":{"allow":["GET"]}}],"collection":[{"href":"https:\/\/sp1lubomierz.pl\/index.php?rest_route=\/wp\/v2\/posts"}],"about":[{"href":"https:\/\/sp1lubomierz.pl\/index.php?rest_route=\/wp\/v2\/types\/post"}],"author":[{"embeddable":true,"href":"https:\/\/sp1lubomierz.pl\/index.php?rest_route=\/wp\/v2\/users\/1"}],"replies":[{"embeddable":true,"href":"https:\/\/sp1lubomierz.pl\/index.php?rest_route=%2Fwp%2Fv2%2Fcomments&post=48793"}],"version-history":[{"count":1,"href":"https:\/\/sp1lubomierz.pl\/index.php?rest_route=\/wp\/v2\/posts\/48793\/revisions"}],"predecessor-version":[{"id":48794,"href":"https:\/\/sp1lubomierz.pl\/index.php?rest_route=\/wp\/v2\/posts\/48793\/revisions\/48794"}],"wp:attachment":[{"href":"https:\/\/sp1lubomierz.pl\/index.php?rest_route=%2Fwp%2Fv2%2Fmedia&parent=48793"}],"wp:term":[{"taxonomy":"category","embeddable":true,"href":"https:\/\/sp1lubomierz.pl\/index.php?rest_route=%2Fwp%2Fv2%2Fcategories&post=48793"},{"taxonomy":"post_tag","embeddable":true,"href":"https:\/\/sp1lubomierz.pl\/index.php?rest_route=%2Fwp%2Fv2%2Ftags&post=48793"}],"curies":[{"name":"wp","href":"https:\/\/api.w.org\/{rel}","templated":true}]}}