{"id":48869,"date":"2025-09-29T08:38:16","date_gmt":"2025-09-29T06:38:16","guid":{"rendered":"https:\/\/sp1lubomierz.pl\/?p=48869"},"modified":"2026-01-22T20:09:30","modified_gmt":"2026-01-22T19:09:30","slug":"europejski-dzien-jezykow-obcych-w-naszej-szkole","status":"publish","type":"post","link":"https:\/\/sp1lubomierz.pl\/?p=48869","title":{"rendered":"Europejski Dzie\u0144 J\u0119zyk\u00f3w Obcych w naszej szkole"},"content":{"rendered":"<p><a href=\"http:\/\/sp1lubomierz.pl\/wp-content\/uploads\/2025\/09\/Dwie-dziewczyny-pozuja-do-zdjecia-w-dekoracyjnej-ramce-z-napisem-Europejski-Dzien-Jezykow-i-data-26-wrzesnia.-Obie-trzymaja-w-rekach-brytyjskie-flagi-i-napisy.-W-tle-widoczna-jest-mapa-swiata-scaled.jpg\"><img loading=\"lazy\" decoding=\"async\" class=\"alignleft size-thumbnail wp-image-48870\" src=\"http:\/\/sp1lubomierz.pl\/wp-content\/uploads\/2025\/09\/Dwie-dziewczyny-pozuja-do-zdjecia-w-dekoracyjnej-ramce-z-napisem-Europejski-Dzien-Jezykow-i-data-26-wrzesnia.-Obie-trzymaja-w-rekach-brytyjskie-flagi-i-napisy.-W-tle-widoczna-jest-mapa-swiata-150x150.jpg\" alt=\"Dwie dziewczyny pozuj\u0105 do zdj\u0119cia w dekoracyjnej ramce z napisem Europejski Dzie\u0144 J\u0119zyk\u00f3w i dat\u0105 26 wrze\u015bnia. Obie trzymaj\u0105 w r\u0119kach brytyjskie flagi i napisy. W tle widoczna jest mapa \u015bwiata.\" width=\"150\" height=\"150\"><\/a>26 wrze\u015bnia w Szkole Podstawowej im. \u015aw. J\u00f3zefa w Lubomierzu obchodzili\u015bmy Europejski Dzie\u0144 J\u0119zyk\u00f3w Obcych \u2013 wyj\u0105tkowe wydarzenie, kt\u00f3re przypomina, jak wa\u017cn\u0105 rol\u0119 pe\u0142ni\u0105 j\u0119zyki w budowaniu wi\u0119zi mi\u0119dzy lud\u017ami i kulturami. To by\u0142 dzie\u0144 pe\u0142en zabawy, nauki i integracji, w kt\u00f3ry zaanga\u017cowani byli uczniowie, nauczyciel geografii oraz nauczyciel j\u0119zyk\u00f3w obcych. G\u0142\u00f3wnym celem wydarzenia by\u0142o rozbudzenie ciekawo\u015bci uczni\u00f3w wobec j\u0119zyk\u00f3w obcych i kultur innych narod\u00f3w, a tak\u017ce u\u015bwiadomienie, jak wielk\u0105 rol\u0119 odgrywaj\u0105 j\u0119zyki w codziennym \u017cyciu i przysz\u0142o\u015bci zawodowej. Wa\u017cnym aspektem by\u0142o r\u00f3wnie\u017c rozwijanie otwarto\u015bci, empatii i szacunku wobec r\u00f3\u017cnorodno\u015bci.<!--more-->Na dolnym korytarzu przygotowano specjaln\u0105 stref\u0119 j\u0119zykow\u0105 \u2013 k\u0105cik powita\u0144 \u015bwiata oraz j\u0119zykow\u0105 fotobudk\u0119. Uczniowie odwiedzaj\u0105cy pi\u0119\u0107 stanowisk: angielskie, niemieckie, hiszpa\u0144skie, w\u0142oskie i francuskie, mogli przywita\u0107 si\u0119 w obcym j\u0119zyku, dowiedzie\u0107 si\u0119 ciekawostek kulturowych oraz obejrze\u0107 tablic\u0119 \u201eJak powiedzie\u0107 cze\u015b\u0107 na \u015bwiecie?\u201d, na kt\u00f3rej umieszczono flagi i wymow\u0119 powita\u0144. Nauczyciele zach\u0119cali uczni\u00f3w do rozm\u00f3w o tym, jak r\u00f3\u017cnorodno\u015b\u0107 j\u0119zykowa buduje wzajemny szacunek.<br \/>\nNie zabrak\u0142o tak\u017ce atrakcji w postaci fotobudki z map\u0105 \u015bwiata w tle. Uczniowie ch\u0119tnie robili sobie zdj\u0119cia z gad\u017cetami i tabliczkami z napisami w r\u00f3\u017cnych j\u0119zykach, takimi jak \u201eBonjour!\u201d, \u201eHello!\u201d czy \u201eHola!\u201d. Du\u017cym zainteresowaniem cieszy\u0142 si\u0119 r\u00f3wnie\u017c quiz \u201eZgadnij, jaki to j\u0119zyk\u201d, w kt\u00f3rym uczestnicy s\u0142uchali kr\u00f3tkich nagra\u0144 i pr\u00f3bowali odgadn\u0105\u0107, sk\u0105d pochodzi dany j\u0119zyk. Najlepszym wr\u0119czono drobne upominki.<br \/>\nW czasie przerw szkolne korytarze wype\u0142nia\u0142a muzyka \u015bwiata. Z g\u0142o\u015bnik\u00f3w p\u0142yn\u0119\u0142y utwory w r\u00f3\u017cnych j\u0119zykach, dzi\u0119ki czemu uczniowie mogli poczu\u0107 atmosfer\u0119 wielokulturowo\u015bci i otwarto\u015bci na inne tradycje.<br \/>\nEuropejski Dzie\u0144 J\u0119zyk\u00f3w Obcych by\u0142 dla ca\u0142ej spo\u0142eczno\u015bci szkolnej inspiruj\u0105cym do\u015bwiadczeniem, kt\u00f3re udowodni\u0142o, \u017ce nauka j\u0119zyk\u00f3w to nie tylko obowi\u0105zek szkolny, lecz tak\u017ce fascynuj\u0105ca przygoda, otwieraj\u0105ca drzwi do poznawania \u015bwiata i ludzi.<\/p>\n<p style=\"text-align: right;\">red. K. Chodarcewicz<br \/>\nN. Kuziel<\/p>\n\n\t\t<style type=\"text\/css\">\n\t\t\t#gallery-1 {\n\t\t\t\tmargin: auto;\n\t\t\t}\n\t\t\t#gallery-1 .gallery-item {\n\t\t\t\tfloat: left;\n\t\t\t\tmargin-top: 10px;\n\t\t\t\ttext-align: center;\n\t\t\t\twidth: 33%;\n\t\t\t}\n\t\t\t#gallery-1 img {\n\t\t\t\tborder: 2px solid #cfcfcf;\n\t\t\t}\n\t\t\t#gallery-1 .gallery-caption {\n\t\t\t\tmargin-left: 0;\n\t\t\t}\n\t\t\t\/* see gallery_shortcode() in wp-includes\/media.php *\/\n\t\t<\/style>\n\t\t<div id='gallery-1' class='gallery galleryid-48869 gallery-columns-3 gallery-size-thumbnail'><dl class='gallery-item'>\n\t\t\t<dt class='gallery-icon portrait'>\n\t\t\t\t<a href='https:\/\/sp1lubomierz.pl\/wp-content\/uploads\/2025\/09\/Dwie-dziewczyny-pozuja-do-zdjecia-w-dekoracyjnej-ramce-z-napisem-Europejski-Dzien-Jezykow-i-data-26-wrzesnia.-Obie-trzymaja-w-rekach-brytyjskie-flagi-i-napisy.-W-tle-widoczna-jest-mapa-swiata-1-scaled.jpg'><img loading=\"lazy\" decoding=\"async\" width=\"150\" height=\"150\" src=\"https:\/\/sp1lubomierz.pl\/wp-content\/uploads\/2025\/09\/Dwie-dziewczyny-pozuja-do-zdjecia-w-dekoracyjnej-ramce-z-napisem-Europejski-Dzien-Jezykow-i-data-26-wrzesnia.-Obie-trzymaja-w-rekach-brytyjskie-flagi-i-napisy.-W-tle-widoczna-jest-mapa-swiata-1-150x150.jpg\" class=\"attachment-thumbnail size-thumbnail\" alt=\"Dwie dziewczyny pozuj\u0105 do zdj\u0119cia w dekoracyjnej ramce z napisem Europejski Dzie\u0144 J\u0119zyk\u00f3w i dat\u0105 26 wrze\u015bnia. Obie trzymaj\u0105 w r\u0119kach brytyjskie flagi i napisy. W tle widoczna jest mapa \u015bwiata.\" \/><\/a>\n\t\t\t<\/dt><\/dl><dl class='gallery-item'>\n\t\t\t<dt class='gallery-icon portrait'>\n\t\t\t\t<a href='https:\/\/sp1lubomierz.pl\/wp-content\/uploads\/2025\/09\/Dwie-dziewczyny-pozuja-do-zdjecia-w-dekoracyjnej-ramce-z-napisem-Europejski-Dzien-Jezykow-i-data-26-wrzesnia.-Obie-trzymaja-w-rekach-brytyjskie-flagi.-W-tle-widoczna-jest-mapa-swiata-scaled.jpg'><img loading=\"lazy\" decoding=\"async\" width=\"150\" height=\"150\" src=\"https:\/\/sp1lubomierz.pl\/wp-content\/uploads\/2025\/09\/Dwie-dziewczyny-pozuja-do-zdjecia-w-dekoracyjnej-ramce-z-napisem-Europejski-Dzien-Jezykow-i-data-26-wrzesnia.-Obie-trzymaja-w-rekach-brytyjskie-flagi.-W-tle-widoczna-jest-mapa-swiata-150x150.jpg\" class=\"attachment-thumbnail size-thumbnail\" alt=\"Dwie dziewczyny pozuj\u0105 do zdj\u0119cia w dekoracyjnej ramce z napisem Europejski Dzie\u0144 J\u0119zyk\u00f3w i dat\u0105 26 wrze\u015bnia. Obie trzymaj\u0105 w r\u0119kach brytyjskie flagi. W tle widoczna jest mapa \u015bwiata.\" \/><\/a>\n\t\t\t<\/dt><\/dl><dl class='gallery-item'>\n\t\t\t<dt class='gallery-icon portrait'>\n\t\t\t\t<a href='https:\/\/sp1lubomierz.pl\/wp-content\/uploads\/2025\/09\/Dwie-dziewczyny-pozuja-do-zdjecia-w-dekoracyjnej-ramce-z-napisem-Europejski-Dzien-Jezykow-i-data-26-wrzesnia.-Obie-trzymaja-w-rekach-wloskie-flagi.-W-tle-widoczna-jest-mapa-swiata-scaled.jpg'><img loading=\"lazy\" decoding=\"async\" width=\"150\" height=\"150\" src=\"https:\/\/sp1lubomierz.pl\/wp-content\/uploads\/2025\/09\/Dwie-dziewczyny-pozuja-do-zdjecia-w-dekoracyjnej-ramce-z-napisem-Europejski-Dzien-Jezykow-i-data-26-wrzesnia.-Obie-trzymaja-w-rekach-wloskie-flagi.-W-tle-widoczna-jest-mapa-swiata-150x150.jpg\" class=\"attachment-thumbnail size-thumbnail\" alt=\"Dwie dziewczyny pozuj\u0105 do zdj\u0119cia w dekoracyjnej ramce z napisem Europejski Dzie\u0144 J\u0119zyk\u00f3w i dat\u0105 26 wrze\u015bnia. Obie trzymaj\u0105 w r\u0119kach w\u0142oskie flagi. W tle widoczna jest mapa \u015bwiata.\" \/><\/a>\n\t\t\t<\/dt><\/dl><br style=\"clear: both\" \/><dl class='gallery-item'>\n\t\t\t<dt class='gallery-icon portrait'>\n\t\t\t\t<a href='https:\/\/sp1lubomierz.pl\/wp-content\/uploads\/2025\/09\/Dwie-dziewczyny-pozuja-do-zdjecia-w-dekoracyjnej-ramce-z-napisem-Europejski-Dzien-Jezykow-i-data-26-wrzesnia.-W-tle-widoczna-jest-dekoracja-zwiazana-z-dniem-jezykow-scaled.jpg'><img loading=\"lazy\" decoding=\"async\" width=\"150\" height=\"150\" src=\"https:\/\/sp1lubomierz.pl\/wp-content\/uploads\/2025\/09\/Dwie-dziewczyny-pozuja-do-zdjecia-w-dekoracyjnej-ramce-z-napisem-Europejski-Dzien-Jezykow-i-data-26-wrzesnia.-W-tle-widoczna-jest-dekoracja-zwiazana-z-dniem-jezykow-150x150.jpg\" class=\"attachment-thumbnail size-thumbnail\" alt=\"Dwie dziewczyny pozuj\u0105 do zdj\u0119cia w dekoracyjnej ramce z napisem Europejski Dzie\u0144 J\u0119zyk\u00f3w i dat\u0105 26 wrze\u015bnia. W tle widoczna jest dekoracja zwi\u0105zana z dniem j\u0119zyk\u00f3w.\" \/><\/a>\n\t\t\t<\/dt><\/dl><dl class='gallery-item'>\n\t\t\t<dt class='gallery-icon portrait'>\n\t\t\t\t<a href='https:\/\/sp1lubomierz.pl\/wp-content\/uploads\/2025\/09\/Dwie-dziewczyny-pozuja-do-zdjecia-w-dekoracyjnej-ramce-z-napisem-Europejski-Dzien-Jezykow.-Trzymaja-w-rekach-flage-niemiecka-i-wloska.-W-tle-widoczna-jest-dekoracja-zwiazana-z-dniem-jezykow-i-sztandar-scaled.jpg'><img loading=\"lazy\" decoding=\"async\" width=\"150\" height=\"150\" src=\"https:\/\/sp1lubomierz.pl\/wp-content\/uploads\/2025\/09\/Dwie-dziewczyny-pozuja-do-zdjecia-w-dekoracyjnej-ramce-z-napisem-Europejski-Dzien-Jezykow.-Trzymaja-w-rekach-flage-niemiecka-i-wloska.-W-tle-widoczna-jest-dekoracja-zwiazana-z-dniem-jezykow-i-sztandar-150x150.jpg\" class=\"attachment-thumbnail size-thumbnail\" alt=\"Dwie dziewczyny pozuj\u0105 do zdj\u0119cia w dekoracyjnej ramce z napisem Europejski Dzie\u0144 J\u0119zyk\u00f3w. Trzymaj\u0105 w r\u0119kach flag\u0119 niemieck\u0105 i w\u0142osk\u0105. W tle widoczna jest dekoracja zwi\u0105zana z dniem j\u0119zyk\u00f3w i sztandar.\" \/><\/a>\n\t\t\t<\/dt><\/dl><dl class='gallery-item'>\n\t\t\t<dt class='gallery-icon portrait'>\n\t\t\t\t<a href='https:\/\/sp1lubomierz.pl\/wp-content\/uploads\/2025\/09\/Dwoje-dzieci-pozuje-do-zdjecia-w-dekoracyjnej-ramce-z-napisem-Europejski-Dzien-Jezykow-i-data-26-wrzesnia.-Oboje-trzymaja-w-rekach-francuskie-flagi.-W-tle-widoczna-jest-mapa-swiata-scaled.jpg'><img loading=\"lazy\" decoding=\"async\" width=\"150\" height=\"150\" src=\"https:\/\/sp1lubomierz.pl\/wp-content\/uploads\/2025\/09\/Dwoje-dzieci-pozuje-do-zdjecia-w-dekoracyjnej-ramce-z-napisem-Europejski-Dzien-Jezykow-i-data-26-wrzesnia.-Oboje-trzymaja-w-rekach-francuskie-flagi.-W-tle-widoczna-jest-mapa-swiata-150x150.jpg\" class=\"attachment-thumbnail size-thumbnail\" alt=\"Dwoje dzieci pozuje do zdj\u0119cia w dekoracyjnej ramce z napisem Europejski Dzie\u0144 J\u0119zyk\u00f3w i dat\u0105 26 wrze\u015bnia. Oboje trzymaj\u0105 w r\u0119kach francuskie flagi. W tle widoczna jest mapa \u015bwiata.\" \/><\/a>\n\t\t\t<\/dt><\/dl><br style=\"clear: both\" \/><dl class='gallery-item'>\n\t\t\t<dt class='gallery-icon portrait'>\n\t\t\t\t<a href='https:\/\/sp1lubomierz.pl\/wp-content\/uploads\/2025\/09\/Dwoch-chlopcow-pozuje-do-zdjecia-w-dekoracyjnej-ramce-z-napisem-Europejski-Dzien-Jezykow-i-data-26-wrzesnia.-Oboje-trzymaja-w-rekach-brytyjskie-flagi.-W-tle-widoczna-jest-mapa-swiata-scaled.jpg'><img loading=\"lazy\" decoding=\"async\" width=\"150\" height=\"150\" src=\"https:\/\/sp1lubomierz.pl\/wp-content\/uploads\/2025\/09\/Dwoch-chlopcow-pozuje-do-zdjecia-w-dekoracyjnej-ramce-z-napisem-Europejski-Dzien-Jezykow-i-data-26-wrzesnia.-Oboje-trzymaja-w-rekach-brytyjskie-flagi.-W-tle-widoczna-jest-mapa-swiata-150x150.jpg\" class=\"attachment-thumbnail size-thumbnail\" alt=\"Dw\u00f3ch ch\u0142opc\u00f3w pozuje do zdj\u0119cia w dekoracyjnej ramce z napisem Europejski Dzie\u0144 J\u0119zyk\u00f3w i dat\u0105 26 wrze\u015bnia. Oboje trzymaj\u0105 w r\u0119kach brytyjskie flagi. W tle widoczna jest mapa \u015bwiata.\" \/><\/a>\n\t\t\t<\/dt><\/dl><dl class='gallery-item'>\n\t\t\t<dt class='gallery-icon portrait'>\n\t\t\t\t<a href='https:\/\/sp1lubomierz.pl\/wp-content\/uploads\/2025\/09\/Dwoch-chlopcow-pozuje-do-zdjecia-w-dekoracyjnej-ramce-z-napisem-Europejski-Dzien-Jezykow-i-data-26-wrzesnia.-Oboje-trzymaja-w-rekach-brytyjskie-flagi.-W-tle-widoczna-jest-mapa-swiata-1-scaled.jpg'><img loading=\"lazy\" decoding=\"async\" width=\"150\" height=\"150\" src=\"https:\/\/sp1lubomierz.pl\/wp-content\/uploads\/2025\/09\/Dwoch-chlopcow-pozuje-do-zdjecia-w-dekoracyjnej-ramce-z-napisem-Europejski-Dzien-Jezykow-i-data-26-wrzesnia.-Oboje-trzymaja-w-rekach-brytyjskie-flagi.-W-tle-widoczna-jest-mapa-swiata-1-150x150.jpg\" class=\"attachment-thumbnail size-thumbnail\" alt=\"Dw\u00f3ch ch\u0142opc\u00f3w pozuje do zdj\u0119cia w dekoracyjnej ramce z napisem Europejski Dzie\u0144 J\u0119zyk\u00f3w i dat\u0105 26 wrze\u015bnia. Oboje trzymaj\u0105 w r\u0119kach brytyjskie flagi.. W tle widoczna jest mapa \u015bwiata.\" \/><\/a>\n\t\t\t<\/dt><\/dl><dl class='gallery-item'>\n\t\t\t<dt class='gallery-icon portrait'>\n\t\t\t\t<a href='https:\/\/sp1lubomierz.pl\/wp-content\/uploads\/2025\/09\/Dwoch-chlopcow-pozuje-do-zdjecia-w-dekoracyjnej-ramce-z-napisem-Europejski-Dzien-Jezykow-i-data-26-wrzesnia.-Oboje-trzymaja-w-rekach-niemieckie-flagi.-W-tle-widoczna-jest-mapa-swiata-scaled.jpg'><img loading=\"lazy\" decoding=\"async\" width=\"150\" height=\"150\" src=\"https:\/\/sp1lubomierz.pl\/wp-content\/uploads\/2025\/09\/Dwoch-chlopcow-pozuje-do-zdjecia-w-dekoracyjnej-ramce-z-napisem-Europejski-Dzien-Jezykow-i-data-26-wrzesnia.-Oboje-trzymaja-w-rekach-niemieckie-flagi.-W-tle-widoczna-jest-mapa-swiata-150x150.jpg\" class=\"attachment-thumbnail size-thumbnail\" alt=\"Dw\u00f3ch ch\u0142opc\u00f3w pozuje do zdj\u0119cia w dekoracyjnej ramce z napisem Europejski Dzie\u0144 J\u0119zyk\u00f3w i dat\u0105 26 wrze\u015bnia. Oboje trzymaj\u0105 w r\u0119kach niemieckie flagi. W tle widoczna jest mapa \u015bwiata.\" \/><\/a>\n\t\t\t<\/dt><\/dl><br style=\"clear: both\" \/><dl class='gallery-item'>\n\t\t\t<dt class='gallery-icon portrait'>\n\t\t\t\t<a href='https:\/\/sp1lubomierz.pl\/wp-content\/uploads\/2025\/09\/Dziewczyna-i-nauczycielka-pozuja-do-zdjecia-w-dekoracyjnej-ramce-z-napisem-Europejski-Dzien-Jezykow-i-data-26-wrzesnia.-W-tle-widoczna-jest-dekoracja-zwiazana-z-dniem-jezykow-i-sztandar-scaled.jpg'><img loading=\"lazy\" decoding=\"async\" width=\"150\" height=\"150\" src=\"https:\/\/sp1lubomierz.pl\/wp-content\/uploads\/2025\/09\/Dziewczyna-i-nauczycielka-pozuja-do-zdjecia-w-dekoracyjnej-ramce-z-napisem-Europejski-Dzien-Jezykow-i-data-26-wrzesnia.-W-tle-widoczna-jest-dekoracja-zwiazana-z-dniem-jezykow-i-sztandar-150x150.jpg\" class=\"attachment-thumbnail size-thumbnail\" alt=\"Dziewczyna i nauczycielka pozuj\u0105 do zdj\u0119cia w dekoracyjnej ramce z napisem Europejski Dzie\u0144 J\u0119zyk\u00f3w i dat\u0105 26 wrze\u015bnia. W tle widoczna jest dekoracja zwi\u0105zana z dniem j\u0119zyk\u00f3w i sztandar.\" \/><\/a>\n\t\t\t<\/dt><\/dl><dl class='gallery-item'>\n\t\t\t<dt class='gallery-icon portrait'>\n\t\t\t\t<a href='https:\/\/sp1lubomierz.pl\/wp-content\/uploads\/2025\/09\/Jeden-chlopiec-pozuje-do-zdjecia-w-dekoracyjnej-ramce-z-napisem-Europejski-Dzien-Jezykow-i-data-26-wrzesnia.-Trzyma-w-rece-niemiecka-flage.-W-tle-widoczna-jest-mapa-swiata-scaled.jpg'><img loading=\"lazy\" decoding=\"async\" width=\"150\" height=\"150\" src=\"https:\/\/sp1lubomierz.pl\/wp-content\/uploads\/2025\/09\/Jeden-chlopiec-pozuje-do-zdjecia-w-dekoracyjnej-ramce-z-napisem-Europejski-Dzien-Jezykow-i-data-26-wrzesnia.-Trzyma-w-rece-niemiecka-flage.-W-tle-widoczna-jest-mapa-swiata-150x150.jpg\" class=\"attachment-thumbnail size-thumbnail\" alt=\"Jeden ch\u0142opiec pozuje do zdj\u0119cia w dekoracyjnej ramce z napisem Europejski Dzie\u0144 J\u0119zyk\u00f3w i dat\u0105 26 wrze\u015bnia. Trzyma w r\u0119ce niemieck\u0105 flag\u0119. W tle widoczna jest mapa \u015bwiata.\" \/><\/a>\n\t\t\t<\/dt><\/dl><dl class='gallery-item'>\n\t\t\t<dt class='gallery-icon portrait'>\n\t\t\t\t<a href='https:\/\/sp1lubomierz.pl\/wp-content\/uploads\/2025\/09\/Jeden-chlopiec-pozuje-do-zdjecia-w-dekoracyjnej-ramce-z-napisem-Europejski-Dzien-Jezykow-i-data-26-wrzesnia.-Trzyma-w-rece-niemiecka-flage.-W-tle-widoczna-jest-mapa-swiata-1-scaled.jpg'><img loading=\"lazy\" decoding=\"async\" width=\"150\" height=\"150\" src=\"https:\/\/sp1lubomierz.pl\/wp-content\/uploads\/2025\/09\/Jeden-chlopiec-pozuje-do-zdjecia-w-dekoracyjnej-ramce-z-napisem-Europejski-Dzien-Jezykow-i-data-26-wrzesnia.-Trzyma-w-rece-niemiecka-flage.-W-tle-widoczna-jest-mapa-swiata-1-150x150.jpg\" class=\"attachment-thumbnail size-thumbnail\" alt=\"Jeden ch\u0142opiec pozuje do zdj\u0119cia w dekoracyjnej ramce z napisem Europejski Dzie\u0144 J\u0119zyk\u00f3w i dat\u0105 26 wrze\u015bnia.. Trzyma w r\u0119ce niemieck\u0105 flag\u0119. W tle widoczna jest mapa \u015bwiata.\" \/><\/a>\n\t\t\t<\/dt><\/dl><br style=\"clear: both\" \/><dl class='gallery-item'>\n\t\t\t<dt class='gallery-icon portrait'>\n\t\t\t\t<a href='https:\/\/sp1lubomierz.pl\/wp-content\/uploads\/2025\/09\/Jedna-dziewczyna-pozuje-do-zdjecia-w-dekoracyjnej-ramce-z-napisem-Europejski-Dzien-Jezykow-i-data-26-wrzesnia.-Trzyma-w-rece-brytyjska-flage-i-napis-Ciao.-W-tle-widoczna-jest-mapa-swiata-scaled.jpg'><img loading=\"lazy\" decoding=\"async\" width=\"150\" height=\"150\" src=\"https:\/\/sp1lubomierz.pl\/wp-content\/uploads\/2025\/09\/Jedna-dziewczyna-pozuje-do-zdjecia-w-dekoracyjnej-ramce-z-napisem-Europejski-Dzien-Jezykow-i-data-26-wrzesnia.-Trzyma-w-rece-brytyjska-flage-i-napis-Ciao.-W-tle-widoczna-jest-mapa-swiata-150x150.jpg\" class=\"attachment-thumbnail size-thumbnail\" alt=\"Jedna dziewczyna pozuje do zdj\u0119cia w dekoracyjnej ramce z napisem Europejski Dzie\u0144 J\u0119zyk\u00f3w i dat\u0105 26 wrze\u015bnia. Trzyma w r\u0119ce brytyjsk\u0105 flag\u0119 i napis Ciao. W tle widoczna jest mapa \u015bwiata.\" \/><\/a>\n\t\t\t<\/dt><\/dl><dl class='gallery-item'>\n\t\t\t<dt class='gallery-icon landscape'>\n\t\t\t\t<a href='https:\/\/sp1lubomierz.pl\/wp-content\/uploads\/2025\/09\/Korytarz-jest-przystrojony-flagami-roznych-panstw-z-okazji-Dnia-Jezykow-Obcych.-Jest-5-stanowisk-z-jezykiem-francuskim-niemieckim-angielskim-wloskim-i-hiszpanskim-scaled.jpg'><img loading=\"lazy\" decoding=\"async\" width=\"150\" height=\"150\" src=\"https:\/\/sp1lubomierz.pl\/wp-content\/uploads\/2025\/09\/Korytarz-jest-przystrojony-flagami-roznych-panstw-z-okazji-Dnia-Jezykow-Obcych.-Jest-5-stanowisk-z-jezykiem-francuskim-niemieckim-angielskim-wloskim-i-hiszpanskim-150x150.jpg\" class=\"attachment-thumbnail size-thumbnail\" alt=\"Korytarz jest przystrojony flagami r\u00f3\u017cnych pa\u0144stw z okazji Dnia J\u0119zyk\u00f3w Obcych. Jest 5 stanowisk z j\u0119zykiem francuskim, niemieckim, angielskim, w\u0142oskim i hiszpa\u0144skim.\" \/><\/a>\n\t\t\t<\/dt><\/dl><dl class='gallery-item'>\n\t\t\t<dt class='gallery-icon portrait'>\n\t\t\t\t<a href='https:\/\/sp1lubomierz.pl\/wp-content\/uploads\/2025\/09\/Stanowisko-angielskie.-Dziewczyna-i-chlopiec-stoja-za-stolikiem-udekorowanym-flaga-Wielkiej-Brytanii-i-napisem-English.-Na-stole-rozlozone-sa-flagi-ulotki-i-materialy-promujace-jezyk-angielski-scaled.jpg'><img loading=\"lazy\" decoding=\"async\" width=\"150\" height=\"150\" src=\"https:\/\/sp1lubomierz.pl\/wp-content\/uploads\/2025\/09\/Stanowisko-angielskie.-Dziewczyna-i-chlopiec-stoja-za-stolikiem-udekorowanym-flaga-Wielkiej-Brytanii-i-napisem-English.-Na-stole-rozlozone-sa-flagi-ulotki-i-materialy-promujace-jezyk-angielski-150x150.jpg\" class=\"attachment-thumbnail size-thumbnail\" alt=\"Stanowisko angielskie. Dziewczyna i ch\u0142opiec stoj\u0105 za stolikiem udekorowanym flag\u0105 Wielkiej Brytanii i napisem English. Na stole roz\u0142o\u017cone s\u0105 flagi ulotki i materia\u0142y promuj\u0105ce j\u0119zyk angielski.\" \/><\/a>\n\t\t\t<\/dt><\/dl><br style=\"clear: both\" \/><dl class='gallery-item'>\n\t\t\t<dt class='gallery-icon portrait'>\n\t\t\t\t<a href='https:\/\/sp1lubomierz.pl\/wp-content\/uploads\/2025\/09\/Trzy-dziewczyny-pozuja-do-zdjecia-w-dekoracyjnej-ramce-z-napisem-Europejski-Dzien-Jezykow-i-data-26-wrzesnia.-Trzymaja-w-rekach-flagi-Wielkiej-Brytanii-i-Francji.-W-tle-widoczna-jest-mapa-swiata-scaled.jpg'><img loading=\"lazy\" decoding=\"async\" width=\"150\" height=\"150\" src=\"https:\/\/sp1lubomierz.pl\/wp-content\/uploads\/2025\/09\/Trzy-dziewczyny-pozuja-do-zdjecia-w-dekoracyjnej-ramce-z-napisem-Europejski-Dzien-Jezykow-i-data-26-wrzesnia.-Trzymaja-w-rekach-flagi-Wielkiej-Brytanii-i-Francji.-W-tle-widoczna-jest-mapa-swiata-150x150.jpg\" class=\"attachment-thumbnail size-thumbnail\" alt=\"Trzy dziewczyny pozuj\u0105 do zdj\u0119cia w dekoracyjnej ramce z napisem Europejski Dzie\u0144 J\u0119zyk\u00f3w i dat\u0105 26 wrze\u015bnia. Trzymaj\u0105 w r\u0119kach flagi Wielkiej Brytanii i Francji. W tle widoczna jest mapa \u015bwiata.\" \/><\/a>\n\t\t\t<\/dt><\/dl><dl class='gallery-item'>\n\t\t\t<dt class='gallery-icon portrait'>\n\t\t\t\t<a href='https:\/\/sp1lubomierz.pl\/wp-content\/uploads\/2025\/09\/Trzy-dziewczyny-pozuja-do-zdjecia-w-dekoracyjnej-ramce-z-napisem-Europejski-Dzien-Jezykow.-Jedna-trzy-ma-w-rece-flage-Niemiec-a-dwie-napisy-w-roznych-jezykach.-W-tle-widoczna-jest-mapa-swiata-scaled.jpg'><img loading=\"lazy\" decoding=\"async\" width=\"150\" height=\"150\" src=\"https:\/\/sp1lubomierz.pl\/wp-content\/uploads\/2025\/09\/Trzy-dziewczyny-pozuja-do-zdjecia-w-dekoracyjnej-ramce-z-napisem-Europejski-Dzien-Jezykow.-Jedna-trzy-ma-w-rece-flage-Niemiec-a-dwie-napisy-w-roznych-jezykach.-W-tle-widoczna-jest-mapa-swiata-150x150.jpg\" class=\"attachment-thumbnail size-thumbnail\" alt=\"Trzy dziewczyny pozuj\u0105 do zdj\u0119cia w dekoracyjnej ramce z napisem Europejski Dzie\u0144 J\u0119zyk\u00f3w. Jedna trzy ma w r\u0119ce flag\u0119 Niemiec, a dwie napisy w r\u00f3\u017cnych j\u0119zykach. W tle widoczna jest mapa \u015bwiata.\" \/><\/a>\n\t\t\t<\/dt><\/dl><dl class='gallery-item'>\n\t\t\t<dt class='gallery-icon portrait'>\n\t\t\t\t<a href='https:\/\/sp1lubomierz.pl\/wp-content\/uploads\/2025\/09\/img.jpg'><img loading=\"lazy\" decoding=\"async\" width=\"150\" height=\"150\" src=\"https:\/\/sp1lubomierz.pl\/wp-content\/uploads\/2025\/09\/img-150x150.jpg\" class=\"attachment-thumbnail size-thumbnail\" alt=\"Dwie nauczycielki pozuj\u0105 do zdj\u0119cia w dekoracyjnej ramce z napisem Europejski Dzie\u0144 J\u0119zyk\u00f3w i dat\u0105 26 wrze\u015bnia. Jedna trzyma w r\u0119ce niemieck\u0105 flag\u0119, a druga napis teacher. W tle widoczna jest mapa \u015bwiata.\" \/><\/a>\n\t\t\t<\/dt><\/dl><br style=\"clear: both\" \/>\n\t\t<\/div>\n\n<p style=\"text-align: right;\">&nbsp;<\/p>\n","protected":false},"excerpt":{"rendered":"<p>26 wrze\u015bnia w Szkole Podstawowej im. \u015aw. J\u00f3zefa w Lubomierzu obchodzili\u015bmy Europejski Dzie\u0144 J\u0119zyk\u00f3w Obcych \u2013 wyj\u0105tkowe wydarzenie, kt\u00f3re przypomina, jak wa\u017cn\u0105 rol\u0119 pe\u0142ni\u0105 j\u0119zyki w budowaniu wi\u0119zi mi\u0119dzy lud\u017ami i kulturami. To by\u0142 dzie\u0144 pe\u0142en zabawy, nauki i integracji, w kt\u00f3ry zaanga\u017cowani byli uczniowie, nauczyciel geografii oraz nauczyciel j\u0119zyk\u00f3w obcych. G\u0142\u00f3wnym celem wydarzenia by\u0142o [&hellip;]<\/p>\n","protected":false},"author":1,"featured_media":0,"comment_status":"closed","ping_status":"open","sticky":false,"template":"","format":"standard","meta":{"ngg_post_thumbnail":0,"footnotes":""},"categories":[1],"tags":[],"class_list":["post-48869","post","type-post","status-publish","format-standard","hentry","category-uncategorized"],"_links":{"self":[{"href":"https:\/\/sp1lubomierz.pl\/index.php?rest_route=\/wp\/v2\/posts\/48869","targetHints":{"allow":["GET"]}}],"collection":[{"href":"https:\/\/sp1lubomierz.pl\/index.php?rest_route=\/wp\/v2\/posts"}],"about":[{"href":"https:\/\/sp1lubomierz.pl\/index.php?rest_route=\/wp\/v2\/types\/post"}],"author":[{"embeddable":true,"href":"https:\/\/sp1lubomierz.pl\/index.php?rest_route=\/wp\/v2\/users\/1"}],"replies":[{"embeddable":true,"href":"https:\/\/sp1lubomierz.pl\/index.php?rest_route=%2Fwp%2Fv2%2Fcomments&post=48869"}],"version-history":[{"count":3,"href":"https:\/\/sp1lubomierz.pl\/index.php?rest_route=\/wp\/v2\/posts\/48869\/revisions"}],"predecessor-version":[{"id":49255,"href":"https:\/\/sp1lubomierz.pl\/index.php?rest_route=\/wp\/v2\/posts\/48869\/revisions\/49255"}],"wp:attachment":[{"href":"https:\/\/sp1lubomierz.pl\/index.php?rest_route=%2Fwp%2Fv2%2Fmedia&parent=48869"}],"wp:term":[{"taxonomy":"category","embeddable":true,"href":"https:\/\/sp1lubomierz.pl\/index.php?rest_route=%2Fwp%2Fv2%2Fcategories&post=48869"},{"taxonomy":"post_tag","embeddable":true,"href":"https:\/\/sp1lubomierz.pl\/index.php?rest_route=%2Fwp%2Fv2%2Ftags&post=48869"}],"curies":[{"name":"wp","href":"https:\/\/api.w.org\/{rel}","templated":true}]}}