{"id":48921,"date":"2025-10-01T14:55:50","date_gmt":"2025-10-01T12:55:50","guid":{"rendered":"https:\/\/sp1lubomierz.pl\/?p=48921"},"modified":"2025-10-01T14:55:50","modified_gmt":"2025-10-01T12:55:50","slug":"bohateron-wlacz-historie-3","status":"publish","type":"post","link":"https:\/\/sp1lubomierz.pl\/?p=48921","title":{"rendered":"BohaterON \u2013 W\u0142\u0105cz Histori\u0119!"},"content":{"rendered":"<p><a href=\"http:\/\/sp1lubomierz.pl\/wp-content\/uploads\/2025\/10\/8a63b348-0405-425a-a820-8be7154beb6d.jpg\"><img loading=\"lazy\" decoding=\"async\" class=\"alignleft size-thumbnail wp-image-48926\" src=\"http:\/\/sp1lubomierz.pl\/wp-content\/uploads\/2025\/10\/8a63b348-0405-425a-a820-8be7154beb6d-150x150.jpg\" alt=\"Grupa dzieci ogl\u0105da i kupuje ciasta na kiermaszu charytatywnym zorganizowanym w szkole. W tle widoczne s\u0105 gabloty z pucharami sportowymi oraz tablice z pracami o Powstaniu Warszawskim.\" width=\"150\" height=\"150\"><\/a>Jak co roku, uczniowie naszej szko\u0142y aktywnie w\u0142\u0105czyli si\u0119 w og\u00f3lnopolsk\u0105 kampani\u0119 BohaterON \u2013 w Twojej Szkole, kt\u00f3rej celem jest upami\u0119tnienie i szerzenie wiedzy o Powsta\u0144cach Warszawskich. W ramach tegorocznej edycji uczniowie uczestniczyli w specjalnych lekcjach historii po\u015bwi\u0119conych Powstaniu Warszawskiemu, a tak\u017ce przygotowali plakaty tematyczne, skupiaj\u0105ce si\u0119 zar\u00f3wno na przebiegu powstania, jak i roli kobiet walcz\u0105cych w jego szeregach. Dodatkowo zorganizowany zosta\u0142 kiermasz charytatywny, z kt\u00f3rego doch\u00f3d zostanie przekazany na pomoc \u017cyj\u0105cym Powsta\u0144com.<!--more--> Uczniowie z wielkim zaanga\u017cowaniem przygotowali ciasta, babeczki oraz popcorn, kt\u00f3re cieszy\u0142y si\u0119 du\u017cym zainteresowaniem w\u015br\u00f3d spo\u0142eczno\u015bci szkolnej.<\/p>\n<p style=\"text-align: left;\">Dzi\u0119kujemy wszystkim uczniom, nauczycielom i rodzicom za wsparcie oraz zaanga\u017cowanie w t\u0119 wa\u017cn\u0105 inicjatyw\u0119!<\/p>\n<p style=\"text-align: right;\"><br>red. D. W\u0119gielska<\/p>\n\n\t\t<style type=\"text\/css\">\n\t\t\t#gallery-1 {\n\t\t\t\tmargin: auto;\n\t\t\t}\n\t\t\t#gallery-1 .gallery-item {\n\t\t\t\tfloat: left;\n\t\t\t\tmargin-top: 10px;\n\t\t\t\ttext-align: center;\n\t\t\t\twidth: 33%;\n\t\t\t}\n\t\t\t#gallery-1 img {\n\t\t\t\tborder: 2px solid #cfcfcf;\n\t\t\t}\n\t\t\t#gallery-1 .gallery-caption {\n\t\t\t\tmargin-left: 0;\n\t\t\t}\n\t\t\t\/* see gallery_shortcode() in wp-includes\/media.php *\/\n\t\t<\/style>\n\t\t<div id='gallery-1' class='gallery galleryid-48921 gallery-columns-3 gallery-size-thumbnail'><dl class='gallery-item'>\n\t\t\t<dt class='gallery-icon landscape'>\n\t\t\t\t<a href='https:\/\/sp1lubomierz.pl\/wp-content\/uploads\/2025\/10\/8a63b348-0405-425a-a820-8be7154beb6d.jpg'><img loading=\"lazy\" decoding=\"async\" width=\"150\" height=\"150\" src=\"https:\/\/sp1lubomierz.pl\/wp-content\/uploads\/2025\/10\/8a63b348-0405-425a-a820-8be7154beb6d-150x150.jpg\" class=\"attachment-thumbnail size-thumbnail\" alt=\"Grupa dzieci ogl\u0105da i kupuje ciasta na kiermaszu charytatywnym zorganizowanym w szkole. W tle widoczne s\u0105 gabloty z pucharami sportowymi oraz tablice z pracami o Powstaniu Warszawskim.\" \/><\/a>\n\t\t\t<\/dt><\/dl><dl class='gallery-item'>\n\t\t\t<dt class='gallery-icon portrait'>\n\t\t\t\t<a href='https:\/\/sp1lubomierz.pl\/wp-content\/uploads\/2025\/10\/3dbbad55-a33e-4c29-aed9-528c14d2ef20.jpg'><img loading=\"lazy\" decoding=\"async\" width=\"150\" height=\"150\" src=\"https:\/\/sp1lubomierz.pl\/wp-content\/uploads\/2025\/10\/3dbbad55-a33e-4c29-aed9-528c14d2ef20-150x150.jpg\" class=\"attachment-thumbnail size-thumbnail\" alt=\"Fragment wystawy szkolnej: du\u017cy napis \u201ePoka\u017c, \u017ce pami\u0119tasz\u201d oraz plakaty tematyczne o Powstaniu Warszawskim, z rysunkami dzieci, zdj\u0119ciami sanitariuszek i notatkami o bohaterach powstania.\" \/><\/a>\n\t\t\t<\/dt><\/dl><dl class='gallery-item'>\n\t\t\t<dt class='gallery-icon portrait'>\n\t\t\t\t<a href='https:\/\/sp1lubomierz.pl\/wp-content\/uploads\/2025\/10\/da736ecf-ae0b-40d1-baf8-6274c0ed9020.jpg'><img loading=\"lazy\" decoding=\"async\" width=\"150\" height=\"150\" src=\"https:\/\/sp1lubomierz.pl\/wp-content\/uploads\/2025\/10\/da736ecf-ae0b-40d1-baf8-6274c0ed9020-150x150.jpg\" class=\"attachment-thumbnail size-thumbnail\" alt=\"Plansza edukacyjna po\u015bwi\u0119cona kobietom w Powstaniu Warszawskim. Umieszczone s\u0105 czarno-bia\u0142e fotografie powsta\u0144c\u00f3w, notki biograficzne i prace plastyczne uczni\u00f3w.\" \/><\/a>\n\t\t\t<\/dt><\/dl><br style=\"clear: both\" \/><dl class='gallery-item'>\n\t\t\t<dt class='gallery-icon portrait'>\n\t\t\t\t<a href='https:\/\/sp1lubomierz.pl\/wp-content\/uploads\/2025\/10\/1203dd46-9e14-4e14-99dc-3db8846e8fc2.jpg'><img loading=\"lazy\" decoding=\"async\" width=\"150\" height=\"150\" src=\"https:\/\/sp1lubomierz.pl\/wp-content\/uploads\/2025\/10\/1203dd46-9e14-4e14-99dc-3db8846e8fc2-150x150.jpg\" class=\"attachment-thumbnail size-thumbnail\" alt=\"Tablica szkolna z plakatem po\u015bwi\u0119conym \u0142\u0105czniczkom Powstania Warszawskiego. Widoczne zdj\u0119cia bohaterek, kr\u00f3tkie opisy historyczne oraz dzieci\u0119ce rysunki i napisy: \u201ePami\u0119tamy\u201d, \u201eDzi\u0119kujemy\u201d, \u201ePowstanie Warszawskie\u201d.\" \/><\/a>\n\t\t\t<\/dt><\/dl><dl class='gallery-item'>\n\t\t\t<dt class='gallery-icon landscape'>\n\t\t\t\t<a href='https:\/\/sp1lubomierz.pl\/wp-content\/uploads\/2025\/10\/badc8cd3-f941-44f0-bead-0ccacd2e9049.jpg'><img loading=\"lazy\" decoding=\"async\" width=\"150\" height=\"150\" src=\"https:\/\/sp1lubomierz.pl\/wp-content\/uploads\/2025\/10\/badc8cd3-f941-44f0-bead-0ccacd2e9049-150x150.jpg\" class=\"attachment-thumbnail size-thumbnail\" alt=\"St\u00f3\u0142 przykryty bia\u0142ym obrusem z wystawionymi ciastami i s\u0142odko\u015bciami przygotowanymi przez uczni\u00f3w i rodzic\u00f3w na kiermasz charytatywny w ramach akcji BohaterON. W tle tablice z plakatami i informacjami o Powstaniu Warszawskim.\" \/><\/a>\n\t\t\t<\/dt><\/dl>\n\t\t\t<br style='clear: both' \/>\n\t\t<\/div>\n\n<p style=\"text-align: right;\">&nbsp;<\/p>\n\n","protected":false},"excerpt":{"rendered":"<p>Jak co roku, uczniowie naszej szko\u0142y aktywnie w\u0142\u0105czyli si\u0119 w og\u00f3lnopolsk\u0105 kampani\u0119 BohaterON \u2013 w Twojej Szkole, kt\u00f3rej celem jest upami\u0119tnienie i szerzenie wiedzy o Powsta\u0144cach Warszawskich. W ramach tegorocznej edycji uczniowie uczestniczyli w specjalnych lekcjach historii po\u015bwi\u0119conych Powstaniu Warszawskiemu, a tak\u017ce przygotowali plakaty tematyczne, skupiaj\u0105ce si\u0119 zar\u00f3wno na przebiegu powstania, jak i roli kobiet [&hellip;]<\/p>\n","protected":false},"author":1,"featured_media":0,"comment_status":"closed","ping_status":"open","sticky":false,"template":"","format":"standard","meta":{"ngg_post_thumbnail":0,"footnotes":""},"categories":[1],"tags":[],"class_list":["post-48921","post","type-post","status-publish","format-standard","hentry","category-uncategorized"],"_links":{"self":[{"href":"https:\/\/sp1lubomierz.pl\/index.php?rest_route=\/wp\/v2\/posts\/48921","targetHints":{"allow":["GET"]}}],"collection":[{"href":"https:\/\/sp1lubomierz.pl\/index.php?rest_route=\/wp\/v2\/posts"}],"about":[{"href":"https:\/\/sp1lubomierz.pl\/index.php?rest_route=\/wp\/v2\/types\/post"}],"author":[{"embeddable":true,"href":"https:\/\/sp1lubomierz.pl\/index.php?rest_route=\/wp\/v2\/users\/1"}],"replies":[{"embeddable":true,"href":"https:\/\/sp1lubomierz.pl\/index.php?rest_route=%2Fwp%2Fv2%2Fcomments&post=48921"}],"version-history":[{"count":1,"href":"https:\/\/sp1lubomierz.pl\/index.php?rest_route=\/wp\/v2\/posts\/48921\/revisions"}],"predecessor-version":[{"id":48927,"href":"https:\/\/sp1lubomierz.pl\/index.php?rest_route=\/wp\/v2\/posts\/48921\/revisions\/48927"}],"wp:attachment":[{"href":"https:\/\/sp1lubomierz.pl\/index.php?rest_route=%2Fwp%2Fv2%2Fmedia&parent=48921"}],"wp:term":[{"taxonomy":"category","embeddable":true,"href":"https:\/\/sp1lubomierz.pl\/index.php?rest_route=%2Fwp%2Fv2%2Fcategories&post=48921"},{"taxonomy":"post_tag","embeddable":true,"href":"https:\/\/sp1lubomierz.pl\/index.php?rest_route=%2Fwp%2Fv2%2Ftags&post=48921"}],"curies":[{"name":"wp","href":"https:\/\/api.w.org\/{rel}","templated":true}]}}