{"id":48928,"date":"2025-10-06T08:37:53","date_gmt":"2025-10-06T06:37:53","guid":{"rendered":"https:\/\/sp1lubomierz.pl\/?p=48928"},"modified":"2025-10-06T08:37:53","modified_gmt":"2025-10-06T06:37:53","slug":"tydzien-przeciwdzialania-przemocy-rowiesniczej-w-szkole-podstawowej-nr-1-im-sw-jozefa-w-lubomierzu","status":"publish","type":"post","link":"https:\/\/sp1lubomierz.pl\/?p=48928","title":{"rendered":"Tydzie\u0144 Przeciwdzia\u0142ania Przemocy R\u00f3wie\u015bniczej w Szkole Podstawowej nr 1 im. \u015aw. J\u00f3zefa w Lubomierzu"},"content":{"rendered":"\n<p><a href=\"http:\/\/sp1lubomierz.pl\/wp-content\/uploads\/2025\/10\/image0-3-scaled.jpeg\"><img loading=\"lazy\" decoding=\"async\" class=\"alignleft size-thumbnail wp-image-48929\" src=\"http:\/\/sp1lubomierz.pl\/wp-content\/uploads\/2025\/10\/image0-3-150x150.jpeg\" alt=\"Tablica informacyjna o \u201eTygodniu przeciwdzia\u0142ania przemocy r\u00f3wie\u015bniczej\u201d z plakatami i ulotkami o reagowaniu na przemoc, budowaniu relacji bez agresji, cyberbullyingu i miejscach wsparcia. Kolorowe materia\u0142y edukacyjne przypi\u0119te s\u0105 pinezkami na bia\u0142ej tablicy w szkolnej sali.\" width=\"150\" height=\"150\"><\/a>W dniach od 29 wrze\u015bnia do 3 pa\u017adziernika 2025 roku w Szkole Podstawowej nr 1 im. \u015aw. J\u00f3zefa w Lubomierzu odby\u0142 si\u0119 Tydzie\u0144 Przeciwdzia\u0142ania Przemocy R\u00f3wie\u015bniczej. Wydarzenie to by\u0142o cz\u0119\u015bci\u0105 og\u00f3lnopolskiej kampanii zainicjowanej przez Ministerstwo Edukacji Narodowej, kt\u00f3rej celem jest zwi\u0119kszenie \u015bwiadomo\u015bci na temat przemocy w\u015br\u00f3d dzieci i m\u0142odzie\u017cy oraz promowanie postaw opartych na wzajemnym szacunku i empatii. Nasza szko\u0142a z zaanga\u017cowaniem w\u0142\u0105czy\u0142a si\u0119 w t\u0119 inicjatyw\u0119, podejmuj\u0105c liczne dzia\u0142ania maj\u0105ce na celu budowanie bezpiecznej i przyjaznej przestrzeni do nauki.<!--more-->Podczas ca\u0142ego tygodnia uczniowie uczestniczyli w lekcjach wychowawczych po\u015bwi\u0119conych tematyce przeciwdzia\u0142ania przemocy, w czasie kt\u00f3rych rozmawiali o emocjach, sposobach reagowania na trudne sytuacje oraz o tym, jak wa\u017cne jest wspieranie koleg\u00f3w i kole\u017canek. Odby\u0142y si\u0119 r\u00f3wnie\u017c specjalne zaj\u0119cia prowadzone przez psychologa oraz pedagoga szkolnego, kt\u00f3rzy pomogli uczniom lepiej zrozumie\u0107, czym jest przemoc r\u00f3wie\u015bnicza i jakie mo\u017ce mie\u0107 konsekwencje dla os\u00f3b ni\u0105 dotkni\u0119tych. Na szkolnym korytarzu pojawi\u0142a si\u0119 gazetka tematyczna, dzi\u0119ki kt\u00f3rej uczniowie mogli zapozna\u0107 si\u0119 z informacjami o sposobach radzenia sobie z krzywd\u0105, a tak\u017ce z kontaktami do miejsc, w kt\u00f3rych mo\u017cna szuka\u0107 pomocy. W grupach przedszkolnych prowadzono dzia\u0142ania maj\u0105ce na celu budowanie pozytywnych relacji mi\u0119dzy dzie\u0107mi. Dodatkowo zosta\u0142y przeprowadzone warsztaty z psychologiem na temat rozwijania umiej\u0119tno\u015bci spo\u0142ecznych i budowania relacji r\u00f3wie\u015bniczych. Dzieci ch\u0119tnie uczestniczy\u0142y w tej inicjatywie. R\u00f3wnie\u017c rodzice otrzymali materia\u0142y przygotowane w ramach kampanii, zawieraj\u0105ce wskaz\u00f3wki, jak wspiera\u0107 dziecko i reagowa\u0107 w sytuacjach, gdy pojawia si\u0119 przemoc w \u015brodowisku r\u00f3wie\u015bniczym.<\/p>\n<p>Tydzie\u0144 Przeciwdzia\u0142ania Przemocy R\u00f3wie\u015bniczej by\u0142 wa\u017cnym czasem refleksji i rozm\u00f3w o tym, jak budowa\u0107 relacje oparte na wzajemnym zaufaniu, empatii i szacunku. Uczniowie oraz nauczyciele wsp\u00f3lnie zaanga\u017cowali si\u0119 w dzia\u0142ania, kt\u00f3re przypomnia\u0142y, \u017ce szko\u0142a powinna by\u0107 miejscem bezpiecznym, sprzyjaj\u0105cym rozwojowi i dobremu samopoczuciu ka\u017cdego dziecka. Wierzymy, \u017ce zdobyta wiedza i do\u015bwiadczenia z tego tygodnia b\u0119d\u0105 procentowa\u0107 w codziennych relacjach, a nasza szkolna spo\u0142eczno\u015b\u0107 stanie si\u0119 jeszcze bardziej zjednoczona i otwarta na potrzeby innych.<\/p>\n<p style=\"text-align: right;\">Red. K. Chodarcewicz<br>M. Korna\u015b<\/p>\n\n\n","protected":false},"excerpt":{"rendered":"<p>W dniach od 29 wrze\u015bnia do 3 pa\u017adziernika 2025 roku w Szkole Podstawowej nr 1 im. \u015aw. J\u00f3zefa w Lubomierzu odby\u0142 si\u0119 Tydzie\u0144 Przeciwdzia\u0142ania Przemocy R\u00f3wie\u015bniczej. Wydarzenie to by\u0142o cz\u0119\u015bci\u0105 og\u00f3lnopolskiej kampanii zainicjowanej przez Ministerstwo Edukacji Narodowej, kt\u00f3rej celem jest zwi\u0119kszenie \u015bwiadomo\u015bci na temat przemocy w\u015br\u00f3d dzieci i m\u0142odzie\u017cy oraz promowanie postaw opartych na wzajemnym [&hellip;]<\/p>\n","protected":false},"author":1,"featured_media":0,"comment_status":"closed","ping_status":"open","sticky":false,"template":"","format":"standard","meta":{"ngg_post_thumbnail":0,"footnotes":""},"categories":[1],"tags":[],"class_list":["post-48928","post","type-post","status-publish","format-standard","hentry","category-uncategorized"],"_links":{"self":[{"href":"https:\/\/sp1lubomierz.pl\/index.php?rest_route=\/wp\/v2\/posts\/48928","targetHints":{"allow":["GET"]}}],"collection":[{"href":"https:\/\/sp1lubomierz.pl\/index.php?rest_route=\/wp\/v2\/posts"}],"about":[{"href":"https:\/\/sp1lubomierz.pl\/index.php?rest_route=\/wp\/v2\/types\/post"}],"author":[{"embeddable":true,"href":"https:\/\/sp1lubomierz.pl\/index.php?rest_route=\/wp\/v2\/users\/1"}],"replies":[{"embeddable":true,"href":"https:\/\/sp1lubomierz.pl\/index.php?rest_route=%2Fwp%2Fv2%2Fcomments&post=48928"}],"version-history":[{"count":1,"href":"https:\/\/sp1lubomierz.pl\/index.php?rest_route=\/wp\/v2\/posts\/48928\/revisions"}],"predecessor-version":[{"id":48930,"href":"https:\/\/sp1lubomierz.pl\/index.php?rest_route=\/wp\/v2\/posts\/48928\/revisions\/48930"}],"wp:attachment":[{"href":"https:\/\/sp1lubomierz.pl\/index.php?rest_route=%2Fwp%2Fv2%2Fmedia&parent=48928"}],"wp:term":[{"taxonomy":"category","embeddable":true,"href":"https:\/\/sp1lubomierz.pl\/index.php?rest_route=%2Fwp%2Fv2%2Fcategories&post=48928"},{"taxonomy":"post_tag","embeddable":true,"href":"https:\/\/sp1lubomierz.pl\/index.php?rest_route=%2Fwp%2Fv2%2Ftags&post=48928"}],"curies":[{"name":"wp","href":"https:\/\/api.w.org\/{rel}","templated":true}]}}