{"id":48932,"date":"2025-10-09T11:00:41","date_gmt":"2025-10-09T09:00:41","guid":{"rendered":"https:\/\/sp1lubomierz.pl\/?p=48932"},"modified":"2025-10-09T11:06:20","modified_gmt":"2025-10-09T09:06:20","slug":"narodowe-czytanie-2025-w-naszej-szkole","status":"publish","type":"post","link":"https:\/\/sp1lubomierz.pl\/?p=48932","title":{"rendered":"Narodowe Czytanie 2025 w naszej szkole!"},"content":{"rendered":"<p data-start=\"211\" data-end=\"486\"><a href=\"http:\/\/sp1lubomierz.pl\/wp-content\/uploads\/2025\/10\/20251008_112027-scaled.jpg\"><img loading=\"lazy\" decoding=\"async\" class=\"alignleft size-thumbnail wp-image-48933\" src=\"http:\/\/sp1lubomierz.pl\/wp-content\/uploads\/2025\/10\/20251008_112027-150x150.jpg\" alt=\"Dwie uczennice ubrane w stroje stylizowane na renesansowe siedz\u0105 przy okr\u0105g\u0142ym stole przykrytym czerwonym obrusem. Na stole stoj\u0105 dwie z\u0142ote \u015bwieczniki, kilka ksi\u0105\u017cek i podr\u0119cznik\u00f3w. W tle wida\u0107 tablic\u0119 z napisem \u201eNarodowe Czytanie 2025 Jan Kochanowski \u2013 Treny, Fraszki, Pie\u015bni\u201d\" width=\"150\" height=\"150\"><\/a>W tym roku nasza szko\u0142a w\u0142\u0105czy\u0142a si\u0119 w og\u00f3lnopolsk\u0105 akcj\u0119 Narodowego Czytania, podczas kt\u00f3rej w ca\u0142ej Polsce rozbrzmiewaj\u0105 s\u0142owa Jana Kochanowskiego \u2013 mistrza renesansowego s\u0142owa, poety, kt\u00f3ry potrafi\u0142 zamkn\u0105\u0107 w wersach zar\u00f3wno rado\u015b\u0107 \u017cycia, jak i cie\u0144 przemijania. W szkolnych murach unosi\u0142 si\u0119 duch Czarnolasu. Uczniowie i nauczyciele wsp\u00f3lnie czytali fraszki, pie\u015bni i treny, odkrywaj\u0105c na nowo, \u017ce s\u0142owa sprzed wiek\u00f3w wci\u0105\u017c brzmi\u0105 \u015bwie\u017co, m\u0105drze i prawdziwie. <!--more--><\/p>\n<p data-start=\"715\" data-end=\"943\">Spotkanie sta\u0142o si\u0119 nie tylko lekcj\u0105 j\u0119zyka i literatury, ale te\u017c refleksj\u0105 nad pi\u0119knem polszczyzny i si\u0142\u0105 poetyckiego s\u0142owa.<br data-start=\"840\" data-end=\"843\">By\u0142 to dzie\u0144 pe\u0142en wzrusze\u0144, u\u015bmiech\u00f3w i zachwytu nad tym, jak poezja potrafi \u0142\u0105czy\u0107 pokolenia.&nbsp;<\/p>\n\n\t\t<style type=\"text\/css\">\n\t\t\t#gallery-1 {\n\t\t\t\tmargin: auto;\n\t\t\t}\n\t\t\t#gallery-1 .gallery-item {\n\t\t\t\tfloat: left;\n\t\t\t\tmargin-top: 10px;\n\t\t\t\ttext-align: center;\n\t\t\t\twidth: 33%;\n\t\t\t}\n\t\t\t#gallery-1 img {\n\t\t\t\tborder: 2px solid #cfcfcf;\n\t\t\t}\n\t\t\t#gallery-1 .gallery-caption {\n\t\t\t\tmargin-left: 0;\n\t\t\t}\n\t\t\t\/* see gallery_shortcode() in wp-includes\/media.php *\/\n\t\t<\/style>\n\t\t<div id='gallery-1' class='gallery galleryid-48932 gallery-columns-3 gallery-size-thumbnail'><dl class='gallery-item'>\n\t\t\t<dt class='gallery-icon portrait'>\n\t\t\t\t<a href='https:\/\/sp1lubomierz.pl\/wp-content\/uploads\/2025\/10\/20251008_111218-scaled.jpg'><img loading=\"lazy\" decoding=\"async\" width=\"150\" height=\"150\" src=\"https:\/\/sp1lubomierz.pl\/wp-content\/uploads\/2025\/10\/20251008_111218-150x150.jpg\" class=\"attachment-thumbnail size-thumbnail\" alt=\"Dwie uczennice w stylizowanych strojach i nauczycielka siedz\u0105 przy okr\u0105g\u0142ym stole z czerwonym obrusem, w tle widoczna dekoracja Narodowego Czytania 2025. Na stole le\u017c\u0105 ksi\u0105\u017cki i \u015bwieczniki, tworz\u0105c klimat dawnych czas\u00f3w. Nauczycielka czyta na g\u0142os fragment utworu, uczennice ws\u0142uchuj\u0105 si\u0119 z uwag\u0105. Wn\u0119trze klasy ma du\u017ce okna i zielone \u015bciany. Ca\u0142o\u015b\u0107 wygl\u0105da jak poetyckie spotkanie \u2013 skromne, ale pe\u0142ne uroku.\" \/><\/a>\n\t\t\t<\/dt><\/dl><dl class='gallery-item'>\n\t\t\t<dt class='gallery-icon portrait'>\n\t\t\t\t<a href='https:\/\/sp1lubomierz.pl\/wp-content\/uploads\/2025\/10\/20251008_111408-scaled.jpg'><img loading=\"lazy\" decoding=\"async\" width=\"150\" height=\"150\" src=\"https:\/\/sp1lubomierz.pl\/wp-content\/uploads\/2025\/10\/20251008_111408-150x150.jpg\" class=\"attachment-thumbnail size-thumbnail\" alt=\"Na pierwszym planie wida\u0107 uczni\u00f3w siedz\u0105cych na \u0142awkach i krzes\u0142ach, zwr\u00f3conych w stron\u0119 scenki. Z przodu, przy stole z czerwonym obrusem, dwie uczennice i nauczycielka czytaj\u0105 poezj\u0119 Jana Kochanowskiego w ramach Narodowego Czytania 2025.\" \/><\/a>\n\t\t\t<\/dt><\/dl><dl class='gallery-item'>\n\t\t\t<dt class='gallery-icon portrait'>\n\t\t\t\t<a href='https:\/\/sp1lubomierz.pl\/wp-content\/uploads\/2025\/10\/20251008_112455-scaled.jpg'><img loading=\"lazy\" decoding=\"async\" width=\"150\" height=\"150\" src=\"https:\/\/sp1lubomierz.pl\/wp-content\/uploads\/2025\/10\/20251008_112455-150x150.jpg\" class=\"attachment-thumbnail size-thumbnail\" alt=\"Trzy osoby \u2014 dwie uczennice w d\u0142ugich stylizowanych sukniach i nauczycielka w bia\u0142ej bluzce \u2014 stoj\u0105 przed tablic\u0105 z napisem \u201eNarodowe Czytanie 2025 Jan Kochanowski\u201d. Obok znajduje si\u0119 okr\u0105g\u0142y st\u00f3\u0142 z czerwonym obrusem, \u015bwiecznikami i ksi\u0105\u017ckami. Wn\u0119trze klasy jest jasne i przytulne. Zdj\u0119cie ma charakter pami\u0105tkowy, podsumowuje wydarzenie literackie w szkole, pokazuj\u0105c jego uczestnik\u00f3w w eleganckiej, nastrojowej aran\u017cacji.\" \/><\/a>\n\t\t\t<\/dt><\/dl><br style=\"clear: both\" \/><dl class='gallery-item'>\n\t\t\t<dt class='gallery-icon portrait'>\n\t\t\t\t<a href='https:\/\/sp1lubomierz.pl\/wp-content\/uploads\/2025\/10\/20251008_112027-scaled.jpg'><img loading=\"lazy\" decoding=\"async\" width=\"150\" height=\"150\" src=\"https:\/\/sp1lubomierz.pl\/wp-content\/uploads\/2025\/10\/20251008_112027-150x150.jpg\" class=\"attachment-thumbnail size-thumbnail\" alt=\"Dwie uczennice ubrane w stroje stylizowane na renesansowe siedz\u0105 przy okr\u0105g\u0142ym stole przykrytym czerwonym obrusem. Na stole stoj\u0105 dwie z\u0142ote \u015bwieczniki, kilka ksi\u0105\u017cek i podr\u0119cznik\u00f3w. W tle wida\u0107 tablic\u0119 z napisem \u201eNarodowe Czytanie 2025 Jan Kochanowski \u2013 Treny, Fraszki, Pie\u015bni\u201d\" \/><\/a>\n\t\t\t<\/dt><\/dl>\n\t\t\t<br style='clear: both' \/>\n\t\t<\/div>\n\n","protected":false},"excerpt":{"rendered":"<p>W tym roku nasza szko\u0142a w\u0142\u0105czy\u0142a si\u0119 w og\u00f3lnopolsk\u0105 akcj\u0119 Narodowego Czytania, podczas kt\u00f3rej w ca\u0142ej Polsce rozbrzmiewaj\u0105 s\u0142owa Jana Kochanowskiego \u2013 mistrza renesansowego s\u0142owa, poety, kt\u00f3ry potrafi\u0142 zamkn\u0105\u0107 w wersach zar\u00f3wno rado\u015b\u0107 \u017cycia, jak i cie\u0144 przemijania. W szkolnych murach unosi\u0142 si\u0119 duch Czarnolasu. Uczniowie i nauczyciele wsp\u00f3lnie czytali fraszki, pie\u015bni i treny, odkrywaj\u0105c [&hellip;]<\/p>\n","protected":false},"author":1,"featured_media":0,"comment_status":"closed","ping_status":"open","sticky":false,"template":"","format":"standard","meta":{"ngg_post_thumbnail":0,"footnotes":""},"categories":[1],"tags":[],"class_list":["post-48932","post","type-post","status-publish","format-standard","hentry","category-uncategorized"],"_links":{"self":[{"href":"https:\/\/sp1lubomierz.pl\/index.php?rest_route=\/wp\/v2\/posts\/48932","targetHints":{"allow":["GET"]}}],"collection":[{"href":"https:\/\/sp1lubomierz.pl\/index.php?rest_route=\/wp\/v2\/posts"}],"about":[{"href":"https:\/\/sp1lubomierz.pl\/index.php?rest_route=\/wp\/v2\/types\/post"}],"author":[{"embeddable":true,"href":"https:\/\/sp1lubomierz.pl\/index.php?rest_route=\/wp\/v2\/users\/1"}],"replies":[{"embeddable":true,"href":"https:\/\/sp1lubomierz.pl\/index.php?rest_route=%2Fwp%2Fv2%2Fcomments&post=48932"}],"version-history":[{"count":3,"href":"https:\/\/sp1lubomierz.pl\/index.php?rest_route=\/wp\/v2\/posts\/48932\/revisions"}],"predecessor-version":[{"id":48939,"href":"https:\/\/sp1lubomierz.pl\/index.php?rest_route=\/wp\/v2\/posts\/48932\/revisions\/48939"}],"wp:attachment":[{"href":"https:\/\/sp1lubomierz.pl\/index.php?rest_route=%2Fwp%2Fv2%2Fmedia&parent=48932"}],"wp:term":[{"taxonomy":"category","embeddable":true,"href":"https:\/\/sp1lubomierz.pl\/index.php?rest_route=%2Fwp%2Fv2%2Fcategories&post=48932"},{"taxonomy":"post_tag","embeddable":true,"href":"https:\/\/sp1lubomierz.pl\/index.php?rest_route=%2Fwp%2Fv2%2Ftags&post=48932"}],"curies":[{"name":"wp","href":"https:\/\/api.w.org\/{rel}","templated":true}]}}