{"id":48945,"date":"2025-10-13T12:18:00","date_gmt":"2025-10-13T10:18:00","guid":{"rendered":"https:\/\/sp1lubomierz.pl\/?p=48945"},"modified":"2025-10-13T12:19:55","modified_gmt":"2025-10-13T10:19:55","slug":"iv-bal-seniora-dziki-zachod-ruszaja-zapisy","status":"publish","type":"post","link":"https:\/\/sp1lubomierz.pl\/?p=48945","title":{"rendered":"IV Bal Seniora \u201eDziki Zach\u00f3d\u201d \u2013 ruszaj\u0105 zapisy"},"content":{"rendered":"<p style=\"text-align: center;\"><a href=\"http:\/\/sp1lubomierz.pl\/wp-content\/uploads\/2025\/10\/IV-BAL-SENIORA-2-1.png\"><br><img loading=\"lazy\" decoding=\"async\" class=\"aligncenter wp-image-48946\" src=\"http:\/\/sp1lubomierz.pl\/wp-content\/uploads\/2025\/10\/IV-BAL-SENIORA-2-1-726x1024.png\" alt=\"Rozpoczynaj\u0105 si\u0119 zapisy na IV Bal Seniora, kt\u00f3ry w tym roku odb\u0119dzie si\u0119 pod has\u0142em \u201eDziki Zach\u00f3d\u201d. Wydarzenie organizuj\u0105 Stowarzyszenie Kierunek Przysz\u0142o\u015b\u0107 wraz z Gminnym O\u015brodkiem Pomocy Spo\u0142ecznej w Nied\u017awiedziu, Gminnym O\u015brodkiem Pomocy Spo\u0142ecznej w Mszanie Dolnej oraz Miejskim O\u015brodkiem Pomocy Spo\u0142ecznej w Mszanie Dolnej. Bal odb\u0119dzie si\u0119 18 pa\u017adziernika 2025 r. o godz. 17:00 w Remizie Ochotniczej Stra\u017cy Po\u017carnej w Mszanie Dolnej.\" width=\"500\" height=\"705\" srcset=\"https:\/\/sp1lubomierz.pl\/wp-content\/uploads\/2025\/10\/IV-BAL-SENIORA-2-1-726x1024.png 726w, https:\/\/sp1lubomierz.pl\/wp-content\/uploads\/2025\/10\/IV-BAL-SENIORA-2-1-213x300.png 213w, https:\/\/sp1lubomierz.pl\/wp-content\/uploads\/2025\/10\/IV-BAL-SENIORA-2-1-768x1083.png 768w, https:\/\/sp1lubomierz.pl\/wp-content\/uploads\/2025\/10\/IV-BAL-SENIORA-2-1-1090x1536.png 1090w, https:\/\/sp1lubomierz.pl\/wp-content\/uploads\/2025\/10\/IV-BAL-SENIORA-2-1-163x230.png 163w, https:\/\/sp1lubomierz.pl\/wp-content\/uploads\/2025\/10\/IV-BAL-SENIORA-2-1.png 1240w\" sizes=\"auto, (max-width: 500px) 100vw, 500px\" \/><\/a><\/p>\n<p style=\"text-align: center;\">Wi\u0119cej informacji pod linkiem:<span style=\"color: #3366ff;\"> <a style=\"color: #3366ff;\" href=\"https:\/\/www.mszana.pl\/aktualnosci,6797.html\">IV Bal Seniora \u201eDziki Zach\u00f3d\u201d \u2013 ruszaj\u0105 zapisy &#8211; Gmina Mszana Dolna<\/a><\/span><\/p>\n<p>&nbsp;<\/p>\n\n","protected":false},"excerpt":{"rendered":"<p>Wi\u0119cej informacji pod linkiem: IV Bal Seniora \u201eDziki Zach\u00f3d\u201d \u2013 ruszaj\u0105 zapisy &#8211; Gmina Mszana Dolna &nbsp;<\/p>\n","protected":false},"author":1,"featured_media":0,"comment_status":"closed","ping_status":"open","sticky":false,"template":"","format":"standard","meta":{"ngg_post_thumbnail":0,"footnotes":""},"categories":[1],"tags":[],"class_list":["post-48945","post","type-post","status-publish","format-standard","hentry","category-uncategorized"],"_links":{"self":[{"href":"https:\/\/sp1lubomierz.pl\/index.php?rest_route=\/wp\/v2\/posts\/48945","targetHints":{"allow":["GET"]}}],"collection":[{"href":"https:\/\/sp1lubomierz.pl\/index.php?rest_route=\/wp\/v2\/posts"}],"about":[{"href":"https:\/\/sp1lubomierz.pl\/index.php?rest_route=\/wp\/v2\/types\/post"}],"author":[{"embeddable":true,"href":"https:\/\/sp1lubomierz.pl\/index.php?rest_route=\/wp\/v2\/users\/1"}],"replies":[{"embeddable":true,"href":"https:\/\/sp1lubomierz.pl\/index.php?rest_route=%2Fwp%2Fv2%2Fcomments&post=48945"}],"version-history":[{"count":3,"href":"https:\/\/sp1lubomierz.pl\/index.php?rest_route=\/wp\/v2\/posts\/48945\/revisions"}],"predecessor-version":[{"id":48949,"href":"https:\/\/sp1lubomierz.pl\/index.php?rest_route=\/wp\/v2\/posts\/48945\/revisions\/48949"}],"wp:attachment":[{"href":"https:\/\/sp1lubomierz.pl\/index.php?rest_route=%2Fwp%2Fv2%2Fmedia&parent=48945"}],"wp:term":[{"taxonomy":"category","embeddable":true,"href":"https:\/\/sp1lubomierz.pl\/index.php?rest_route=%2Fwp%2Fv2%2Fcategories&post=48945"},{"taxonomy":"post_tag","embeddable":true,"href":"https:\/\/sp1lubomierz.pl\/index.php?rest_route=%2Fwp%2Fv2%2Ftags&post=48945"}],"curies":[{"name":"wp","href":"https:\/\/api.w.org\/{rel}","templated":true}]}}