{"id":48951,"date":"2025-10-21T10:25:20","date_gmt":"2025-10-21T08:25:20","guid":{"rendered":"https:\/\/sp1lubomierz.pl\/?p=48951"},"modified":"2025-10-21T10:25:20","modified_gmt":"2025-10-21T08:25:20","slug":"medal-komisji-edukacji-narodowej-dla-pani-doroty-wegielskiej-nauczycielki-szkoly-podstawowej-nr-1-im-sw-jozefa-w-lubomierzu","status":"publish","type":"post","link":"https:\/\/sp1lubomierz.pl\/?p=48951","title":{"rendered":"Medal Komisji Edukacji Narodowej dla Pani Doroty W\u0119gielskiej \u2013 nauczycielki Szko\u0142y Podstawowej nr 1 im. \u015bw. J\u00f3zefa w Lubomierzu"},"content":{"rendered":"<p><a href=\"http:\/\/sp1lubomierz.pl\/wp-content\/uploads\/2025\/10\/IMG_3347-scaled.jpeg\"><img loading=\"lazy\" decoding=\"async\" class=\"alignleft size-thumbnail wp-image-48952\" src=\"http:\/\/sp1lubomierz.pl\/wp-content\/uploads\/2025\/10\/IMG_3347-150x150.jpeg\" alt=\"Medal Komisji Edukacji Narodowej w czerwonym etui wraz z legitymacj\u0105 potwierdzaj\u0105c\u0105 przyznanie odznaczenia.\" width=\"150\" height=\"150\"><\/a>Pani Dorota W\u0119gielska, nauczycielka Szko\u0142y Podstawowej nr 1 im. \u015bw. J\u00f3zefa w Lubomierzu, zosta\u0142a uhonorowana Medalem Komisji Edukacji&nbsp; Narodowej przyznawanym za szczeg\u00f3lne zas\u0142ugi dla o\u015bwiaty i wychowania, b\u0119d\u0105cy wyrazem uznania za dzia\u0142alno\u015b\u0107 dydaktyczn\u0105, wychowawcz\u0105, opieku\u0144cz\u0105 oraz tw\u00f3rczy wk\u0142ad w rozw\u00f3j edukacji.<!--more-->Pani Dorota W\u0119gielska to nauczycielka historii oraz j\u0119zyka polskiego i angielskiego z 25-letnim do\u015bwiadczeniem w pracy pedagogicznej z dzie\u0107mi i m\u0142odzie\u017c\u0105. Pe\u0142ni\u0105c rol\u0119 wieloletniego wychowawcy klasy, wspiera swoich uczni\u00f3w w zdobywaniu wiedzy&nbsp;&nbsp; i umiej\u0119tno\u015bci oraz s\u0142u\u017cy pomoc\u0105 w rozwi\u0105zywaniu problem\u00f3w.<br>Jest autork\u0105 innowacyjnych projekt\u00f3w historycznych: \u201eBliskie spotkania z histori\u0105 \u2013 ocali\u0107 od zapomnienia i&nbsp; \u201eWybitni dow\u00f3dcy wojskowi w historii naszej gminy, powiatu&nbsp; i regionu\u201d, na realizacj\u0119 kt\u00f3rych pozyska\u0142a \u015brodki finansowe z Urz\u0119du Gminy Mszana Dolna oraz nagrodzonych projekt\u00f3w og\u00f3lnopolskich: \u201eLekcja Powstanie Warszawskie\u201d oraz \u201e1000-lecie Kr\u00f3lestwa Polskiego\u201d.&nbsp; Dzi\u0119ki tym przedsi\u0119wzi\u0119ciom uczniowie poznali liczne miejsca pami\u0119ci historycznej w Polsce i w najbli\u017cszej okolicy, a szko\u0142a zyska\u0142a wiele nowych pomocy dydaktycznych.<br>Podczas realizacji &nbsp;projekt\u00f3w historycznych nawi\u0105za\u0142a wsp\u00f3\u0142prac\u0119 z parafi\u0105 w Lubomierzu oraz Stowarzyszeniem na Rzecz Wspierania M\u0142odych Talent\u00f3w z Lubomierza, efektem kt\u00f3rej by\u0142y ufundowanie&nbsp; i ods\u0142oni\u0119cie tablicy &nbsp;&nbsp;w ko\u015bciele w Lubomierzu upami\u0119tniaj\u0105cej niemieck\u0105 pacyfikacj\u0119 wsi w 1943 roku oraz nagranie wywiadu z J\u00f3zefem Kowalczykiem \u2013 weteranem wojennym pochodz\u0105cym z Lubomierza, uczestnikiem bitwy pod Monte Cassino.<br>Ponadto pani Dorota W\u0119gielska jest&nbsp; wsp\u00f3\u0142autork\u0105 ksi\u0105\u017cki pt. \u201eWojenne wspomnienia mieszka\u0144c\u00f3w Lubomierza\u201d ciesz\u0105cej si\u0119 du\u017c\u0105 popularno\u015bci\u0105 dzi\u0119ki autentycznym relacjom&nbsp; \u015bwiadk\u00f3w historii. Pani Dorota W\u0119gielska dba o rozwijanie postaw patriotycznych i zainteresowanie uczni\u00f3w histori\u0105 Polski, a przede wszystkim ich \u201eMa\u0142ej Ojczyzny\u201d Zach\u0119ca do udzia\u0142u w og\u00f3lnopolskich akcjach historycznych, takich jak:&nbsp; \u201eSzko\u0142a do Hymnu\u201d, \u201eSzko\u0142a Pami\u0119ta\u201d, \u201eBohaterON&nbsp; w Twojej Szkole\u201d i \u201eZapal \u015awiat\u0142o Wolno\u015bci\u201d oraz organizuje&nbsp; wycieczki do miejsc pami\u0119ci historycznej w najbli\u017cszej okolicy: \u201e\u015aladami wydarze\u0144 II wojny \u015bwiatowej w Gminie Mszana Dolna\u201d, \u201e\u015aladami Legion\u00f3w J\u00f3zefa Pi\u0142sudskiego&nbsp; w powiecie limanowskim oraz \u201e\u015aladami \u017co\u0142nierzy 1PSP w Gorcach i Beskidzie Wyspowym\u201d. Jest r\u00f3wnie\u017c wsp\u00f3\u0142odpowiedzialna&nbsp; za przygotowanie uroczysto\u015bci o charakterze patriotycznym z okazji Narodowego \u015awi\u0119ta Niepodleg\u0142o\u015bci, \u015awi\u0119ta Konstytucji 3 Maja i Dnia Pami\u0119ci Ofiar Zbrodni Katy\u0144skiej. Anga\u017cuje si\u0119 tak\u017ce w prac\u0119 Szkolnego Klubu Wolontariusza, uwra\u017cliwiaj\u0105c uczni\u00f3w na potrzeby drugiego cz\u0142owieka i wsp\u00f3\u0142organizuj\u0105c r\u00f3\u017cnego rodzaju akcje charytatywne.<br>Pani Dorota W\u0119gielska osi\u0105ga r\u00f3wnie\u017c wysokie wyniki w pracy dydaktycznej, czego potwierdzeniem s\u0105 wyniki uczni\u00f3w na egzaminie \u00f3smoklasisty i w konkursach przedmiotowych oraz tematycznych. Pod jej kierunkiem uczniowie&nbsp; zdobyli tytu\u0142y finalist\u00f3w w Ma\u0142opolskim Konkursie J\u0119zyka Polskiego i&nbsp; J\u0119zyka Angielskiego oraz wielokrotnie tytu\u0142 laureata w&nbsp; Og\u00f3lnopolskim Konkursie Historycznym \u201ePrzywr\u00f3ci\u0107 G\u0142os Niez\u0142omnym, Nieobecnym na lekcjach historii\u201d Zostali r\u00f3wnie\u017c wyr\u00f3\u017cnieni w Mi\u0119dzynarodowym Konkursie Historycznym \u201e\u015aladami historii Polski \u2013 sk\u0105d nasz r\u00f3d\u201d .<\/p>\n<p style=\"text-align: center;\">&nbsp;&nbsp;&nbsp;&nbsp;&nbsp;&nbsp;&nbsp;&nbsp; Sk\u0142adamy Pani Dorocie W\u0119gielskiej&nbsp; serdeczne gratulacje i wyrazy uznania.<\/p>\n<p style=\"text-align: right;\">Dyrektor Szko\u0142y<br>Jadwiga Baran-Sto\u017cek<\/p>\n\n\t\t<style type=\"text\/css\">\n\t\t\t#gallery-1 {\n\t\t\t\tmargin: auto;\n\t\t\t}\n\t\t\t#gallery-1 .gallery-item {\n\t\t\t\tfloat: left;\n\t\t\t\tmargin-top: 10px;\n\t\t\t\ttext-align: center;\n\t\t\t\twidth: 33%;\n\t\t\t}\n\t\t\t#gallery-1 img {\n\t\t\t\tborder: 2px solid #cfcfcf;\n\t\t\t}\n\t\t\t#gallery-1 .gallery-caption {\n\t\t\t\tmargin-left: 0;\n\t\t\t}\n\t\t\t\/* see gallery_shortcode() in wp-includes\/media.php *\/\n\t\t<\/style>\n\t\t<div id='gallery-1' class='gallery galleryid-48951 gallery-columns-3 gallery-size-thumbnail'><dl class='gallery-item'>\n\t\t\t<dt class='gallery-icon portrait'>\n\t\t\t\t<a href='https:\/\/sp1lubomierz.pl\/wp-content\/uploads\/2025\/10\/att.U9HjQS9zhQBIYO_0zmhaMWpTcczax4Iepe3NsEct7T8.jpeg'><img loading=\"lazy\" decoding=\"async\" width=\"150\" height=\"150\" src=\"https:\/\/sp1lubomierz.pl\/wp-content\/uploads\/2025\/10\/att.U9HjQS9zhQBIYO_0zmhaMWpTcczax4Iepe3NsEct7T8-150x150.jpeg\" class=\"attachment-thumbnail size-thumbnail\" alt=\"Uczestnicy uroczysto\u015bci wr\u0119czenia Medali Komisji Edukacji Narodowej podczas oficjalnej gali.\" \/><\/a>\n\t\t\t<\/dt><\/dl><dl class='gallery-item'>\n\t\t\t<dt class='gallery-icon portrait'>\n\t\t\t\t<a href='https:\/\/sp1lubomierz.pl\/wp-content\/uploads\/2025\/10\/att.xLl9JZ7uottaKVaiTsGiqbzAIhV6I8ap6idXZ5lGgAg-2.jpeg'><img loading=\"lazy\" decoding=\"async\" width=\"150\" height=\"150\" src=\"https:\/\/sp1lubomierz.pl\/wp-content\/uploads\/2025\/10\/att.xLl9JZ7uottaKVaiTsGiqbzAIhV6I8ap6idXZ5lGgAg-2-150x150.jpeg\" class=\"attachment-thumbnail size-thumbnail\" alt=\"Laureaci Medalu Komisji Edukacji Narodowej pozuj\u0105 do wsp\u00f3lnej fotografii po uroczysto\u015bci wr\u0119czenia odznacze\u0144.\" \/><\/a>\n\t\t\t<\/dt><\/dl><dl class='gallery-item'>\n\t\t\t<dt class='gallery-icon landscape'>\n\t\t\t\t<a href='https:\/\/sp1lubomierz.pl\/wp-content\/uploads\/2025\/10\/IMG_3347-scaled.jpeg'><img loading=\"lazy\" decoding=\"async\" width=\"150\" height=\"150\" src=\"https:\/\/sp1lubomierz.pl\/wp-content\/uploads\/2025\/10\/IMG_3347-150x150.jpeg\" class=\"attachment-thumbnail size-thumbnail\" alt=\"Medal Komisji Edukacji Narodowej w czerwonym etui wraz z legitymacj\u0105 potwierdzaj\u0105c\u0105 przyznanie odznaczenia.\" \/><\/a>\n\t\t\t<\/dt><\/dl><br style=\"clear: both\" \/>\n\t\t<\/div>\n\n\n","protected":false},"excerpt":{"rendered":"<p>Pani Dorota W\u0119gielska, nauczycielka Szko\u0142y Podstawowej nr 1 im. \u015bw. J\u00f3zefa w Lubomierzu, zosta\u0142a uhonorowana Medalem Komisji Edukacji&nbsp; Narodowej przyznawanym za szczeg\u00f3lne zas\u0142ugi dla o\u015bwiaty i wychowania, b\u0119d\u0105cy wyrazem uznania za dzia\u0142alno\u015b\u0107 dydaktyczn\u0105, wychowawcz\u0105, opieku\u0144cz\u0105 oraz tw\u00f3rczy wk\u0142ad w rozw\u00f3j edukacji.<\/p>\n","protected":false},"author":1,"featured_media":0,"comment_status":"closed","ping_status":"open","sticky":false,"template":"","format":"standard","meta":{"ngg_post_thumbnail":0,"footnotes":""},"categories":[1],"tags":[],"class_list":["post-48951","post","type-post","status-publish","format-standard","hentry","category-uncategorized"],"_links":{"self":[{"href":"https:\/\/sp1lubomierz.pl\/index.php?rest_route=\/wp\/v2\/posts\/48951","targetHints":{"allow":["GET"]}}],"collection":[{"href":"https:\/\/sp1lubomierz.pl\/index.php?rest_route=\/wp\/v2\/posts"}],"about":[{"href":"https:\/\/sp1lubomierz.pl\/index.php?rest_route=\/wp\/v2\/types\/post"}],"author":[{"embeddable":true,"href":"https:\/\/sp1lubomierz.pl\/index.php?rest_route=\/wp\/v2\/users\/1"}],"replies":[{"embeddable":true,"href":"https:\/\/sp1lubomierz.pl\/index.php?rest_route=%2Fwp%2Fv2%2Fcomments&post=48951"}],"version-history":[{"count":1,"href":"https:\/\/sp1lubomierz.pl\/index.php?rest_route=\/wp\/v2\/posts\/48951\/revisions"}],"predecessor-version":[{"id":48955,"href":"https:\/\/sp1lubomierz.pl\/index.php?rest_route=\/wp\/v2\/posts\/48951\/revisions\/48955"}],"wp:attachment":[{"href":"https:\/\/sp1lubomierz.pl\/index.php?rest_route=%2Fwp%2Fv2%2Fmedia&parent=48951"}],"wp:term":[{"taxonomy":"category","embeddable":true,"href":"https:\/\/sp1lubomierz.pl\/index.php?rest_route=%2Fwp%2Fv2%2Fcategories&post=48951"},{"taxonomy":"post_tag","embeddable":true,"href":"https:\/\/sp1lubomierz.pl\/index.php?rest_route=%2Fwp%2Fv2%2Ftags&post=48951"}],"curies":[{"name":"wp","href":"https:\/\/api.w.org\/{rel}","templated":true}]}}