{"id":48956,"date":"2025-10-23T21:21:43","date_gmt":"2025-10-23T19:21:43","guid":{"rendered":"https:\/\/sp1lubomierz.pl\/?p=48956"},"modified":"2025-10-23T21:21:43","modified_gmt":"2025-10-23T19:21:43","slug":"wybory-do-samorzadu-uczniowskiego-6","status":"publish","type":"post","link":"https:\/\/sp1lubomierz.pl\/?p=48956","title":{"rendered":"Wybory do Samorz\u0105du Uczniowskiego"},"content":{"rendered":"<p style=\"text-align: left;\"><a href=\"http:\/\/sp1lubomierz.pl\/wp-content\/uploads\/2025\/10\/image0-4-scaled.jpeg\"><img loading=\"lazy\" decoding=\"async\" class=\"alignleft size-thumbnail wp-image-48957\" src=\"http:\/\/sp1lubomierz.pl\/wp-content\/uploads\/2025\/10\/image0-4-150x150.jpeg\" alt=\"Troje uczni\u00f3w stoi na tle szkolnej tablicy z wizerunkiem \u015bw. J\u00f3zefa oraz napisem o jego cechach. Za nimi wida\u0107 \u017c\u00f3\u0142te szafki szkolne. Uczniowie patrz\u0105 w obiektyw i u\u015bmiechaj\u0105 si\u0119 delikatnie. Zdj\u0119cie przedstawia przedstawicieli nowo wybranego Samorz\u0105du Uczniowskiego.\" width=\"150\" height=\"150\"><\/a>W minion\u0105 \u015brod\u0119 w naszej szkole odby\u0142y si\u0119 d\u0142ugo oczekiwane wybory do Samorz\u0105du Uczniowskiego. Wydarzenie to jest wa\u017cnym elementem \u017cycia szko\u0142y, poniewa\u017c daje wszystkim uczniom mo\u017cliwo\u015b\u0107 aktywnego udzia\u0142u w zarz\u0105dzaniu i wsp\u00f3\u0142tworzeniu szkolnej spo\u0142eczno\u015bci.<br \/>\nW wyborach wzi\u0119li udzia\u0142 przedstawiciele r\u00f3\u017cnych klas, kt\u00f3rzy starali si\u0119 zdoby\u0107 zaufanie swoich kole\u017canek i koleg\u00f3w, prezentuj\u0105c swoje pomys\u0142y oraz plany na nadchodz\u0105cy rok szkolny.<!--more-->G\u0142osowanie przebiega\u0142o w spos\u00f3b demokratyczny i transparentny, pod czujnym okiem nauczycieli.<br \/>\nPo przeliczeniu wszystkich g\u0142os\u00f3w og\u0142aszamy oficjalne wyniki wybor\u00f3w:<br \/>\nPrzewodnicz\u0105c\u0105 Samorz\u0105du Uczniowskiego zosta\u0142a Maria Z. z klasy 8, kt\u00f3ra przekona\u0142a wyborc\u00f3w do swojej wizji aktywnego i kreatywnego dzia\u0142ania na rzecz ca\u0142ej spo\u0142eczno\u015bci szkolnej.<br \/>\nZast\u0119pc\u0105 przewodnicz\u0105cej zosta\u0142a&nbsp; Milena K. z klasy 8. Natomiast na funkcj\u0119 sekretarza&nbsp; wybrano Macieja&nbsp; K. z klasy 7. Ponadto do zespo\u0142u samorz\u0105dowego do\u0142\u0105czyli tak\u017ce pozostali cz\u0142onkowie:<br \/>\nJulia K. z klasy 6,<br \/>\nJacek O. z klasy 6,<br \/>\nZofia O. z klasy 5,<br \/>\nSebastian F. z klasy 4.<br \/>\nNowo wybrany Samorz\u0105d Uczniowski ju\u017c zapowiedzia\u0142, \u017ce b\u0119dzie dzia\u0142a\u0107 na rzecz poprawy atmosfery w szkole, organizacji wydarze\u0144 integracyjnych oraz wsparcia inicjatyw uczniowskich. \u017byczymy im wielu sukces\u00f3w oraz owocnej i pe\u0142nej zaanga\u017cowania pracy!<br \/>\nOpiekunami Samorz\u0105du Uczniowskiego zosta\u0142y: mgr Katarzyna Aksamit i mgr Sabina Zapa\u0142a-Malec.<\/p>\n<p style=\"text-align: right;\">\nred. Sabina ZM<\/p>\n","protected":false},"excerpt":{"rendered":"<p>W minion\u0105 \u015brod\u0119 w naszej szkole odby\u0142y si\u0119 d\u0142ugo oczekiwane wybory do Samorz\u0105du Uczniowskiego. Wydarzenie to jest wa\u017cnym elementem \u017cycia szko\u0142y, poniewa\u017c daje wszystkim uczniom mo\u017cliwo\u015b\u0107 aktywnego udzia\u0142u w zarz\u0105dzaniu i wsp\u00f3\u0142tworzeniu szkolnej spo\u0142eczno\u015bci. W wyborach wzi\u0119li udzia\u0142 przedstawiciele r\u00f3\u017cnych klas, kt\u00f3rzy starali si\u0119 zdoby\u0107 zaufanie swoich kole\u017canek i koleg\u00f3w, prezentuj\u0105c swoje pomys\u0142y oraz plany [&hellip;]<\/p>\n","protected":false},"author":1,"featured_media":0,"comment_status":"closed","ping_status":"open","sticky":false,"template":"","format":"standard","meta":{"ngg_post_thumbnail":0,"footnotes":""},"categories":[1],"tags":[],"class_list":["post-48956","post","type-post","status-publish","format-standard","hentry","category-uncategorized"],"_links":{"self":[{"href":"https:\/\/sp1lubomierz.pl\/index.php?rest_route=\/wp\/v2\/posts\/48956","targetHints":{"allow":["GET"]}}],"collection":[{"href":"https:\/\/sp1lubomierz.pl\/index.php?rest_route=\/wp\/v2\/posts"}],"about":[{"href":"https:\/\/sp1lubomierz.pl\/index.php?rest_route=\/wp\/v2\/types\/post"}],"author":[{"embeddable":true,"href":"https:\/\/sp1lubomierz.pl\/index.php?rest_route=\/wp\/v2\/users\/1"}],"replies":[{"embeddable":true,"href":"https:\/\/sp1lubomierz.pl\/index.php?rest_route=%2Fwp%2Fv2%2Fcomments&post=48956"}],"version-history":[{"count":1,"href":"https:\/\/sp1lubomierz.pl\/index.php?rest_route=\/wp\/v2\/posts\/48956\/revisions"}],"predecessor-version":[{"id":48958,"href":"https:\/\/sp1lubomierz.pl\/index.php?rest_route=\/wp\/v2\/posts\/48956\/revisions\/48958"}],"wp:attachment":[{"href":"https:\/\/sp1lubomierz.pl\/index.php?rest_route=%2Fwp%2Fv2%2Fmedia&parent=48956"}],"wp:term":[{"taxonomy":"category","embeddable":true,"href":"https:\/\/sp1lubomierz.pl\/index.php?rest_route=%2Fwp%2Fv2%2Fcategories&post=48956"},{"taxonomy":"post_tag","embeddable":true,"href":"https:\/\/sp1lubomierz.pl\/index.php?rest_route=%2Fwp%2Fv2%2Ftags&post=48956"}],"curies":[{"name":"wp","href":"https:\/\/api.w.org\/{rel}","templated":true}]}}