{"id":48959,"date":"2025-10-23T21:31:27","date_gmt":"2025-10-23T19:31:27","guid":{"rendered":"https:\/\/sp1lubomierz.pl\/?p=48959"},"modified":"2025-10-23T21:33:42","modified_gmt":"2025-10-23T19:33:42","slug":"konkurs-plastyczny-reymontowska-wies-w-obrazach","status":"publish","type":"post","link":"https:\/\/sp1lubomierz.pl\/?p=48959","title":{"rendered":"Konkurs Plastyczny \u201eReymontowska wie\u015b w obrazach\u201d"},"content":{"rendered":"<p><a href=\"http:\/\/sp1lubomierz.pl\/wp-content\/uploads\/2025\/10\/Reymont-plakat-1-2.png\"><img loading=\"lazy\" decoding=\"async\" class=\"alignleft size-thumbnail wp-image-48960\" src=\"http:\/\/sp1lubomierz.pl\/wp-content\/uploads\/2025\/10\/Reymont-plakat-1-2-150x150.png\" alt=\"Plakat informuj\u0105cy o konkursie plastycznym pod tytu\u0142em \u201eReymontowska wie\u015b w obrazach\u201d. Organizatorami s\u0105 Gminna Biblioteka Publiczna w Mszanie Dolnej z siedzib\u0105 w Kasinie Wielkiej oraz Powiatowa Biblioteka Publiczna w Limanowej. Plakat zaprasza uczni\u00f3w szk\u00f3\u0142 podstawowych do udzia\u0142u w konkursie. U do\u0142u widnieje napis: \u201e2025 rokiem W\u0142adys\u0142awa Reymonta\u201d. W tle znajduj\u0105 si\u0119 rysunki kwiat\u00f3w, k\u0142os\u00f3w zbo\u017ca, o\u0142\u00f3wk\u00f3w i palety malarskiej. W prawym g\u00f3rnym rogu znajduje si\u0119 portret W\u0142adys\u0142awa Reymonta w stylu ilustracyjnym.\" width=\"150\" height=\"150\"><\/a>Konkurs ma na celu uczczenie roku W\u0142adys\u0142awa Stanis\u0142awa Reymonta \u2013 laureata Nagrody Nobla za powie\u015b\u0107 \u201eCh\u0142opi\u201d.<br>Organizator konkursu: Gminna Biblioteka Publiczna w Mszanie Dolnej z siedzib\u0105 w Kasinie Wielkiej wraz z filiami oraz Miejska Biblioteka Publiczna w Limanowej.<br>Tematyka i Cel: Konkurs dotyczy przedstawienia \u017cycia wsi polskiej z czas\u00f3w W\u0142adys\u0142awa Reymonta. Prace powinny by\u0107 inspirowane jego tw\u00f3rczo\u015bci\u0105 lub og\u00f3lnym obrazem codzienno\u015bci, pracy, zwyczaj\u00f3w i obrz\u0119d\u00f3w \u00f3wczesnej wsi.<!--more-->Przyk\u0142adowe motywy:<\/p>\n<ul>\n<li>Pejza\u017ce i krajobrazy dawnej polskiej wsi.<\/li>\n<li>Codzienne zaj\u0119cia (prace w polu, w gospodarstwie, przy zwierz\u0119tach).<\/li>\n<li>Obrz\u0119dy, zwyczaje i \u015bwi\u0119ta wiejskie (np. \u017cniwa, do\u017cynki, wesela).<\/li>\n<li>Portrety i sceny inspirowane bohaterami \u201eCh\u0142op\u00f3w\u201d.<\/li>\n<\/ul>\n<p>Konkurs jest przeznaczony dla uczni\u00f3w szk\u00f3\u0142 podstawowych z terenu Gminy Mszana Dolna<span style=\"font-size: revert; color: initial;\">.<br><\/span>Kategorie wiekowe:<\/p>\n<ul>\n<li>Kategoria I: uczniowie klas I \u2013 III.<\/li>\n<li>Kategoria II: uczniowie klas IV \u2013 VIII.<\/li>\n<\/ul>\n<p>&nbsp;Warunki Uczestnictwa<\/p>\n<ol>\n<li>Samodzielne wykonanie jednej pracy plastycznej nawi\u0105zuj\u0105cej do tematyki.<\/li>\n<li>Technika: Dowolna technika plastyczna (np. o\u0142\u00f3wek, kredka, pastele, farby plakatowe, wycinanki).<\/li>\n<li>Format: A4 lub A3.<\/li>\n<li>Wykluczenia: Bez materia\u0142\u00f3w sypkich, plasteliny oraz prac przestrzennych.<\/li>\n<li>Oprawa: Praca musi by\u0107 oprawiona w passe-partout (ramk\u0119 papierow\u0105).<\/li>\n<li>Oznaczenie pracy: Na odwrocie musz\u0105 znale\u017a\u0107 si\u0119: tytu\u0142 pracy, imi\u0119 i nazwisko uczestnika, numer kontaktowy, klasa, nazwa szko\u0142y, imi\u0119 i nazwisko opiekuna.<\/li>\n<li>O\u015bwiadczenie: Do pracy nale\u017cy do\u0142\u0105czy\u0107 wype\u0142nione przez rodzica lub opiekuna prawnego o\u015bwiadczenie (za\u0142\u0105cznik nr 1 do Regulaminu).<\/li>\n<\/ol>\n<ul>\n<li><strong>Termin sk\u0142adania prac:<\/strong> <strong>do dnia 7 listopada 2025 r.<\/strong> do p. Katarzyny Wojtyczki<\/li>\n<\/ul>\n<p style=\"text-align: center;\"><span style=\"color: #0000ff;\"><a style=\"color: #0000ff;\" href=\"http:\/\/sp1lubomierz.pl\/wp-content\/uploads\/2025\/10\/Zalacznik-nr-1-do-Reg.-konkursu-Reymontowska-wies.docx\">Za\u0142\u0105cznik nr 1 do Reg. konkursu Reymontowska wie\u015b<\/a><\/span><\/p>\n<p style=\"text-align: center;\"><span style=\"color: #0000ff;\"><a style=\"color: #0000ff;\" href=\"http:\/\/sp1lubomierz.pl\/wp-content\/uploads\/2025\/10\/Regulamin-konkursu-Reymontowska-wies-w-obrazach.odt\">Regulamin konkursu Reymontowska wie\u015b w obrazach<\/a><\/span><\/p>\n\n","protected":false},"excerpt":{"rendered":"<p>Konkurs ma na celu uczczenie roku W\u0142adys\u0142awa Stanis\u0142awa Reymonta \u2013 laureata Nagrody Nobla za powie\u015b\u0107 \u201eCh\u0142opi\u201d.Organizator konkursu: Gminna Biblioteka Publiczna w Mszanie Dolnej z siedzib\u0105 w Kasinie Wielkiej wraz z filiami oraz Miejska Biblioteka Publiczna w Limanowej.Tematyka i Cel: Konkurs dotyczy przedstawienia \u017cycia wsi polskiej z czas\u00f3w W\u0142adys\u0142awa Reymonta. Prace powinny by\u0107 inspirowane jego tw\u00f3rczo\u015bci\u0105 [&hellip;]<\/p>\n","protected":false},"author":1,"featured_media":0,"comment_status":"closed","ping_status":"open","sticky":false,"template":"","format":"standard","meta":{"ngg_post_thumbnail":0,"footnotes":""},"categories":[1],"tags":[],"class_list":["post-48959","post","type-post","status-publish","format-standard","hentry","category-uncategorized"],"_links":{"self":[{"href":"https:\/\/sp1lubomierz.pl\/index.php?rest_route=\/wp\/v2\/posts\/48959","targetHints":{"allow":["GET"]}}],"collection":[{"href":"https:\/\/sp1lubomierz.pl\/index.php?rest_route=\/wp\/v2\/posts"}],"about":[{"href":"https:\/\/sp1lubomierz.pl\/index.php?rest_route=\/wp\/v2\/types\/post"}],"author":[{"embeddable":true,"href":"https:\/\/sp1lubomierz.pl\/index.php?rest_route=\/wp\/v2\/users\/1"}],"replies":[{"embeddable":true,"href":"https:\/\/sp1lubomierz.pl\/index.php?rest_route=%2Fwp%2Fv2%2Fcomments&post=48959"}],"version-history":[{"count":3,"href":"https:\/\/sp1lubomierz.pl\/index.php?rest_route=\/wp\/v2\/posts\/48959\/revisions"}],"predecessor-version":[{"id":48966,"href":"https:\/\/sp1lubomierz.pl\/index.php?rest_route=\/wp\/v2\/posts\/48959\/revisions\/48966"}],"wp:attachment":[{"href":"https:\/\/sp1lubomierz.pl\/index.php?rest_route=%2Fwp%2Fv2%2Fmedia&parent=48959"}],"wp:term":[{"taxonomy":"category","embeddable":true,"href":"https:\/\/sp1lubomierz.pl\/index.php?rest_route=%2Fwp%2Fv2%2Fcategories&post=48959"},{"taxonomy":"post_tag","embeddable":true,"href":"https:\/\/sp1lubomierz.pl\/index.php?rest_route=%2Fwp%2Fv2%2Ftags&post=48959"}],"curies":[{"name":"wp","href":"https:\/\/api.w.org\/{rel}","templated":true}]}}