{"id":48989,"date":"2025-11-03T21:50:02","date_gmt":"2025-11-03T20:50:02","guid":{"rendered":"https:\/\/sp1lubomierz.pl\/?p=48989"},"modified":"2025-11-03T21:50:52","modified_gmt":"2025-11-03T20:50:52","slug":"narodowe-swieto-niepodleglosci-w-mszanie-dolnej","status":"publish","type":"post","link":"https:\/\/sp1lubomierz.pl\/?p=48989","title":{"rendered":"Narodowe \u015awi\u0119to Niepodleg\u0142o\u015bci w Mszanie Dolnej"},"content":{"rendered":"<p><a href=\"http:\/\/sp1lubomierz.pl\/wp-content\/uploads\/2025\/11\/138471.jpg\"><img loading=\"lazy\" decoding=\"async\" class=\"aligncenter wp-image-48990\" src=\"http:\/\/sp1lubomierz.pl\/wp-content\/uploads\/2025\/11\/138471-725x1024.jpg\" alt=\"Program uroczysto\u015bci:\n9 listopada (niedziela)\n17:00 - &quot;Koncert patriotyczny z okazji \u015awi\u0119ta Niepodleg\u0142o\u015bci&quot;, oraganizownay przez Zesp\u00f3\u0142 Folklorystyczny \u201eDolina Mszanki\u201d (MOK w Mszanie Dolnej)\n11 listopada (wtorek)\n\n 9:40 \u2013 Apel Poleg\u0142ych na Rynku, a nast\u0119pnie wsp\u00f3lny przemarsz uczestnik\u00f3w na cmentarz\n\n10:00 \u2013 Z\u0142o\u017cenie wi\u0105zanek i zapalenie zniczy na mogi\u0142ach poleg\u0142ych \u017co\u0142nierzy\n\n10:30 \u2013 Msza \u015bwi\u0119ta dzi\u0119kczynna w sanktuarium \u015bw. Micha\u0142a Archanio\u0142a\n\n19:00 \u2013 &quot;Koncert dla Niepodleg\u0142ej z okazji 1000-lecia Korony Kr\u00f3lestwa Polskiego&quot;, organizowany przez Orkiestr\u0119 D\u0119t\u0105 Mszana G\u00f3rna (MOK w Mszanie Dolnej)\" width=\"500\" height=\"707\" srcset=\"https:\/\/sp1lubomierz.pl\/wp-content\/uploads\/2025\/11\/138471-725x1024.jpg 725w, https:\/\/sp1lubomierz.pl\/wp-content\/uploads\/2025\/11\/138471-212x300.jpg 212w, https:\/\/sp1lubomierz.pl\/wp-content\/uploads\/2025\/11\/138471-768x1085.jpg 768w, https:\/\/sp1lubomierz.pl\/wp-content\/uploads\/2025\/11\/138471-163x230.jpg 163w, https:\/\/sp1lubomierz.pl\/wp-content\/uploads\/2025\/11\/138471.jpg 900w\" sizes=\"auto, (max-width: 500px) 100vw, 500px\" \/><\/a><!--more--><\/p>\n<p>Wi\u0119cej informacji pod linkiem: <span style=\"color: #0000ff;\"><a style=\"color: #0000ff;\" href=\"https:\/\/www.mszana.pl\/aktualnosci,6829.html\">Narodowe \u015awi\u0119to Niepodleg\u0142o\u015bci w Mszanie Dolnej &#8211; Gmina Mszana Dolna<\/a><\/span><\/p>\n","protected":false},"excerpt":{"rendered":"","protected":false},"author":1,"featured_media":0,"comment_status":"closed","ping_status":"open","sticky":false,"template":"","format":"standard","meta":{"ngg_post_thumbnail":0,"footnotes":""},"categories":[1],"tags":[],"class_list":["post-48989","post","type-post","status-publish","format-standard","hentry","category-uncategorized"],"_links":{"self":[{"href":"https:\/\/sp1lubomierz.pl\/index.php?rest_route=\/wp\/v2\/posts\/48989","targetHints":{"allow":["GET"]}}],"collection":[{"href":"https:\/\/sp1lubomierz.pl\/index.php?rest_route=\/wp\/v2\/posts"}],"about":[{"href":"https:\/\/sp1lubomierz.pl\/index.php?rest_route=\/wp\/v2\/types\/post"}],"author":[{"embeddable":true,"href":"https:\/\/sp1lubomierz.pl\/index.php?rest_route=\/wp\/v2\/users\/1"}],"replies":[{"embeddable":true,"href":"https:\/\/sp1lubomierz.pl\/index.php?rest_route=%2Fwp%2Fv2%2Fcomments&post=48989"}],"version-history":[{"count":2,"href":"https:\/\/sp1lubomierz.pl\/index.php?rest_route=\/wp\/v2\/posts\/48989\/revisions"}],"predecessor-version":[{"id":48992,"href":"https:\/\/sp1lubomierz.pl\/index.php?rest_route=\/wp\/v2\/posts\/48989\/revisions\/48992"}],"wp:attachment":[{"href":"https:\/\/sp1lubomierz.pl\/index.php?rest_route=%2Fwp%2Fv2%2Fmedia&parent=48989"}],"wp:term":[{"taxonomy":"category","embeddable":true,"href":"https:\/\/sp1lubomierz.pl\/index.php?rest_route=%2Fwp%2Fv2%2Fcategories&post=48989"},{"taxonomy":"post_tag","embeddable":true,"href":"https:\/\/sp1lubomierz.pl\/index.php?rest_route=%2Fwp%2Fv2%2Ftags&post=48989"}],"curies":[{"name":"wp","href":"https:\/\/api.w.org\/{rel}","templated":true}]}}