{"id":49001,"date":"2025-11-10T10:56:48","date_gmt":"2025-11-10T09:56:48","guid":{"rendered":"https:\/\/sp1lubomierz.pl\/?p=49001"},"modified":"2025-11-10T10:57:15","modified_gmt":"2025-11-10T09:57:15","slug":"sukcesy-sportowe-jedynki","status":"publish","type":"post","link":"https:\/\/sp1lubomierz.pl\/?p=49001","title":{"rendered":"SUKCESY SPORTOWE JEDYNKI"},"content":{"rendered":"<p><a href=\"http:\/\/sp1lubomierz.pl\/wp-content\/uploads\/2025\/11\/20251105_115619-scaled.jpg\"><img loading=\"lazy\" decoding=\"async\" class=\"alignleft size-thumbnail wp-image-49007\" src=\"http:\/\/sp1lubomierz.pl\/wp-content\/uploads\/2025\/11\/20251105_115619-150x150.jpg\" alt=\"Dru\u017cyna ch\u0142opc\u00f3w SP nr 1 w Lubomierzu z pucharem za I miejsce w koszyk\u00f3wce 3x3.\" width=\"150\" height=\"150\"><\/a>Dnia 05.11.2025r. uczniowie klasy 6 reprezentowali nasz\u0105 szko\u0142\u0119 w gminnych rozgrywkach sportowych koszyk\u00f3wka 3&#215;3. Ch\u0142opcy byli najlepsi,&nbsp; zaj\u0119li I miejsce i b\u0119d\u0105 reprezentowa\u0107 Gmin\u0119 na zawodach powiatowych. Dziewczynki zaj\u0119\u0142y II miejsce. Dnia 07.11.2025r. uczniowie klas 7-8 reprezentowali nasz\u0105 szko\u0142\u0119 w gminnych rozgrywkach sportowych koszyk\u00f3wka 3&#215;3. Dziewczynki zaj\u0119\u0142y II miejsce. GRATULUJEMY M\u0141ODYM SPORTOWCOM<!--more--><\/p>\n\n\t\t<style type=\"text\/css\">\n\t\t\t#gallery-1 {\n\t\t\t\tmargin: auto;\n\t\t\t}\n\t\t\t#gallery-1 .gallery-item {\n\t\t\t\tfloat: left;\n\t\t\t\tmargin-top: 10px;\n\t\t\t\ttext-align: center;\n\t\t\t\twidth: 33%;\n\t\t\t}\n\t\t\t#gallery-1 img {\n\t\t\t\tborder: 2px solid #cfcfcf;\n\t\t\t}\n\t\t\t#gallery-1 .gallery-caption {\n\t\t\t\tmargin-left: 0;\n\t\t\t}\n\t\t\t\/* see gallery_shortcode() in wp-includes\/media.php *\/\n\t\t<\/style>\n\t\t<div id='gallery-1' class='gallery galleryid-49001 gallery-columns-3 gallery-size-thumbnail'><dl class='gallery-item'>\n\t\t\t<dt class='gallery-icon landscape'>\n\t\t\t\t<a href='https:\/\/sp1lubomierz.pl\/wp-content\/uploads\/2025\/11\/20251105_115356-scaled.jpg'><img loading=\"lazy\" decoding=\"async\" width=\"150\" height=\"150\" src=\"https:\/\/sp1lubomierz.pl\/wp-content\/uploads\/2025\/11\/20251105_115356-150x150.jpg\" class=\"attachment-thumbnail size-thumbnail\" alt=\"M\u0142odsza dru\u017cyna dziewcz\u0105t SP nr 1 w Lubomierzu z pucharem za II miejsce w koszyk\u00f3wce 3x3.\" \/><\/a>\n\t\t\t<\/dt><\/dl><dl class='gallery-item'>\n\t\t\t<dt class='gallery-icon landscape'>\n\t\t\t\t<a href='https:\/\/sp1lubomierz.pl\/wp-content\/uploads\/2025\/11\/20251105_115619-scaled.jpg'><img loading=\"lazy\" decoding=\"async\" width=\"150\" height=\"150\" src=\"https:\/\/sp1lubomierz.pl\/wp-content\/uploads\/2025\/11\/20251105_115619-150x150.jpg\" class=\"attachment-thumbnail size-thumbnail\" alt=\"Dru\u017cyna ch\u0142opc\u00f3w SP nr 1 w Lubomierzu z pucharem za I miejsce w koszyk\u00f3wce 3x3.\" \/><\/a>\n\t\t\t<\/dt><\/dl><dl class='gallery-item'>\n\t\t\t<dt class='gallery-icon portrait'>\n\t\t\t\t<a href='https:\/\/sp1lubomierz.pl\/wp-content\/uploads\/2025\/11\/20251107_115955-scaled.jpg'><img loading=\"lazy\" decoding=\"async\" width=\"150\" height=\"150\" src=\"https:\/\/sp1lubomierz.pl\/wp-content\/uploads\/2025\/11\/20251107_115955-150x150.jpg\" class=\"attachment-thumbnail size-thumbnail\" alt=\"Dru\u017cyna dziewcz\u0105t SP nr 1 w Lubomierzu z pucharem za II miejsce w koszyk\u00f3wce 3x3.\" \/><\/a>\n\t\t\t<\/dt><\/dl><br style=\"clear: both\" \/><dl class='gallery-item'>\n\t\t\t<dt class='gallery-icon portrait'>\n\t\t\t\t<a href='https:\/\/sp1lubomierz.pl\/wp-content\/uploads\/2025\/11\/577669679_1366622768182593_5715757507640910852_n.jpg'><img loading=\"lazy\" decoding=\"async\" width=\"150\" height=\"150\" src=\"https:\/\/sp1lubomierz.pl\/wp-content\/uploads\/2025\/11\/577669679_1366622768182593_5715757507640910852_n-150x150.jpg\" class=\"attachment-thumbnail size-thumbnail\" alt=\"Puchar za II miejsce w koszyk\u00f3wce dziewcz\u0105t 3x3 \u2013 kategoria m\u0142odzie\u017cy.\" \/><\/a>\n\t\t\t<\/dt><\/dl><dl class='gallery-item'>\n\t\t\t<dt class='gallery-icon portrait'>\n\t\t\t\t<a href='https:\/\/sp1lubomierz.pl\/wp-content\/uploads\/2025\/11\/568246053_1086154353473173_4823248114341945230_n.jpg'><img loading=\"lazy\" decoding=\"async\" width=\"150\" height=\"150\" src=\"https:\/\/sp1lubomierz.pl\/wp-content\/uploads\/2025\/11\/568246053_1086154353473173_4823248114341945230_n-150x150.jpg\" class=\"attachment-thumbnail size-thumbnail\" alt=\"Puchar za I miejsce w koszyk\u00f3wce ch\u0142opc\u00f3w 3x3 podczas Mistrzostw Gminy Mszana Dolna.\" \/><\/a>\n\t\t\t<\/dt><\/dl><dl class='gallery-item'>\n\t\t\t<dt class='gallery-icon portrait'>\n\t\t\t\t<a href='https:\/\/sp1lubomierz.pl\/wp-content\/uploads\/2025\/11\/575686813_1488592222817413_7571399113813754555_n.jpg'><img loading=\"lazy\" decoding=\"async\" width=\"150\" height=\"150\" src=\"https:\/\/sp1lubomierz.pl\/wp-content\/uploads\/2025\/11\/575686813_1488592222817413_7571399113813754555_n-150x150.jpg\" class=\"attachment-thumbnail size-thumbnail\" alt=\"Puchar za II miejsce w koszyk\u00f3wce dziewcz\u0105t 3x3 \u2013 kategoria dzieci m\u0142odszych.\" \/><\/a>\n\t\t\t<\/dt><\/dl><br style=\"clear: both\" \/>\n\t\t<\/div>\n\n\n","protected":false},"excerpt":{"rendered":"<p>Dnia 05.11.2025r. uczniowie klasy 6 reprezentowali nasz\u0105 szko\u0142\u0119 w gminnych rozgrywkach sportowych koszyk\u00f3wka 3&#215;3. Ch\u0142opcy byli najlepsi,&nbsp; zaj\u0119li I miejsce i b\u0119d\u0105 reprezentowa\u0107 Gmin\u0119 na zawodach powiatowych. Dziewczynki zaj\u0119\u0142y II miejsce. Dnia 07.11.2025r. uczniowie klas 7-8 reprezentowali nasz\u0105 szko\u0142\u0119 w gminnych rozgrywkach sportowych koszyk\u00f3wka 3&#215;3. Dziewczynki zaj\u0119\u0142y II miejsce. GRATULUJEMY M\u0141ODYM SPORTOWCOM<\/p>\n","protected":false},"author":1,"featured_media":0,"comment_status":"closed","ping_status":"open","sticky":false,"template":"","format":"standard","meta":{"ngg_post_thumbnail":0,"footnotes":""},"categories":[1],"tags":[],"class_list":["post-49001","post","type-post","status-publish","format-standard","hentry","category-uncategorized"],"_links":{"self":[{"href":"https:\/\/sp1lubomierz.pl\/index.php?rest_route=\/wp\/v2\/posts\/49001","targetHints":{"allow":["GET"]}}],"collection":[{"href":"https:\/\/sp1lubomierz.pl\/index.php?rest_route=\/wp\/v2\/posts"}],"about":[{"href":"https:\/\/sp1lubomierz.pl\/index.php?rest_route=\/wp\/v2\/types\/post"}],"author":[{"embeddable":true,"href":"https:\/\/sp1lubomierz.pl\/index.php?rest_route=\/wp\/v2\/users\/1"}],"replies":[{"embeddable":true,"href":"https:\/\/sp1lubomierz.pl\/index.php?rest_route=%2Fwp%2Fv2%2Fcomments&post=49001"}],"version-history":[{"count":2,"href":"https:\/\/sp1lubomierz.pl\/index.php?rest_route=\/wp\/v2\/posts\/49001\/revisions"}],"predecessor-version":[{"id":49010,"href":"https:\/\/sp1lubomierz.pl\/index.php?rest_route=\/wp\/v2\/posts\/49001\/revisions\/49010"}],"wp:attachment":[{"href":"https:\/\/sp1lubomierz.pl\/index.php?rest_route=%2Fwp%2Fv2%2Fmedia&parent=49001"}],"wp:term":[{"taxonomy":"category","embeddable":true,"href":"https:\/\/sp1lubomierz.pl\/index.php?rest_route=%2Fwp%2Fv2%2Fcategories&post=49001"},{"taxonomy":"post_tag","embeddable":true,"href":"https:\/\/sp1lubomierz.pl\/index.php?rest_route=%2Fwp%2Fv2%2Ftags&post=49001"}],"curies":[{"name":"wp","href":"https:\/\/api.w.org\/{rel}","templated":true}]}}