{"id":49011,"date":"2025-11-12T16:52:06","date_gmt":"2025-11-12T15:52:06","guid":{"rendered":"https:\/\/sp1lubomierz.pl\/?p=49011"},"modified":"2025-11-13T09:55:31","modified_gmt":"2025-11-13T08:55:31","slug":"warsztaty-bezpieczni-na-stoku-z-healthguard-foundation","status":"publish","type":"post","link":"https:\/\/sp1lubomierz.pl\/?p=49011","title":{"rendered":"Warsztaty &#8222;Bezpieczni na stoku&#8221; z HEALTHGUARD FOUNDATION"},"content":{"rendered":"<p><a href=\"http:\/\/sp1lubomierz.pl\/wp-content\/uploads\/2025\/11\/7ee19f9d-469b-407a-b56a-a93154a11343.jpg\"><img loading=\"lazy\" decoding=\"async\" class=\"alignleft size-thumbnail wp-image-49012\" src=\"http:\/\/sp1lubomierz.pl\/wp-content\/uploads\/2025\/11\/7ee19f9d-469b-407a-b56a-a93154a11343-150x150.jpg\" alt=\"Na zdj\u0119ciu wida\u0107 grup\u0119 uczni\u00f3w siedz\u0105cych na \u0142awkach i uwa\u017cnie s\u0142uchaj\u0105cych instruktora ubranego w str\u00f3j ratownika medycznego. W sali, ozdobionej \u017c\u00f3\u0142tymi papierowymi kulami i jesiennymi dekoracjami, prowadzone s\u0105 warsztaty z pierwszej pomocy. Na pod\u0142odze le\u017c\u0105 fantomy, na kt\u00f3rych uczestnicy b\u0119d\u0105 \u0107wiczy\u0107 resuscytacj\u0119. W tle widoczny jest ekran z prezentacj\u0105 zatytu\u0142owan\u0105 \u201eBezpieczni na stoku \u2013 warsztaty z pierwszej pomocy\" width=\"150\" height=\"150\"><\/a>Dnia 29 pa\u017adziernika 2025 roku uczniowie klas si\u00f3dmych i \u00f3smych naszej szko\u0142y wzi\u0119li udzia\u0142 w wyj\u0105tkowym projekcie edukacyjnym \u201eBezpieczni na stoku\u201d, zorganizowanym przez HEALTHGUARD FOUNDATION. By\u0142y to warsztaty z zakresu pierwszej pomocy, kt\u00f3rych celem by\u0142o przygotowanie m\u0142odzie\u017cy do bezpiecznego sp\u0119dzania czasu podczas zimowych aktywno\u015bci, takich jak jazda na nartach czy snowboardzie, a tak\u017ce nauka reagowania w sytuacjach zagro\u017cenia zdrowia i \u017cycia.<!--more--> Podczas zaj\u0119\u0107 uczniowie poznali zasady udzielania pierwszej pomocy w razie wypadku na stoku, uczestniczyli w praktycznych \u0107wiczeniach z zakresu resuscytacji i opatrywania ran oraz dowiedzieli si\u0119, jak odpowiednio przygotowa\u0107 si\u0119 do zimowego wypoczynku i unika\u0107 najcz\u0119stszych zagro\u017ce\u0144 podczas aktywno\u015bci na \u015bwie\u017cym powietrzu. Warsztaty prowadzone by\u0142y w spos\u00f3b atrakcyjny i anga\u017cuj\u0105cy \u2013 uczniowie mieli mo\u017cliwo\u015b\u0107 samodzielnego dzia\u0142ania, zadawania pyta\u0144 i sprawdzenia swojej wiedzy w praktyce. Zaj\u0119cia dostarczy\u0142y nie tylko cennych informacji, ale r\u00f3wnie\u017c u\u015bwiadomi\u0142y m\u0142odzie\u017cy, jak wa\u017cne jest odpowiedzialne zachowanie i wzajemna pomoc w g\u00f3rach. Na zako\u0144czenie uczestnicy otrzymali materia\u0142y edukacyjne, kt\u00f3re pomog\u0105 im utrwali\u0107 zdobyt\u0105 wiedz\u0119 i przygotowa\u0107 si\u0119 do bezpiecznego sezonu zimowego.<\/p>\n<p>Serdecznie dzi\u0119kujemy HEALTHGUARD FOUNDATION za przeprowadzenie warto\u015bciowych warsztat\u00f3w z pierwszej pomocy oraz za zaanga\u017cowanie w edukacj\u0119 m\u0142odzie\u017cy w zakresie bezpiecze\u0144stwa i zdrowia.<br \/>\nZapraszamy do obejrzenia kr\u00f3tkiej relacji z wydarzenia \u2014 zobacz, jak wygl\u0105da\u0142y warsztaty \u201eBezpieczni na stoku\u201d w praktyce! \ud83c\udfac&nbsp;<a href=\"https:\/\/www.facebook.com\/reel\/1355537572889359\">https:\/\/www.facebook.com\/reel\/1355537572889359<\/a><\/p>\n<p style=\"text-align: right;\">red. K. Chodarcewicz<\/p>\n\n\t\t<style type=\"text\/css\">\n\t\t\t#gallery-1 {\n\t\t\t\tmargin: auto;\n\t\t\t}\n\t\t\t#gallery-1 .gallery-item {\n\t\t\t\tfloat: left;\n\t\t\t\tmargin-top: 10px;\n\t\t\t\ttext-align: center;\n\t\t\t\twidth: 33%;\n\t\t\t}\n\t\t\t#gallery-1 img {\n\t\t\t\tborder: 2px solid #cfcfcf;\n\t\t\t}\n\t\t\t#gallery-1 .gallery-caption {\n\t\t\t\tmargin-left: 0;\n\t\t\t}\n\t\t\t\/* see gallery_shortcode() in wp-includes\/media.php *\/\n\t\t<\/style>\n\t\t<div id='gallery-1' class='gallery galleryid-49011 gallery-columns-3 gallery-size-thumbnail'><dl class='gallery-item'>\n\t\t\t<dt class='gallery-icon landscape'>\n\t\t\t\t<a href='https:\/\/sp1lubomierz.pl\/wp-content\/uploads\/2025\/11\/DSCN1458-scaled.jpg'><img loading=\"lazy\" decoding=\"async\" width=\"150\" height=\"150\" src=\"https:\/\/sp1lubomierz.pl\/wp-content\/uploads\/2025\/11\/DSCN1458-150x150.jpg\" class=\"attachment-thumbnail size-thumbnail\" alt=\"Grupa uczni\u00f3w siedzi na pod\u0142odze w k\u0105ciku sali, obserwuj\u0105c, jak kilkoro z nich \u0107wiczy udzielanie pierwszej pomocy na fantomie; jedna osoba wykonuje uci\u015bni\u0119cia klatki piersiowej, a inne przygotowuj\u0105 sprz\u0119t z apteczki pod okiem instruktora w pomara\u0144czowym stroju.\" \/><\/a>\n\t\t\t<\/dt><\/dl><dl class='gallery-item'>\n\t\t\t<dt class='gallery-icon landscape'>\n\t\t\t\t<a href='https:\/\/sp1lubomierz.pl\/wp-content\/uploads\/2025\/11\/DSCN1454-scaled.jpg'><img loading=\"lazy\" decoding=\"async\" width=\"150\" height=\"150\" src=\"https:\/\/sp1lubomierz.pl\/wp-content\/uploads\/2025\/11\/DSCN1454-150x150.jpg\" class=\"attachment-thumbnail size-thumbnail\" alt=\"Grupa uczni\u00f3w siedzi na pod\u0142odze w k\u0105ciku sali, obserwuj\u0105c, jak kilkoro z nich \u0107wiczy udzielanie pierwszej pomocy na fantomie; jedna osoba wykonuje uci\u015bni\u0119cia klatki piersiowej, a inne przygotowuj\u0105 sprz\u0119t z apteczki pod okiem instruktora w pomara\u0144czowym stroju.\" \/><\/a>\n\t\t\t<\/dt><\/dl><dl class='gallery-item'>\n\t\t\t<dt class='gallery-icon landscape'>\n\t\t\t\t<a href='https:\/\/sp1lubomierz.pl\/wp-content\/uploads\/2025\/11\/DSCN1451-scaled.jpg'><img loading=\"lazy\" decoding=\"async\" width=\"150\" height=\"150\" src=\"https:\/\/sp1lubomierz.pl\/wp-content\/uploads\/2025\/11\/DSCN1451-150x150.jpg\" class=\"attachment-thumbnail size-thumbnail\" alt=\"Uczniowie siedz\u0105 w du\u017cym kr\u0119gu, obserwuj\u0105c dw\u00f3jk\u0119 instruktor\u00f3w w strojach ratowniczych, kt\u00f3rzy demonstracyjnie wykonuj\u0105 resuscytacj\u0119 i u\u017cycie AED na fantomie le\u017c\u0105cym na kolorowym dywanie w sali lekcyjnej.\" \/><\/a>\n\t\t\t<\/dt><\/dl><br style=\"clear: both\" \/><dl class='gallery-item'>\n\t\t\t<dt class='gallery-icon landscape'>\n\t\t\t\t<a href='https:\/\/sp1lubomierz.pl\/wp-content\/uploads\/2025\/11\/DSCN1450-scaled.jpg'><img loading=\"lazy\" decoding=\"async\" width=\"150\" height=\"150\" src=\"https:\/\/sp1lubomierz.pl\/wp-content\/uploads\/2025\/11\/DSCN1450-150x150.jpg\" class=\"attachment-thumbnail size-thumbnail\" alt=\"Dw\u00f3ch instruktor\u00f3w w strojach ratowniczych demonstruje resuscytacj\u0119 na Dwoje instruktor\u00f3w w strojach ratowniczych demonstruje u\u017cycie defibrylatora AED na fantomie; jedna osoba unosi r\u0119ce, sygnalizuj\u0105c odsuni\u0119cie si\u0119 od poszkodowanego, a druga kl\u0119czy obok urz\u0105dzenia na kolorowym dywanie w sali lekcyjnej.\" \/><\/a>\n\t\t\t<\/dt><\/dl><dl class='gallery-item'>\n\t\t\t<dt class='gallery-icon landscape'>\n\t\t\t\t<a href='https:\/\/sp1lubomierz.pl\/wp-content\/uploads\/2025\/11\/DSCN1449-scaled.jpg'><img loading=\"lazy\" decoding=\"async\" width=\"150\" height=\"150\" src=\"https:\/\/sp1lubomierz.pl\/wp-content\/uploads\/2025\/11\/DSCN1449-150x150.jpg\" class=\"attachment-thumbnail size-thumbnail\" alt=\"Dw\u00f3ch instruktor\u00f3w w strojach ratowniczych demonstruje resuscytacj\u0119 na fantomie; jedna osoba wykonuje uci\u015bni\u0119cia klatki piersiowej, a druga przygotowuje defibrylator AED, pracuj\u0105c na kolorowym dywanie w sali lekcyjnej.\" \/><\/a>\n\t\t\t<\/dt><\/dl><dl class='gallery-item'>\n\t\t\t<dt class='gallery-icon landscape'>\n\t\t\t\t<a href='https:\/\/sp1lubomierz.pl\/wp-content\/uploads\/2025\/11\/DSCN1444-scaled.jpg'><img loading=\"lazy\" decoding=\"async\" width=\"150\" height=\"150\" src=\"https:\/\/sp1lubomierz.pl\/wp-content\/uploads\/2025\/11\/DSCN1444-150x150.jpg\" class=\"attachment-thumbnail size-thumbnail\" alt=\"Uczniowie \u0107wicz\u0105 uci\u015bni\u0119cia klatki piersiowej na fantomach do resuscytacji, pracuj\u0105c pod okiem instruktorki kl\u0119cz\u0105cej obok nich na kolorowym dywanie w sali lekcyjnej.\" \/><\/a>\n\t\t\t<\/dt><\/dl><br style=\"clear: both\" \/><dl class='gallery-item'>\n\t\t\t<dt class='gallery-icon landscape'>\n\t\t\t\t<a href='https:\/\/sp1lubomierz.pl\/wp-content\/uploads\/2025\/11\/DSCN1441-scaled.jpg'><img loading=\"lazy\" decoding=\"async\" width=\"150\" height=\"150\" src=\"https:\/\/sp1lubomierz.pl\/wp-content\/uploads\/2025\/11\/DSCN1441-150x150.jpg\" class=\"attachment-thumbnail size-thumbnail\" alt=\"Grupa uczni\u00f3w siedzi w p\u00f3\u0142kolu w sali lekcyjnej i obserwuje instruktork\u0119 pierwszej pomocy kl\u0119cz\u0105c\u0105 przy fantomie do \u0107wicze\u0144 resuscytacji. W tle widoczny jest ekran z prezentacj\u0105 oraz ratownik w pomara\u0144czowym stroju.\" \/><\/a>\n\t\t\t<\/dt><\/dl>\n\t\t\t<br style='clear: both' \/>\n\t\t<\/div>\n\n","protected":false},"excerpt":{"rendered":"<p>Dnia 29 pa\u017adziernika 2025 roku uczniowie klas si\u00f3dmych i \u00f3smych naszej szko\u0142y wzi\u0119li udzia\u0142 w wyj\u0105tkowym projekcie edukacyjnym \u201eBezpieczni na stoku\u201d, zorganizowanym przez HEALTHGUARD FOUNDATION. By\u0142y to warsztaty z zakresu pierwszej pomocy, kt\u00f3rych celem by\u0142o przygotowanie m\u0142odzie\u017cy do bezpiecznego sp\u0119dzania czasu podczas zimowych aktywno\u015bci, takich jak jazda na nartach czy snowboardzie, a tak\u017ce nauka reagowania [&hellip;]<\/p>\n","protected":false},"author":1,"featured_media":0,"comment_status":"closed","ping_status":"open","sticky":false,"template":"","format":"standard","meta":{"ngg_post_thumbnail":0,"footnotes":""},"categories":[1],"tags":[],"class_list":["post-49011","post","type-post","status-publish","format-standard","hentry","category-uncategorized"],"_links":{"self":[{"href":"https:\/\/sp1lubomierz.pl\/index.php?rest_route=\/wp\/v2\/posts\/49011","targetHints":{"allow":["GET"]}}],"collection":[{"href":"https:\/\/sp1lubomierz.pl\/index.php?rest_route=\/wp\/v2\/posts"}],"about":[{"href":"https:\/\/sp1lubomierz.pl\/index.php?rest_route=\/wp\/v2\/types\/post"}],"author":[{"embeddable":true,"href":"https:\/\/sp1lubomierz.pl\/index.php?rest_route=\/wp\/v2\/users\/1"}],"replies":[{"embeddable":true,"href":"https:\/\/sp1lubomierz.pl\/index.php?rest_route=%2Fwp%2Fv2%2Fcomments&post=49011"}],"version-history":[{"count":3,"href":"https:\/\/sp1lubomierz.pl\/index.php?rest_route=\/wp\/v2\/posts\/49011\/revisions"}],"predecessor-version":[{"id":49022,"href":"https:\/\/sp1lubomierz.pl\/index.php?rest_route=\/wp\/v2\/posts\/49011\/revisions\/49022"}],"wp:attachment":[{"href":"https:\/\/sp1lubomierz.pl\/index.php?rest_route=%2Fwp%2Fv2%2Fmedia&parent=49011"}],"wp:term":[{"taxonomy":"category","embeddable":true,"href":"https:\/\/sp1lubomierz.pl\/index.php?rest_route=%2Fwp%2Fv2%2Fcategories&post=49011"},{"taxonomy":"post_tag","embeddable":true,"href":"https:\/\/sp1lubomierz.pl\/index.php?rest_route=%2Fwp%2Fv2%2Ftags&post=49011"}],"curies":[{"name":"wp","href":"https:\/\/api.w.org\/{rel}","templated":true}]}}