{"id":49023,"date":"2025-11-13T10:05:16","date_gmt":"2025-11-13T09:05:16","guid":{"rendered":"https:\/\/sp1lubomierz.pl\/?p=49023"},"modified":"2025-11-13T10:05:16","modified_gmt":"2025-11-13T09:05:16","slug":"dzwieki-wolnosci-szkolne-talenty-w-holdzie-niepodleglej","status":"publish","type":"post","link":"https:\/\/sp1lubomierz.pl\/?p=49023","title":{"rendered":"D\u017awi\u0119ki wolno\u015bci \u2013 szkolne talenty w ho\u0142dzie Niepodleg\u0142ej"},"content":{"rendered":"<p><a href=\"http:\/\/sp1lubomierz.pl\/wp-content\/uploads\/2025\/11\/IMG-20251105-WA0014.jpg\"><img loading=\"lazy\" decoding=\"async\" class=\"alignleft size-thumbnail wp-image-49024\" src=\"http:\/\/sp1lubomierz.pl\/wp-content\/uploads\/2025\/11\/IMG-20251105-WA0014-150x150.jpg\" alt=\"Pi\u0119\u0107 m\u0142odych dziewczynek w bia\u0142ych bluzkach z haftowanymi ko\u0142nierzami i czerwonych sp\u00f3dnicach siedzi w rz\u0119dzie na scenie, trzymaj\u0105c skrzypce. Ka\u017cda ma we w\u0142osach czerwon\u0105 ozdob\u0119. Za nimi znajduje si\u0119 dekoracja w barwach bia\u0142o-czerwonych oraz sylwetka powsta\u0144ca, tworz\u0105ca patriotyczne t\u0142o\n\" width=\"150\" height=\"150\"><\/a>Nasze utalentowane uczennice stan\u0119\u0142y w muzyczne szranki, bior\u0105c udzia\u0142 w konkursie \u201eZa\u015bpiewaj i Ty dla Niepodleg\u0142ej\u201d \u2013 wyj\u0105tkowym wydarzeniu, kt\u00f3re \u0142\u0105czy artystyczn\u0105 pasj\u0119 z patriotyzmem i pami\u0119ci\u0105 o bohaterach naszej historii. Cho\u0107 nie uda\u0142o si\u0119 zdoby\u0107 \u017cadnego miejsca, poziom przygotowania i artystycznego wyrazu by\u0142 naprawd\u0119 imponuj\u0105cy. Wyst\u0119py dziewcz\u0105t zachwyca\u0142y szczero\u015bci\u0105 emocji, muzyczn\u0105 wra\u017cliwo\u015bci\u0105 i pi\u0119kn\u0105 opraw\u0105.<!--more--><\/p>\n<p>W kategorii starszej wyst\u0105pi\u0142 duet <strong>Marysia Zasadni i Milena Ko\u0142odziejczyk<\/strong> (kl. VIII), prezentuj\u0105c autorsk\u0105 piosenk\u0119 \u201ePowsta\u0144cze wspomnienie\u201d, skomponowan\u0105 specjalnie na ten konkurs przez pani\u0105 Dorot\u0119 Wcis\u0142o \u2013 inicjatork\u0119 ca\u0142ego przedsi\u0119wzi\u0119cia. To w\u0142a\u015bnie ona napisa\u0142a s\u0142owa i stworzy\u0142a melodi\u0119 utworu, a tak\u017ce czuwa\u0142a nad przygotowaniami. Marysia i Milena zachwyci\u0142y nie tylko \u015bpiewem, lecz tak\u017ce umiej\u0119tno\u015bciami instrumentalnymi \u2013 zagra\u0142y klimatyczne wstawki na skrzypcach i akordeonie, przy akompaniamencie pani Doroty na keyboardzie. Ich wyst\u0119p wyr\u00f3\u017cnia\u0142 si\u0119 harmoni\u0105 g\u0142os\u00f3w, dojrza\u0142ym wykonaniem i g\u0142\u0119bokim przekazem emocjonalnym.<\/p>\n<p>Nie mniej uroczy by\u0142 wyst\u0119p m\u0142odszych dziewczynek z klas II\u2013III (<strong>Karina Rusnak, Izabela Ko\u0142odziejczyk, Anna Kowalczyk, Kinga Malarz i Kornelia Kuczaj<\/strong>), kt\u00f3re zaprezentowa\u0142y wzruszaj\u0105c\u0105 piosenk\u0119 \u201eDeszcz jesienny, deszcz\u201d. Delikatne brzmienie skrzypiec w po\u0142\u0105czeniu z dzieci\u0119cymi g\u0142osami wprowadzi\u0142o s\u0142uchaczy w nastrojowy, jesienno-patriotyczny klimat.<\/p>\n<p>Oba zespo\u0142y zachwyci\u0142y r\u00f3wnie\u017c estetyk\u0105 i dopracowan\u0105 scenografi\u0105 \u2013 dziewcz\u0119ta wyst\u0105pi\u0142y w strojach nawi\u0105zuj\u0105cych do tematyki niepodleg\u0142o\u015bciowej, a t\u0142o z wykonan\u0105 specjalnie na t\u0105 okazj\u0119 dekoracj\u0105 powsta\u0144cz\u0105 nada\u0142o ca\u0142o\u015bci wyj\u0105tkowego charakteru i powagi.<\/p>\n<p>Nagrania konkursowe zosta\u0142y zrealizowane w szkole, a po ich uko\u0144czeniu \u2013 z inicjatywy pani Doroty \u2013 dziewcz\u0119ta mia\u0142y wyj\u0105tkow\u0105 okazj\u0119 nagra\u0107 swoje powsta\u0144cze utwory w profesjonalnym studiu muzycznym. By\u0142o to dla nich niezwykle cenne do\u015bwiadczenie i prawdziwa muzyczna przygoda. Przygotowania do konkursu wymaga\u0142y wielu godzin pr\u00f3b, cierpliwo\u015bci i ogromu pasji. Zar\u00f3wno uczennice, jak i ich mentorka artystyczna, kt\u00f3ra opiekowa\u0142a si\u0119 wokalistkami i koordynowa\u0142a ka\u017cdy etap pracy \u2013 w\u0142o\u017cy\u0142y w ten projekt wiele serca i zaanga\u017cowania.<\/p>\n<p>Jeste\u015bmy dumni z naszych artystek oraz ich opiekunki, kt\u00f3re z takim oddaniem i wra\u017cliwo\u015bci\u0105 reprezentowa\u0142y szko\u0142\u0119. Ich wyst\u0119p by\u0142 prawdziwym \u015bwiadectwem mi\u0142o\u015bci do muzyki, historii i ojczyzny.<\/p>\n<p style=\"text-align: right;\">red. K. Wojtyczka<\/p>\n\n\t\t<style type=\"text\/css\">\n\t\t\t#gallery-1 {\n\t\t\t\tmargin: auto;\n\t\t\t}\n\t\t\t#gallery-1 .gallery-item {\n\t\t\t\tfloat: left;\n\t\t\t\tmargin-top: 10px;\n\t\t\t\ttext-align: center;\n\t\t\t\twidth: 33%;\n\t\t\t}\n\t\t\t#gallery-1 img {\n\t\t\t\tborder: 2px solid #cfcfcf;\n\t\t\t}\n\t\t\t#gallery-1 .gallery-caption {\n\t\t\t\tmargin-left: 0;\n\t\t\t}\n\t\t\t\/* see gallery_shortcode() in wp-includes\/media.php *\/\n\t\t<\/style>\n\t\t<div id='gallery-1' class='gallery galleryid-49023 gallery-columns-3 gallery-size-thumbnail'><dl class='gallery-item'>\n\t\t\t<dt class='gallery-icon portrait'>\n\t\t\t\t<a href='https:\/\/sp1lubomierz.pl\/wp-content\/uploads\/2025\/11\/IMG-20251105-WA0016.jpg'><img loading=\"lazy\" decoding=\"async\" width=\"150\" height=\"150\" src=\"https:\/\/sp1lubomierz.pl\/wp-content\/uploads\/2025\/11\/IMG-20251105-WA0016-150x150.jpg\" class=\"attachment-thumbnail size-thumbnail\" alt=\"\u201eDwie nastoletnie dziewczyny stoj\u0105 na tle patriotycznej dekoracji przedstawiaj\u0105cej Zamek Kr\u00f3lewski i sceny powsta\u0144cze. Ubrane w ciemne, grochowe sukienki, maj\u0105 na ramionach bia\u0142o-czerwone opaski. Jedna trzyma skrzypce, druga akordeon. Pod ich stopami le\u017cy zielona i br\u0105zowa tkanina stylizowana na sceniczne pod\u0142o\u017ce\" \/><\/a>\n\t\t\t<\/dt><\/dl><dl class='gallery-item'>\n\t\t\t<dt class='gallery-icon portrait'>\n\t\t\t\t<a href='https:\/\/sp1lubomierz.pl\/wp-content\/uploads\/2025\/11\/IMG-20251105-WA0015.jpg'><img loading=\"lazy\" decoding=\"async\" width=\"150\" height=\"150\" src=\"https:\/\/sp1lubomierz.pl\/wp-content\/uploads\/2025\/11\/IMG-20251105-WA0015-150x150.jpg\" class=\"attachment-thumbnail size-thumbnail\" alt=\"\u201eDwie nastoletnie dziewczyny stoj\u0105 na tle patriotycznej dekoracji przedstawiaj\u0105cej Zamek Kr\u00f3lewski i sceny powsta\u0144cze. Ubrane w ciemne, grochowe sukienki, maj\u0105 na ramionach bia\u0142o-czerwone opaski. Jedna trzyma skrzypce, druga akordeon. Pod ich stopami le\u017cy zielona i br\u0105zowa tkanina stylizowana na sceniczne pod\u0142o\u017ce\" \/><\/a>\n\t\t\t<\/dt><\/dl><dl class='gallery-item'>\n\t\t\t<dt class='gallery-icon landscape'>\n\t\t\t\t<a href='https:\/\/sp1lubomierz.pl\/wp-content\/uploads\/2025\/11\/IMG-20251105-WA0013.jpg'><img loading=\"lazy\" decoding=\"async\" width=\"150\" height=\"150\" src=\"https:\/\/sp1lubomierz.pl\/wp-content\/uploads\/2025\/11\/IMG-20251105-WA0013-150x150.jpg\" class=\"attachment-thumbnail size-thumbnail\" alt=\"Pi\u0119\u0107 m\u0142odych dziewczynek w bia\u0142ych bluzkach z haftem i czerwonych, po\u0142yskuj\u0105cych sp\u00f3dnicach siedzi w rz\u0119dzie na scenie, trzymaj\u0105c skrzypce. Ka\u017cda ma we w\u0142osach czerwon\u0105 kwiatow\u0105 ozdob\u0119. W tle znajduj\u0105 si\u0119 bia\u0142o-czerwone tkaniny, czarna sylwetka powsta\u0144ca oraz du\u017cy plakat z wizerunkiem Zamku Kr\u00f3lewskiego, tworz\u0105ce patriotyczn\u0105 scenografi\u0119\" \/><\/a>\n\t\t\t<\/dt><\/dl><br style=\"clear: both\" \/><dl class='gallery-item'>\n\t\t\t<dt class='gallery-icon portrait'>\n\t\t\t\t<a href='https:\/\/sp1lubomierz.pl\/wp-content\/uploads\/2025\/11\/IMG-20251105-WA0014.jpg'><img loading=\"lazy\" decoding=\"async\" width=\"150\" height=\"150\" src=\"https:\/\/sp1lubomierz.pl\/wp-content\/uploads\/2025\/11\/IMG-20251105-WA0014-150x150.jpg\" class=\"attachment-thumbnail size-thumbnail\" alt=\"Pi\u0119\u0107 m\u0142odych dziewczynek w bia\u0142ych bluzkach z haftowanymi ko\u0142nierzami i czerwonych sp\u00f3dnicach siedzi w rz\u0119dzie na scenie, trzymaj\u0105c skrzypce. Ka\u017cda ma we w\u0142osach czerwon\u0105 ozdob\u0119. Za nimi znajduje si\u0119 dekoracja w barwach bia\u0142o-czerwonych oraz sylwetka powsta\u0144ca, tworz\u0105ca patriotyczne t\u0142o\" \/><\/a>\n\t\t\t<\/dt><\/dl>\n\t\t\t<br style='clear: both' \/>\n\t\t<\/div>\n\n","protected":false},"excerpt":{"rendered":"<p>Nasze utalentowane uczennice stan\u0119\u0142y w muzyczne szranki, bior\u0105c udzia\u0142 w konkursie \u201eZa\u015bpiewaj i Ty dla Niepodleg\u0142ej\u201d \u2013 wyj\u0105tkowym wydarzeniu, kt\u00f3re \u0142\u0105czy artystyczn\u0105 pasj\u0119 z patriotyzmem i pami\u0119ci\u0105 o bohaterach naszej historii. Cho\u0107 nie uda\u0142o si\u0119 zdoby\u0107 \u017cadnego miejsca, poziom przygotowania i artystycznego wyrazu by\u0142 naprawd\u0119 imponuj\u0105cy. Wyst\u0119py dziewcz\u0105t zachwyca\u0142y szczero\u015bci\u0105 emocji, muzyczn\u0105 wra\u017cliwo\u015bci\u0105 i pi\u0119kn\u0105 [&hellip;]<\/p>\n","protected":false},"author":1,"featured_media":0,"comment_status":"closed","ping_status":"open","sticky":false,"template":"","format":"standard","meta":{"ngg_post_thumbnail":0,"footnotes":""},"categories":[1],"tags":[],"class_list":["post-49023","post","type-post","status-publish","format-standard","hentry","category-uncategorized"],"_links":{"self":[{"href":"https:\/\/sp1lubomierz.pl\/index.php?rest_route=\/wp\/v2\/posts\/49023","targetHints":{"allow":["GET"]}}],"collection":[{"href":"https:\/\/sp1lubomierz.pl\/index.php?rest_route=\/wp\/v2\/posts"}],"about":[{"href":"https:\/\/sp1lubomierz.pl\/index.php?rest_route=\/wp\/v2\/types\/post"}],"author":[{"embeddable":true,"href":"https:\/\/sp1lubomierz.pl\/index.php?rest_route=\/wp\/v2\/users\/1"}],"replies":[{"embeddable":true,"href":"https:\/\/sp1lubomierz.pl\/index.php?rest_route=%2Fwp%2Fv2%2Fcomments&post=49023"}],"version-history":[{"count":2,"href":"https:\/\/sp1lubomierz.pl\/index.php?rest_route=\/wp\/v2\/posts\/49023\/revisions"}],"predecessor-version":[{"id":49029,"href":"https:\/\/sp1lubomierz.pl\/index.php?rest_route=\/wp\/v2\/posts\/49023\/revisions\/49029"}],"wp:attachment":[{"href":"https:\/\/sp1lubomierz.pl\/index.php?rest_route=%2Fwp%2Fv2%2Fmedia&parent=49023"}],"wp:term":[{"taxonomy":"category","embeddable":true,"href":"https:\/\/sp1lubomierz.pl\/index.php?rest_route=%2Fwp%2Fv2%2Fcategories&post=49023"},{"taxonomy":"post_tag","embeddable":true,"href":"https:\/\/sp1lubomierz.pl\/index.php?rest_route=%2Fwp%2Fv2%2Ftags&post=49023"}],"curies":[{"name":"wp","href":"https:\/\/api.w.org\/{rel}","templated":true}]}}