{"id":49030,"date":"2025-11-14T12:54:15","date_gmt":"2025-11-14T11:54:15","guid":{"rendered":"https:\/\/sp1lubomierz.pl\/?p=49030"},"modified":"2025-11-14T12:54:15","modified_gmt":"2025-11-14T11:54:15","slug":"swieto-niepodleglosci-lekcja-historii-i-patriotyzmu","status":"publish","type":"post","link":"https:\/\/sp1lubomierz.pl\/?p=49030","title":{"rendered":"\u015awi\u0119to Niepodleg\u0142o\u015bci \u2013 lekcja historii i patriotyzmu"},"content":{"rendered":"<p><a href=\"http:\/\/sp1lubomierz.pl\/wp-content\/uploads\/2025\/11\/DSCN1472-scaled.jpg\"><img loading=\"lazy\" decoding=\"async\" class=\"alignleft size-thumbnail wp-image-49037\" src=\"http:\/\/sp1lubomierz.pl\/wp-content\/uploads\/2025\/11\/DSCN1472-150x150.jpg\" alt=\"Dziewczynki w czerwonych sp\u00f3dnicach i bia\u0142ych bluzkach \u015bpiewaj\u0105 przy mikrofonach podczas akademii.\" width=\"150\" height=\"150\"><\/a>Dnia 12 listopada w naszej szkole odby\u0142a si\u0119 uroczysta akademia z okazji Narodowego \u015awi\u0119ta Niepodleg\u0142o\u015bci. To wyj\u0105tkowe wydarzenie zgromadzi\u0142o ca\u0142\u0105 spo\u0142eczno\u015b\u0107 szkoln\u0105, by wsp\u00f3lnie uczci\u0107 107. rocznic\u0119 odzyskania przez Polsk\u0119 Niepodleg\u0142o\u015bci. Uroczysto\u015b\u0107 tradycyjnie rozpocz\u0119\u0142a si\u0119 od wprowadzenia pocztu sztandarowego i wsp\u00f3lnego od\u015bpiewania hymnu pa\u0144stwowego. W cz\u0119\u015bci artystycznej uczniowie klasy VI zaprezentowali&nbsp; sceny z historii naszej Ojczyzny ukazuj\u0105ce trudn\u0105, pe\u0142n\u0105 cierpienia, odwagi i bohaterstwa, drog\u0119 Polak\u00f3w do upragnionej wolno\u015bci.<!--more--> Wyj\u0105tkowym momentem akademii by\u0142y wyst\u0119py najm\u0142odszych i najstarszych uczennic naszej szko\u0142y, kt\u00f3re w niezwykle wzruszaj\u0105cy spos\u00f3b za\u015bpiewa\u0142y zar\u00f3wno znane&nbsp; jak i autorskie pie\u015bni patriotyczne przygotowane pod kierunkiem pani Doroty Wcis\u0142o. Na zako\u0144czenie wszyscy zebrani w ciszy i skupieniu oddali ho\u0142d poleg\u0142ym za wolno\u015b\u0107 Polski. Tegoroczna akademia by\u0142a nie tylko pi\u0119kn\u0105 uroczysto\u015bci\u0105, lecz tak\u017ce warto\u015bciow\u0105 lekcj\u0105 patriotyzmu i historii ukazuj\u0105c\u0105, jak wa\u017cne jest podtrzymywanie pami\u0119ci o bohaterach narodowych oraz piel\u0119gnowanie warto\u015bci, dzi\u0119ki kt\u00f3rym mo\u017cemy cieszy\u0107 si\u0119 wolno\u015bci\u0105.<\/p>\n<p style=\"text-align: right;\">red. D. W\u0119gielska<\/p>\n\n\t\t<style type=\"text\/css\">\n\t\t\t#gallery-1 {\n\t\t\t\tmargin: auto;\n\t\t\t}\n\t\t\t#gallery-1 .gallery-item {\n\t\t\t\tfloat: left;\n\t\t\t\tmargin-top: 10px;\n\t\t\t\ttext-align: center;\n\t\t\t\twidth: 33%;\n\t\t\t}\n\t\t\t#gallery-1 img {\n\t\t\t\tborder: 2px solid #cfcfcf;\n\t\t\t}\n\t\t\t#gallery-1 .gallery-caption {\n\t\t\t\tmargin-left: 0;\n\t\t\t}\n\t\t\t\/* see gallery_shortcode() in wp-includes\/media.php *\/\n\t\t<\/style>\n\t\t<div id='gallery-1' class='gallery galleryid-49030 gallery-columns-3 gallery-size-thumbnail'><dl class='gallery-item'>\n\t\t\t<dt class='gallery-icon landscape'>\n\t\t\t\t<a href='https:\/\/sp1lubomierz.pl\/wp-content\/uploads\/2025\/11\/DSCN1478-scaled.jpg'><img loading=\"lazy\" decoding=\"async\" width=\"150\" height=\"150\" src=\"https:\/\/sp1lubomierz.pl\/wp-content\/uploads\/2025\/11\/DSCN1478-150x150.jpg\" class=\"attachment-thumbnail size-thumbnail\" alt=\"Wyst\u0119p skrzypaczek i grupa uczni\u00f3w w strojach historycznych podczas akademii patriotycznej.\" \/><\/a>\n\t\t\t<\/dt><\/dl><dl class='gallery-item'>\n\t\t\t<dt class='gallery-icon landscape'>\n\t\t\t\t<a href='https:\/\/sp1lubomierz.pl\/wp-content\/uploads\/2025\/11\/DSCN1513-scaled.jpg'><img loading=\"lazy\" decoding=\"async\" width=\"150\" height=\"150\" src=\"https:\/\/sp1lubomierz.pl\/wp-content\/uploads\/2025\/11\/DSCN1513-150x150.jpg\" class=\"attachment-thumbnail size-thumbnail\" alt=\"Du\u017ca grupa uczni\u00f3w, m\u0142odszych i starszych, stoi razem podczas zako\u0144czenia akademii.\" \/><\/a>\n\t\t\t<\/dt><\/dl><dl class='gallery-item'>\n\t\t\t<dt class='gallery-icon landscape'>\n\t\t\t\t<a href='https:\/\/sp1lubomierz.pl\/wp-content\/uploads\/2025\/11\/DSCN1503-scaled.jpg'><img loading=\"lazy\" decoding=\"async\" width=\"150\" height=\"150\" src=\"https:\/\/sp1lubomierz.pl\/wp-content\/uploads\/2025\/11\/DSCN1503-150x150.jpg\" class=\"attachment-thumbnail size-thumbnail\" alt=\"Dyrektorka przemawia do mikrofonu na tle dekoracji \u015awi\u0119ta Niepodleg\u0142o\u015bci, obok stoj\u0105 uczniowie w kostiumach.\" \/><\/a>\n\t\t\t<\/dt><\/dl><br style=\"clear: both\" \/><dl class='gallery-item'>\n\t\t\t<dt class='gallery-icon landscape'>\n\t\t\t\t<a href='https:\/\/sp1lubomierz.pl\/wp-content\/uploads\/2025\/11\/DSCN1500-scaled.jpg'><img loading=\"lazy\" decoding=\"async\" width=\"150\" height=\"150\" src=\"https:\/\/sp1lubomierz.pl\/wp-content\/uploads\/2025\/11\/DSCN1500-150x150.jpg\" class=\"attachment-thumbnail size-thumbnail\" alt=\"Uczennica czyta z gazety przy mikrofonie, za ni\u0105 stoj\u0105 uczniowie w strojach historycznych.\" \/><\/a>\n\t\t\t<\/dt><\/dl><dl class='gallery-item'>\n\t\t\t<dt class='gallery-icon landscape'>\n\t\t\t\t<a href='https:\/\/sp1lubomierz.pl\/wp-content\/uploads\/2025\/11\/DSCN1492-scaled.jpg'><img loading=\"lazy\" decoding=\"async\" width=\"150\" height=\"150\" src=\"https:\/\/sp1lubomierz.pl\/wp-content\/uploads\/2025\/11\/DSCN1492-150x150.jpg\" class=\"attachment-thumbnail size-thumbnail\" alt=\"Uczniowie w kostiumach historycznych czytaj\u0105 tekst na scenie akademii.\" \/><\/a>\n\t\t\t<\/dt><\/dl><dl class='gallery-item'>\n\t\t\t<dt class='gallery-icon landscape'>\n\t\t\t\t<a href='https:\/\/sp1lubomierz.pl\/wp-content\/uploads\/2025\/11\/DSCN1487-scaled.jpg'><img loading=\"lazy\" decoding=\"async\" width=\"150\" height=\"150\" src=\"https:\/\/sp1lubomierz.pl\/wp-content\/uploads\/2025\/11\/DSCN1487-150x150.jpg\" class=\"attachment-thumbnail size-thumbnail\" alt=\"Uczniowie w bia\u0142ych strojach recytuj\u0105 przy mikrofonach podczas uroczysto\u015bci szkolnej.\" \/><\/a>\n\t\t\t<\/dt><\/dl><br style=\"clear: both\" \/><dl class='gallery-item'>\n\t\t\t<dt class='gallery-icon landscape'>\n\t\t\t\t<a href='https:\/\/sp1lubomierz.pl\/wp-content\/uploads\/2025\/11\/DSCN1483-scaled.jpg'><img loading=\"lazy\" decoding=\"async\" width=\"150\" height=\"150\" src=\"https:\/\/sp1lubomierz.pl\/wp-content\/uploads\/2025\/11\/DSCN1483-150x150.jpg\" class=\"attachment-thumbnail size-thumbnail\" alt=\"Dwie starsze uczennice \u2013 jedna ze skrzypcami, druga z akordeonem \u2013 wyst\u0119puj\u0105 na scenie\" \/><\/a>\n\t\t\t<\/dt><\/dl><dl class='gallery-item'>\n\t\t\t<dt class='gallery-icon landscape'>\n\t\t\t\t<a href='https:\/\/sp1lubomierz.pl\/wp-content\/uploads\/2025\/11\/DSCN1477-scaled.jpg'><img loading=\"lazy\" decoding=\"async\" width=\"150\" height=\"150\" src=\"https:\/\/sp1lubomierz.pl\/wp-content\/uploads\/2025\/11\/DSCN1477-150x150.jpg\" class=\"attachment-thumbnail size-thumbnail\" alt=\"Grupa dziewczynek gra na skrzypcach przed dekoracj\u0105 \u015awi\u0119ta Niepodleg\u0142o\u015bci\" \/><\/a>\n\t\t\t<\/dt><\/dl><dl class='gallery-item'>\n\t\t\t<dt class='gallery-icon landscape'>\n\t\t\t\t<a href='https:\/\/sp1lubomierz.pl\/wp-content\/uploads\/2025\/11\/DSCN1472-scaled.jpg'><img loading=\"lazy\" decoding=\"async\" width=\"150\" height=\"150\" src=\"https:\/\/sp1lubomierz.pl\/wp-content\/uploads\/2025\/11\/DSCN1472-150x150.jpg\" class=\"attachment-thumbnail size-thumbnail\" alt=\"Dziewczynki w czerwonych sp\u00f3dnicach i bia\u0142ych bluzkach \u015bpiewaj\u0105 przy mikrofonach podczas akademii.\" \/><\/a>\n\t\t\t<\/dt><\/dl><br style=\"clear: both\" \/><dl class='gallery-item'>\n\t\t\t<dt class='gallery-icon landscape'>\n\t\t\t\t<a href='https:\/\/sp1lubomierz.pl\/wp-content\/uploads\/2025\/11\/DSCN1470-scaled.jpg'><img loading=\"lazy\" decoding=\"async\" width=\"150\" height=\"150\" src=\"https:\/\/sp1lubomierz.pl\/wp-content\/uploads\/2025\/11\/DSCN1470-150x150.jpg\" class=\"attachment-thumbnail size-thumbnail\" alt=\"Uczniowie w strojach z r\u00f3\u017cnych epok prezentuj\u0105 scen\u0119 patriotyczn\u0105 na tle dekoracji.\" \/><\/a>\n\t\t\t<\/dt><\/dl><dl class='gallery-item'>\n\t\t\t<dt class='gallery-icon landscape'>\n\t\t\t\t<a href='https:\/\/sp1lubomierz.pl\/wp-content\/uploads\/2025\/11\/DSCN1468-scaled.jpg'><img loading=\"lazy\" decoding=\"async\" width=\"150\" height=\"150\" src=\"https:\/\/sp1lubomierz.pl\/wp-content\/uploads\/2025\/11\/DSCN1468-150x150.jpg\" class=\"attachment-thumbnail size-thumbnail\" alt=\"Uczniowie odgrywaj\u0105 scen\u0119 historyczn\u0105 przed dekoracj\u0105 niepodleg\u0142o\u015bciow\u0105, publiczno\u015b\u0107 siedzi przed nimi.\" \/><\/a>\n\t\t\t<\/dt><\/dl><dl class='gallery-item'>\n\t\t\t<dt class='gallery-icon landscape'>\n\t\t\t\t<a href='https:\/\/sp1lubomierz.pl\/wp-content\/uploads\/2025\/11\/DSCN1465-scaled.jpg'><img loading=\"lazy\" decoding=\"async\" width=\"150\" height=\"150\" src=\"https:\/\/sp1lubomierz.pl\/wp-content\/uploads\/2025\/11\/DSCN1465-150x150.jpg\" class=\"attachment-thumbnail size-thumbnail\" alt=\"Grupa m\u0142odszych uczni\u00f3w w bia\u0142ych koszulach i czerwonych sp\u00f3dnicach stoi przed mikrofonami.\" \/><\/a>\n\t\t\t<\/dt><\/dl><br style=\"clear: both\" \/><dl class='gallery-item'>\n\t\t\t<dt class='gallery-icon landscape'>\n\t\t\t\t<a href='https:\/\/sp1lubomierz.pl\/wp-content\/uploads\/2025\/11\/DSCN1464-scaled.jpg'><img loading=\"lazy\" decoding=\"async\" width=\"150\" height=\"150\" src=\"https:\/\/sp1lubomierz.pl\/wp-content\/uploads\/2025\/11\/DSCN1464-150x150.jpg\" class=\"attachment-thumbnail size-thumbnail\" alt=\"Uczniowie i nauczyciele stoj\u0105 w sali gimnastycznej podczas od\u015bpiewania hymnu.\" \/><\/a>\n\t\t\t<\/dt><\/dl><dl class='gallery-item'>\n\t\t\t<dt class='gallery-icon landscape'>\n\t\t\t\t<a href='https:\/\/sp1lubomierz.pl\/wp-content\/uploads\/2025\/11\/DSCN1462-scaled.jpg'><img loading=\"lazy\" decoding=\"async\" width=\"150\" height=\"150\" src=\"https:\/\/sp1lubomierz.pl\/wp-content\/uploads\/2025\/11\/DSCN1462-150x150.jpg\" class=\"attachment-thumbnail size-thumbnail\" alt=\"Poczet sztandarowy z flag\u0105 stoi przed scen\u0105 akademii z okazji \u015awi\u0119ta Niepodleg\u0142o\u015bci.\" \/><\/a>\n\t\t\t<\/dt><\/dl><dl class='gallery-item'>\n\t\t\t<dt class='gallery-icon landscape'>\n\t\t\t\t<a href='https:\/\/sp1lubomierz.pl\/wp-content\/uploads\/2025\/11\/DSCN1459-scaled.jpg'><img loading=\"lazy\" decoding=\"async\" width=\"150\" height=\"150\" src=\"https:\/\/sp1lubomierz.pl\/wp-content\/uploads\/2025\/11\/DSCN1459-150x150.jpg\" class=\"attachment-thumbnail size-thumbnail\" alt=\"Uczniowie w strojach historycznych stoj\u0105 na tle dekoracji \u201eNarodowe \u015awi\u0119to Niepodleg\u0142o\u015bci\u201d podczas szkolnej akademii.\" \/><\/a>\n\t\t\t<\/dt><\/dl><br style=\"clear: both\" \/>\n\t\t<\/div>\n\n","protected":false},"excerpt":{"rendered":"<p>Dnia 12 listopada w naszej szkole odby\u0142a si\u0119 uroczysta akademia z okazji Narodowego \u015awi\u0119ta Niepodleg\u0142o\u015bci. To wyj\u0105tkowe wydarzenie zgromadzi\u0142o ca\u0142\u0105 spo\u0142eczno\u015b\u0107 szkoln\u0105, by wsp\u00f3lnie uczci\u0107 107. rocznic\u0119 odzyskania przez Polsk\u0119 Niepodleg\u0142o\u015bci. Uroczysto\u015b\u0107 tradycyjnie rozpocz\u0119\u0142a si\u0119 od wprowadzenia pocztu sztandarowego i wsp\u00f3lnego od\u015bpiewania hymnu pa\u0144stwowego. W cz\u0119\u015bci artystycznej uczniowie klasy VI zaprezentowali&nbsp; sceny z historii naszej [&hellip;]<\/p>\n","protected":false},"author":1,"featured_media":0,"comment_status":"closed","ping_status":"open","sticky":false,"template":"","format":"standard","meta":{"ngg_post_thumbnail":0,"footnotes":""},"categories":[1],"tags":[],"class_list":["post-49030","post","type-post","status-publish","format-standard","hentry","category-uncategorized"],"_links":{"self":[{"href":"https:\/\/sp1lubomierz.pl\/index.php?rest_route=\/wp\/v2\/posts\/49030","targetHints":{"allow":["GET"]}}],"collection":[{"href":"https:\/\/sp1lubomierz.pl\/index.php?rest_route=\/wp\/v2\/posts"}],"about":[{"href":"https:\/\/sp1lubomierz.pl\/index.php?rest_route=\/wp\/v2\/types\/post"}],"author":[{"embeddable":true,"href":"https:\/\/sp1lubomierz.pl\/index.php?rest_route=\/wp\/v2\/users\/1"}],"replies":[{"embeddable":true,"href":"https:\/\/sp1lubomierz.pl\/index.php?rest_route=%2Fwp%2Fv2%2Fcomments&post=49030"}],"version-history":[{"count":1,"href":"https:\/\/sp1lubomierz.pl\/index.php?rest_route=\/wp\/v2\/posts\/49030\/revisions"}],"predecessor-version":[{"id":49046,"href":"https:\/\/sp1lubomierz.pl\/index.php?rest_route=\/wp\/v2\/posts\/49030\/revisions\/49046"}],"wp:attachment":[{"href":"https:\/\/sp1lubomierz.pl\/index.php?rest_route=%2Fwp%2Fv2%2Fmedia&parent=49030"}],"wp:term":[{"taxonomy":"category","embeddable":true,"href":"https:\/\/sp1lubomierz.pl\/index.php?rest_route=%2Fwp%2Fv2%2Fcategories&post=49030"},{"taxonomy":"post_tag","embeddable":true,"href":"https:\/\/sp1lubomierz.pl\/index.php?rest_route=%2Fwp%2Fv2%2Ftags&post=49030"}],"curies":[{"name":"wp","href":"https:\/\/api.w.org\/{rel}","templated":true}]}}