{"id":49047,"date":"2025-11-14T13:03:18","date_gmt":"2025-11-14T12:03:18","guid":{"rendered":"https:\/\/sp1lubomierz.pl\/?p=49047"},"modified":"2025-11-19T12:06:01","modified_gmt":"2025-11-19T11:06:01","slug":"miedzynarodowy-dzien-tolerancji-w-naszej-szkole","status":"publish","type":"post","link":"https:\/\/sp1lubomierz.pl\/?p=49047","title":{"rendered":"Mi\u0119dzynarodowy Dzie\u0144 Tolerancji w naszej szkole"},"content":{"rendered":"<p><a href=\"http:\/\/sp1lubomierz.pl\/wp-content\/uploads\/2025\/11\/unnamed-2-scaled.jpg\"><img loading=\"lazy\" decoding=\"async\" class=\"alignleft size-thumbnail wp-image-49049\" src=\"http:\/\/sp1lubomierz.pl\/wp-content\/uploads\/2025\/11\/unnamed-2-150x150.jpg\" alt=\"Uczniowski plakat na Dzie\u0144 Tolerancji z has\u0142ami o zgodzie, empatii i \u017cyczliwo\u015bci, zawieszony pod szkolnymi pucharami.\" width=\"150\" height=\"150\"><\/a>Dzi\u015b w naszej szkole obchodzili\u015bmy Mi\u0119dzynarodowy Dzie\u0144 Tolerancji \u2013 wyj\u0105tkowe \u015bwi\u0119to, kt\u00f3rego celem jest przypomnienie, \u017ce ka\u017cdy cz\u0142owiek ma prawo by\u0107 sob\u0105, a r\u00f3\u017cnice mi\u0119dzy nami s\u0105 warto\u015bci\u0105, a nie powodem do podzia\u0142\u00f3w. Tegoroczne obchody skupi\u0142y si\u0119 szczeg\u00f3lnie na budowaniu szacunku wobec siebie nawzajem oraz na promowaniu postawy, zgodnie z kt\u00f3r\u0105 nie wolno hejtowa\u0107 nikogo za wygl\u0105d, pochodzenie, zainteresowania czy styl bycia.<!--more--><\/p>\n<p>Uczniowie mieli okazj\u0119 wzi\u0105\u0107 udzia\u0142 w zaj\u0119ciach z pedagogiem, podczas kt\u00f3rych rozmawiali o tym, czym jest tolerancja, jak reagowa\u0107 na przejawy hejtu oraz jak budowa\u0107 bezpieczne i \u017cyczliwe \u015brodowisko szkolne. W ramach dzia\u0142a\u0144 plastycznych klasy przygotowa\u0142y plakaty promuj\u0105ce takie warto\u015bci jak szacunek, empatia, akceptacja oraz otwarto\u015b\u0107. Prace zosta\u0142y nast\u0119pnie wyeksponowane na korytarzu szkolnym. Szkole pojawi\u0142a si\u0119 r\u00f3wnie\u017c gazetka tematyczna, kt\u00f3ra pokazywa\u0142a, dlaczego tak wa\u017cne jest budowanie kultury opartej na \u017cyczliwo\u015bci.<\/p>\n<p>Wyj\u0105tkow\u0105 rol\u0119 odegrali dzisiaj uczniowie z samorz\u0105du szkolnego, kt\u00f3rzy wcielili si\u0119 w rol\u0119 Ambasador\u00f3w Tolerancji. Ich zadaniem by\u0142o rozdawanie uczniom karteczek z inspiruj\u0105cymi has\u0142ami dotycz\u0105cymi akceptacji, szacunku oraz r\u00f3\u017cnorodno\u015bci. Ka\u017cdy ucze\u0144 losowa\u0142 swoje indywidualne has\u0142o \u2013 pozytywny przekaz na ca\u0142y dzie\u0144, kt\u00f3ry mia\u0142 zach\u0119ci\u0107 do refleksji i dobrych relacji z innymi.<\/p>\n<p>Dzisiejsze obchody pokaza\u0142y, \u017ce nasza szko\u0142a to miejsce, w kt\u00f3rym ka\u017cdy jest wa\u017cny, a r\u00f3\u017cnice mi\u0119dzy nami sprawiaj\u0105, \u017ce jeste\u015bmy bogatsi jako spo\u0142eczno\u015b\u0107.<\/p>\n<p style=\"text-align: right;\">red. K. Chodarcewicz<br \/>\nS. Zapa\u0142a-Malec<\/p>\n","protected":false},"excerpt":{"rendered":"<p>Dzi\u015b w naszej szkole obchodzili\u015bmy Mi\u0119dzynarodowy Dzie\u0144 Tolerancji \u2013 wyj\u0105tkowe \u015bwi\u0119to, kt\u00f3rego celem jest przypomnienie, \u017ce ka\u017cdy cz\u0142owiek ma prawo by\u0107 sob\u0105, a r\u00f3\u017cnice mi\u0119dzy nami s\u0105 warto\u015bci\u0105, a nie powodem do podzia\u0142\u00f3w. Tegoroczne obchody skupi\u0142y si\u0119 szczeg\u00f3lnie na budowaniu szacunku wobec siebie nawzajem oraz na promowaniu postawy, zgodnie z kt\u00f3r\u0105 nie wolno hejtowa\u0107 nikogo [&hellip;]<\/p>\n","protected":false},"author":1,"featured_media":0,"comment_status":"closed","ping_status":"open","sticky":false,"template":"","format":"standard","meta":{"ngg_post_thumbnail":0,"footnotes":""},"categories":[1],"tags":[],"class_list":["post-49047","post","type-post","status-publish","format-standard","hentry","category-uncategorized"],"_links":{"self":[{"href":"https:\/\/sp1lubomierz.pl\/index.php?rest_route=\/wp\/v2\/posts\/49047","targetHints":{"allow":["GET"]}}],"collection":[{"href":"https:\/\/sp1lubomierz.pl\/index.php?rest_route=\/wp\/v2\/posts"}],"about":[{"href":"https:\/\/sp1lubomierz.pl\/index.php?rest_route=\/wp\/v2\/types\/post"}],"author":[{"embeddable":true,"href":"https:\/\/sp1lubomierz.pl\/index.php?rest_route=\/wp\/v2\/users\/1"}],"replies":[{"embeddable":true,"href":"https:\/\/sp1lubomierz.pl\/index.php?rest_route=%2Fwp%2Fv2%2Fcomments&post=49047"}],"version-history":[{"count":2,"href":"https:\/\/sp1lubomierz.pl\/index.php?rest_route=\/wp\/v2\/posts\/49047\/revisions"}],"predecessor-version":[{"id":49061,"href":"https:\/\/sp1lubomierz.pl\/index.php?rest_route=\/wp\/v2\/posts\/49047\/revisions\/49061"}],"wp:attachment":[{"href":"https:\/\/sp1lubomierz.pl\/index.php?rest_route=%2Fwp%2Fv2%2Fmedia&parent=49047"}],"wp:term":[{"taxonomy":"category","embeddable":true,"href":"https:\/\/sp1lubomierz.pl\/index.php?rest_route=%2Fwp%2Fv2%2Fcategories&post=49047"},{"taxonomy":"post_tag","embeddable":true,"href":"https:\/\/sp1lubomierz.pl\/index.php?rest_route=%2Fwp%2Fv2%2Ftags&post=49047"}],"curies":[{"name":"wp","href":"https:\/\/api.w.org\/{rel}","templated":true}]}}