{"id":49062,"date":"2025-11-19T14:02:49","date_gmt":"2025-11-19T13:02:49","guid":{"rendered":"https:\/\/sp1lubomierz.pl\/?p=49062"},"modified":"2025-11-19T14:02:49","modified_gmt":"2025-11-19T13:02:49","slug":"podsumowanie-udzialu-naszej-szkoly-w-akcji-dziecinstwo-bez-przemocy-2025","status":"publish","type":"post","link":"https:\/\/sp1lubomierz.pl\/?p=49062","title":{"rendered":"Podsumowanie udzia\u0142u naszej szko\u0142y w akcji \u201eDzieci\u0144stwo bez przemocy 2025\u201d"},"content":{"rendered":"<p><a href=\"http:\/\/sp1lubomierz.pl\/wp-content\/uploads\/2025\/11\/fdds-dbp-tabliczka-21x21cm-14.png\"><img loading=\"lazy\" decoding=\"async\" class=\"alignleft size-thumbnail wp-image-49063\" src=\"http:\/\/sp1lubomierz.pl\/wp-content\/uploads\/2025\/11\/fdds-dbp-tabliczka-21x21cm-14-150x150.png\" alt=\"Grafika w kwadratowej ramie w kolorze czerwonym i bia\u0142ym. W centrum znajduje si\u0119 czerwone pole z bia\u0142ym tekstem \u201eDzieci\u0144stwo bez przemocy\u201d. Wok\u00f3\u0142, na bia\u0142ym tle, umieszczone s\u0105 czerwone napisy: \u201eBierzemy udzia\u0142 w kampanii\u201d. Na dole widnieje adres strony \u201edziecinstwobezprzemocy.pl\u201d.\" width=\"150\" height=\"150\" srcset=\"https:\/\/sp1lubomierz.pl\/wp-content\/uploads\/2025\/11\/fdds-dbp-tabliczka-21x21cm-14-150x150.png 150w, https:\/\/sp1lubomierz.pl\/wp-content\/uploads\/2025\/11\/fdds-dbp-tabliczka-21x21cm-14-300x300.png 300w, https:\/\/sp1lubomierz.pl\/wp-content\/uploads\/2025\/11\/fdds-dbp-tabliczka-21x21cm-14-1024x1024.png 1024w, https:\/\/sp1lubomierz.pl\/wp-content\/uploads\/2025\/11\/fdds-dbp-tabliczka-21x21cm-14-768x768.png 768w, https:\/\/sp1lubomierz.pl\/wp-content\/uploads\/2025\/11\/fdds-dbp-tabliczka-21x21cm-14-1536x1536.png 1536w, https:\/\/sp1lubomierz.pl\/wp-content\/uploads\/2025\/11\/fdds-dbp-tabliczka-21x21cm-14-2048x2048.png 2048w, https:\/\/sp1lubomierz.pl\/wp-content\/uploads\/2025\/11\/fdds-dbp-tabliczka-21x21cm-14-230x230.png 230w\" sizes=\"auto, (max-width: 150px) 100vw, 150px\" \/><\/a>19 listopada dobieg\u0142a ko\u0144ca og\u00f3lnopolska kampania \u201eDzieci\u0144stwo bez przemocy 2025\u201d, w kt\u00f3r\u0105 nasza szko\u0142a aktywnie w\u0142\u0105czy\u0142a si\u0119 w ostatnich tygodniach. Celem akcji by\u0142o zwr\u00f3cenie uwagi na problem przemocy wobec dzieci i m\u0142odzie\u017cy oraz promowanie postaw opartych na szacunku, empatii i odpowiedzialno\u015bci. W ramach kampanii zrealizowali\u015bmy liczne dzia\u0142ania skierowane do uczni\u00f3w, nauczycieli i rodzic\u00f3w, tworz\u0105c wsp\u00f3lne, zintegrowane podej\u015bcie do przeciwdzia\u0142ania przemocy.<!--more--><\/p>\n<p>W\u015br\u00f3d uczni\u00f3w szczeg\u00f3lnym elementem akcji by\u0142a lekcja online, w kt\u00f3rej udzia\u0142 wzi\u0119\u0142a klasa 7. Zaj\u0119cia odby\u0142y si\u0119 pod has\u0142em:<br \/>\n<strong>\u201e<\/strong>Jak reagowa\u0107 na przemoc? Rozpoznaj, zareaguj, zatrzymaj.\u201d<strong><br \/>\n<\/strong>Podczas lekcji uczniowie uczyli si\u0119 identyfikowania r\u00f3\u017cnych form przemocy, poznawali zasady m\u0105drego i bezpiecznego reagowania oraz dowiadywali si\u0119, gdzie szuka\u0107 pomocy w sytuacjach trudnych. Zaj\u0119cia wzbudzi\u0142y du\u017ce zainteresowanie i zach\u0119ci\u0142y uczni\u00f3w do refleksji nad odpowiedzialno\u015bci\u0105 za bezpiecze\u0144stwo swoje i innych. Dodatkowo we wszystkich klasach podczas godzin wychowawczych podejmowano temat rozpoznawania przemocy, zasad w\u0142a\u015bciwego reagowania oraz mo\u017cliwo\u015bci uzyskania wsparcia.<\/p>\n<p>W ramach kampanii aktywnie dzia\u0142ali r\u00f3wnie\u017c nauczyciele, kt\u00f3rzy korzystali z bezp\u0142atnych szkole\u0144 online dost\u0119pnych na stronie organizatora. Jednym z nich by\u0142o webinarium pt. <em>\u201eJak zapobiega\u0107 przemocy r\u00f3wie\u015bniczej w plac\u00f3wce buduj\u0105c wra\u017cliwo\u015b\u0107 i empati\u0119 uczni\u00f3w i uczennic?\u201d<\/em>. Nauczyciele mogli r\u00f3wnie\u017c uczestniczy\u0107 w kolejnych szkoleniach odbywaj\u0105cych si\u0119 w listopadzie, poszerzaj\u0105c swoj\u0105 wiedz\u0119 oraz wzmacniaj\u0105c kompetencje wychowawcze.<\/p>\n<p>W dzia\u0142ania kampanii zaanga\u017cowano tak\u017ce rodzic\u00f3w, zach\u0119caj\u0105c ich do udzia\u0142u w dost\u0119pnych webinarach oraz do korzystania z bogatych materia\u0142\u00f3w edukacyjnych publikowanych na stronie akcji. Dzi\u0119ki temu rodzice zyskali mo\u017cliwo\u015b\u0107 pog\u0142\u0119bienia wiedzy z zakresu reagowania na przemoc, wspierania dzieci w trudnych sytuacjach oraz budowania otwartej i bezpiecznej komunikacji w rodzinie.<\/p>\n<p>W przestrzeni szkolnej przygotowano <strong>gazetk\u0119 edukacyjn\u0105<\/strong>, umieszczon\u0105 na g\u0142\u00f3wnym korytarzu. Zamieszczono na niej materia\u0142y dotycz\u0105ce przeciwdzia\u0142ania przemocy, wskaz\u00f3wki pomocowe oraz informacje o instytucjach wsparcia. Gazetka by\u0142a sta\u0142ym \u017ar\u00f3d\u0142em wiedzy i refleksji dla uczni\u00f3w, nauczycieli i rodzic\u00f3w.<\/p>\n<p>W ramach kampanii <strong>pedagog szkolny naszej szko\u0142y wzi\u0119\u0142a udzia\u0142 w wydarzeniu edukacyjnym<\/strong> organizowanym przez <strong>Zesp\u00f3\u0142 Interdyscyplinarny w Gminie Mszana Dolna<\/strong> oraz <strong>Gminn\u0105 Komisj\u0119 Rozwi\u0105zywania Problem\u00f3w Alkoholowych w Mszanie Dolnej<\/strong>. Tematem spotkania by\u0142o:<br \/>\n<strong>\u201ePost\u0119powania s\u0105dowe dotycz\u0105ce ma\u0142oletnich \u2013 wnioski, procedury i wsp\u00f3\u0142praca z kuratorami s\u0105dowymi.\u201d<\/strong><br \/>\nW wydarzeniu uczestniczy\u0142y m.in. <strong>S\u0119dzia S\u0105du Rejonowego w Limanowej \u2013 Magdalena Grybo\u015b<\/strong> oraz <strong>Kurator Specjalista ds. Rodzinnych i Nieletnich \u2013 Beata Ciesielczyk<\/strong>. Spotkanie by\u0142o warto\u015bciow\u0105 okazj\u0105 do wymiany do\u015bwiadcze\u0144 i om\u00f3wienia praktycznych aspekt\u00f3w wsp\u00f3\u0142pracy mi\u0119dzy instytucjami wspieraj\u0105cymi bezpiecze\u0144stwo i dobrostan dzieci.<\/p>\n<p>Zako\u0144czona dzi\u015b kampania by\u0142a dla naszej szko\u0142y okazj\u0105 do wzmocnienia dzia\u0142a\u0144 profilaktycznych oraz zwi\u0119kszenia \u015bwiadomo\u015bci ca\u0142ej spo\u0142eczno\u015bci na temat przeciwdzia\u0142ania przemocy. Wierzymy, \u017ce podj\u0119te inicjatywy przyczyni\u0105 si\u0119 do budowania jeszcze bezpieczniejszego \u015brodowiska dla uczni\u00f3w oraz do rozwijania kultury empatii i wzajemnego szacunku \u2013 nie tylko w czasie trwania akcji, ale ka\u017cdego dnia.<\/p>\n<p style=\"text-align: right;\">red. K. Chodarcewicz<\/p>\n<p>&nbsp;<\/p>\n","protected":false},"excerpt":{"rendered":"<p>19 listopada dobieg\u0142a ko\u0144ca og\u00f3lnopolska kampania \u201eDzieci\u0144stwo bez przemocy 2025\u201d, w kt\u00f3r\u0105 nasza szko\u0142a aktywnie w\u0142\u0105czy\u0142a si\u0119 w ostatnich tygodniach. Celem akcji by\u0142o zwr\u00f3cenie uwagi na problem przemocy wobec dzieci i m\u0142odzie\u017cy oraz promowanie postaw opartych na szacunku, empatii i odpowiedzialno\u015bci. W ramach kampanii zrealizowali\u015bmy liczne dzia\u0142ania skierowane do uczni\u00f3w, nauczycieli i rodzic\u00f3w, tworz\u0105c wsp\u00f3lne, [&hellip;]<\/p>\n","protected":false},"author":1,"featured_media":0,"comment_status":"closed","ping_status":"open","sticky":false,"template":"","format":"standard","meta":{"ngg_post_thumbnail":0,"footnotes":""},"categories":[1],"tags":[],"class_list":["post-49062","post","type-post","status-publish","format-standard","hentry","category-uncategorized"],"_links":{"self":[{"href":"https:\/\/sp1lubomierz.pl\/index.php?rest_route=\/wp\/v2\/posts\/49062","targetHints":{"allow":["GET"]}}],"collection":[{"href":"https:\/\/sp1lubomierz.pl\/index.php?rest_route=\/wp\/v2\/posts"}],"about":[{"href":"https:\/\/sp1lubomierz.pl\/index.php?rest_route=\/wp\/v2\/types\/post"}],"author":[{"embeddable":true,"href":"https:\/\/sp1lubomierz.pl\/index.php?rest_route=\/wp\/v2\/users\/1"}],"replies":[{"embeddable":true,"href":"https:\/\/sp1lubomierz.pl\/index.php?rest_route=%2Fwp%2Fv2%2Fcomments&post=49062"}],"version-history":[{"count":1,"href":"https:\/\/sp1lubomierz.pl\/index.php?rest_route=\/wp\/v2\/posts\/49062\/revisions"}],"predecessor-version":[{"id":49064,"href":"https:\/\/sp1lubomierz.pl\/index.php?rest_route=\/wp\/v2\/posts\/49062\/revisions\/49064"}],"wp:attachment":[{"href":"https:\/\/sp1lubomierz.pl\/index.php?rest_route=%2Fwp%2Fv2%2Fmedia&parent=49062"}],"wp:term":[{"taxonomy":"category","embeddable":true,"href":"https:\/\/sp1lubomierz.pl\/index.php?rest_route=%2Fwp%2Fv2%2Fcategories&post=49062"},{"taxonomy":"post_tag","embeddable":true,"href":"https:\/\/sp1lubomierz.pl\/index.php?rest_route=%2Fwp%2Fv2%2Ftags&post=49062"}],"curies":[{"name":"wp","href":"https:\/\/api.w.org\/{rel}","templated":true}]}}