{"id":49069,"date":"2025-11-26T22:11:34","date_gmt":"2025-11-26T21:11:34","guid":{"rendered":"https:\/\/sp1lubomierz.pl\/?p=49069"},"modified":"2025-11-26T22:11:34","modified_gmt":"2025-11-26T21:11:34","slug":"pasowanie-pierwszoklasistow-na-czytelnika","status":"publish","type":"post","link":"https:\/\/sp1lubomierz.pl\/?p=49069","title":{"rendered":"Pasowanie pierwszoklasist\u00f3w na czytelnika"},"content":{"rendered":"<p><a href=\"http:\/\/sp1lubomierz.pl\/wp-content\/uploads\/2025\/11\/pierwszaki-na-pasowaniu-na-czytelnikow3-scaled.jpg\"><img loading=\"lazy\" decoding=\"async\" class=\"alignleft size-thumbnail wp-image-49081\" src=\"http:\/\/sp1lubomierz.pl\/wp-content\/uploads\/2025\/11\/pierwszaki-na-pasowaniu-na-czytelnikow3-150x150.jpg\" alt=\"pierwszaki na pasowaniu na czytelniko\u0301w\" width=\"150\" height=\"150\"><\/a>W naszej szkole odby\u0142a si\u0119 uroczysto\u015b\u0107 pasowania pierwszak\u00f3w na czytelnik\u00f3w. To wa\u017cny moment, w kt\u00f3rym najm\u0142odsi uczniowie oficjalnie rozpoczynaj\u0105 swoj\u0105 przygod\u0119 z bibliotek\u0105. Wydarzenie u\u015bwietni\u0142o przedstawienie przygotowane przez uczni\u00f3w klasy 3 pt. \u201eW zaczarowanej bibliotece\u201d. Trzecioklasi\u015bci w barwnych strojach przenie\u015bli wszystkich w \u015bwiat bajek, zach\u0119caj\u0105c m\u0142odszych koleg\u00f3w do czytania.<!--more--> Pierwszaki obejrza\u0142y r\u00f3wnie\u017c film o zasadach korzystania z ksi\u0105\u017cek, a nast\u0119pnie Pani Dyrektor dokona\u0142a uroczystego pasowania. Ka\u017cde dziecko otrzyma\u0142o dyplom i pi\u0119kn\u0105 ksi\u0105\u017ck\u0119 na dobry start. Ca\u0142o\u015b\u0107 dope\u0142ni\u0142a ba\u015bniowa dekoracja, kt\u00f3ra nada\u0142a uroczysto\u015bci wyj\u0105tkowy klimat.<\/p>\n<p>Gratulujemy pierwszoklasistom i \u017cyczymy wielu wspania\u0142ych chwil z ksi\u0105\u017ck\u0105!<\/p>\n<p style=\"text-align: right;\">red. K. Chodarcewicz<\/p>\n\n\t\t<style type=\"text\/css\">\n\t\t\t#gallery-1 {\n\t\t\t\tmargin: auto;\n\t\t\t}\n\t\t\t#gallery-1 .gallery-item {\n\t\t\t\tfloat: left;\n\t\t\t\tmargin-top: 10px;\n\t\t\t\ttext-align: center;\n\t\t\t\twidth: 33%;\n\t\t\t}\n\t\t\t#gallery-1 img {\n\t\t\t\tborder: 2px solid #cfcfcf;\n\t\t\t}\n\t\t\t#gallery-1 .gallery-caption {\n\t\t\t\tmargin-left: 0;\n\t\t\t}\n\t\t\t\/* see gallery_shortcode() in wp-includes\/media.php *\/\n\t\t<\/style>\n\t\t<div id='gallery-1' class='gallery galleryid-49069 gallery-columns-3 gallery-size-thumbnail'><dl class='gallery-item'>\n\t\t\t<dt class='gallery-icon portrait'>\n\t\t\t\t<a href='https:\/\/sp1lubomierz.pl\/wp-content\/uploads\/2025\/11\/dyplomy-i-ksiazki-dla-pierwszoklasistow-scaled.jpg'><img loading=\"lazy\" decoding=\"async\" width=\"150\" height=\"150\" src=\"https:\/\/sp1lubomierz.pl\/wp-content\/uploads\/2025\/11\/dyplomy-i-ksiazki-dla-pierwszoklasistow-150x150.jpg\" class=\"attachment-thumbnail size-thumbnail\" alt=\"Zestaw dyplom\u00f3w i ksi\u0105\u017cek przygotowanych dla pierwszoklasist\u00f3w.\" \/><\/a>\n\t\t\t<\/dt><\/dl><dl class='gallery-item'>\n\t\t\t<dt class='gallery-icon portrait'>\n\t\t\t\t<a href='https:\/\/sp1lubomierz.pl\/wp-content\/uploads\/2025\/11\/dzieci-przebrane-na-przedstawienu-.jpg'><img loading=\"lazy\" decoding=\"async\" width=\"150\" height=\"150\" src=\"https:\/\/sp1lubomierz.pl\/wp-content\/uploads\/2025\/11\/dzieci-przebrane-na-przedstawienu--150x150.jpg\" class=\"attachment-thumbnail size-thumbnail\" alt=\"dzieci przebrane na przedstawieniu\" \/><\/a>\n\t\t\t<\/dt><\/dl><dl class='gallery-item'>\n\t\t\t<dt class='gallery-icon portrait'>\n\t\t\t\t<a href='https:\/\/sp1lubomierz.pl\/wp-content\/uploads\/2025\/11\/gazetka-na-pasowanie-pierwszakow-scaled.jpg'><img loading=\"lazy\" decoding=\"async\" width=\"150\" height=\"150\" src=\"https:\/\/sp1lubomierz.pl\/wp-content\/uploads\/2025\/11\/gazetka-na-pasowanie-pierwszakow-150x150.jpg\" class=\"attachment-thumbnail size-thumbnail\" alt=\"gazetka na pasowanie pierwszako\u0301w\" \/><\/a>\n\t\t\t<\/dt><\/dl><br style=\"clear: both\" \/><dl class='gallery-item'>\n\t\t\t<dt class='gallery-icon portrait'>\n\t\t\t\t<a href='https:\/\/sp1lubomierz.pl\/wp-content\/uploads\/2025\/11\/Gazetka-pasowanie-na-czytelnika-scaled.jpg'><img loading=\"lazy\" decoding=\"async\" width=\"150\" height=\"150\" src=\"https:\/\/sp1lubomierz.pl\/wp-content\/uploads\/2025\/11\/Gazetka-pasowanie-na-czytelnika-150x150.jpg\" class=\"attachment-thumbnail size-thumbnail\" alt=\"Gazetka pasowanie na czytelnika\" \/><\/a>\n\t\t\t<\/dt><\/dl><dl class='gallery-item'>\n\t\t\t<dt class='gallery-icon portrait'>\n\t\t\t\t<a href='https:\/\/sp1lubomierz.pl\/wp-content\/uploads\/2025\/11\/pierwszaki-na-pasowaniu-na-czytelnikow-1.jpg'><img loading=\"lazy\" decoding=\"async\" width=\"150\" height=\"150\" src=\"https:\/\/sp1lubomierz.pl\/wp-content\/uploads\/2025\/11\/pierwszaki-na-pasowaniu-na-czytelnikow-1-150x150.jpg\" class=\"attachment-thumbnail size-thumbnail\" alt=\"pierwszaki na pasowaniu na czytelniko\u0301w\" \/><\/a>\n\t\t\t<\/dt><\/dl><dl class='gallery-item'>\n\t\t\t<dt class='gallery-icon portrait'>\n\t\t\t\t<a href='https:\/\/sp1lubomierz.pl\/wp-content\/uploads\/2025\/11\/pierwszaki-na-pasowaniu-na-czytelnikow.jpg-scaled.jpg'><img loading=\"lazy\" decoding=\"async\" width=\"150\" height=\"150\" src=\"https:\/\/sp1lubomierz.pl\/wp-content\/uploads\/2025\/11\/pierwszaki-na-pasowaniu-na-czytelnikow.jpg-150x150.jpg\" class=\"attachment-thumbnail size-thumbnail\" alt=\"Pierwszoklasi\u015bci ogl\u0105daj\u0105 prezentacj\u0119 o zasadach korzystania z ksi\u0105\u017cek\" \/><\/a>\n\t\t\t<\/dt><\/dl><br style=\"clear: both\" \/><dl class='gallery-item'>\n\t\t\t<dt class='gallery-icon portrait'>\n\t\t\t\t<a href='https:\/\/sp1lubomierz.pl\/wp-content\/uploads\/2025\/11\/pierwszaki-na-pasowaniu-na-czytelnikow1-scaled.jpg'><img loading=\"lazy\" decoding=\"async\" width=\"150\" height=\"150\" src=\"https:\/\/sp1lubomierz.pl\/wp-content\/uploads\/2025\/11\/pierwszaki-na-pasowaniu-na-czytelnikow1-150x150.jpg\" class=\"attachment-thumbnail size-thumbnail\" alt=\"Pierwszoklasi\u015bci stoj\u0105 w rz\u0119dzie podczas uroczystego pasowania, wys\u0142uchuj\u0105c s\u0142\u00f3w nauczyciela\" \/><\/a>\n\t\t\t<\/dt><\/dl><dl class='gallery-item'>\n\t\t\t<dt class='gallery-icon portrait'>\n\t\t\t\t<a href='https:\/\/sp1lubomierz.pl\/wp-content\/uploads\/2025\/11\/Przedstawienie-trzecioklasistow-scaled.jpg'><img loading=\"lazy\" decoding=\"async\" width=\"150\" height=\"150\" src=\"https:\/\/sp1lubomierz.pl\/wp-content\/uploads\/2025\/11\/Przedstawienie-trzecioklasistow-150x150.jpg\" class=\"attachment-thumbnail size-thumbnail\" alt=\"Uczniowie klasy 3 w bajkowych kostiumach prezentuj\u0105 swoje przedstawienie.\" \/><\/a>\n\t\t\t<\/dt><\/dl><dl class='gallery-item'>\n\t\t\t<dt class='gallery-icon portrait'>\n\t\t\t\t<a href='https:\/\/sp1lubomierz.pl\/wp-content\/uploads\/2025\/11\/pierwszaki-na-pasowaniu-na-czytelnikow5.jpg'><img loading=\"lazy\" decoding=\"async\" width=\"150\" height=\"150\" src=\"https:\/\/sp1lubomierz.pl\/wp-content\/uploads\/2025\/11\/pierwszaki-na-pasowaniu-na-czytelnikow5-150x150.jpg\" class=\"attachment-thumbnail size-thumbnail\" alt=\"Pierwszaki odbieraj\u0105 dyplomy po uroczystym pasowaniu na czytelnika\" \/><\/a>\n\t\t\t<\/dt><\/dl><br style=\"clear: both\" \/><dl class='gallery-item'>\n\t\t\t<dt class='gallery-icon portrait'>\n\t\t\t\t<a href='https:\/\/sp1lubomierz.pl\/wp-content\/uploads\/2025\/11\/pierwszaki-na-pasowaniu-na-czytelnikow4.jpg'><img loading=\"lazy\" decoding=\"async\" width=\"150\" height=\"150\" src=\"https:\/\/sp1lubomierz.pl\/wp-content\/uploads\/2025\/11\/pierwszaki-na-pasowaniu-na-czytelnikow4-150x150.jpg\" class=\"attachment-thumbnail size-thumbnail\" alt=\"Dzieci dumnie prezentuj\u0105 swoje nowe ksi\u0105\u017cki i dyplomy czytelnika.\" \/><\/a>\n\t\t\t<\/dt><\/dl><dl class='gallery-item'>\n\t\t\t<dt class='gallery-icon portrait'>\n\t\t\t\t<a href='https:\/\/sp1lubomierz.pl\/wp-content\/uploads\/2025\/11\/pierwszaki-na-pasowaniu-na-czytelnikow3-scaled.jpg'><img loading=\"lazy\" decoding=\"async\" width=\"150\" height=\"150\" src=\"https:\/\/sp1lubomierz.pl\/wp-content\/uploads\/2025\/11\/pierwszaki-na-pasowaniu-na-czytelnikow3-150x150.jpg\" class=\"attachment-thumbnail size-thumbnail\" alt=\"pierwszaki na pasowaniu na czytelniko\u0301w\" \/><\/a>\n\t\t\t<\/dt><\/dl><dl class='gallery-item'>\n\t\t\t<dt class='gallery-icon portrait'>\n\t\t\t\t<a href='https:\/\/sp1lubomierz.pl\/wp-content\/uploads\/2025\/11\/pierwszaki-na-pasowaniu-na-czytelnikow2jpg-scaled.jpg'><img loading=\"lazy\" decoding=\"async\" width=\"150\" height=\"150\" src=\"https:\/\/sp1lubomierz.pl\/wp-content\/uploads\/2025\/11\/pierwszaki-na-pasowaniu-na-czytelnikow2jpg-150x150.jpg\" class=\"attachment-thumbnail size-thumbnail\" alt=\"Pierwszoklasi\u015bci stoj\u0105 w rz\u0119dzie podczas uroczystego pasowania, wys\u0142uchuj\u0105c s\u0142\u00f3w nauczyciela\" \/><\/a>\n\t\t\t<\/dt><\/dl><br style=\"clear: both\" \/><dl class='gallery-item'>\n\t\t\t<dt class='gallery-icon portrait'>\n\t\t\t\t<a href='https:\/\/sp1lubomierz.pl\/wp-content\/uploads\/2025\/11\/przedstawienie-pasowanie-na-czytelnikajpg-rotated.jpg'><img loading=\"lazy\" decoding=\"async\" width=\"150\" height=\"150\" src=\"https:\/\/sp1lubomierz.pl\/wp-content\/uploads\/2025\/11\/przedstawienie-pasowanie-na-czytelnikajpg-150x150.jpg\" class=\"attachment-thumbnail size-thumbnail\" alt=\"Uczniowie prezentuj\u0105 zasady korzystania z ksi\u0105\u017cek podczas cz\u0119\u015bci edukacyjnej uroczysto\u015bci.\" \/><\/a>\n\t\t\t<\/dt><\/dl><dl class='gallery-item'>\n\t\t\t<dt class='gallery-icon portrait'>\n\t\t\t\t<a href='https:\/\/sp1lubomierz.pl\/wp-content\/uploads\/2025\/11\/Przedstawienie-rotated.jpg'><img loading=\"lazy\" decoding=\"async\" width=\"150\" height=\"150\" src=\"https:\/\/sp1lubomierz.pl\/wp-content\/uploads\/2025\/11\/Przedstawienie-150x150.jpg\" class=\"attachment-thumbnail size-thumbnail\" alt=\"Jedna z uczestniczek przedstawienia, przebrana w bogaty kostium, wyst\u0119puje przed m\u0142odszymi uczniami.\" \/><\/a>\n\t\t\t<\/dt><\/dl><dl class='gallery-item'>\n\t\t\t<dt class='gallery-icon portrait'>\n\t\t\t\t<a href='https:\/\/sp1lubomierz.pl\/wp-content\/uploads\/2025\/11\/przedstowanie-dziewczynka-przebrana-za-krasnala--scaled.jpg'><img loading=\"lazy\" decoding=\"async\" width=\"150\" height=\"150\" src=\"https:\/\/sp1lubomierz.pl\/wp-content\/uploads\/2025\/11\/przedstowanie-dziewczynka-przebrana-za-krasnala--150x150.jpg\" class=\"attachment-thumbnail size-thumbnail\" alt=\"przedstawienie dziewczynka przebrana za krasnala\" \/><\/a>\n\t\t\t<\/dt><\/dl><br style=\"clear: both\" \/>\n\t\t<\/div>\n\n","protected":false},"excerpt":{"rendered":"<p>W naszej szkole odby\u0142a si\u0119 uroczysto\u015b\u0107 pasowania pierwszak\u00f3w na czytelnik\u00f3w. To wa\u017cny moment, w kt\u00f3rym najm\u0142odsi uczniowie oficjalnie rozpoczynaj\u0105 swoj\u0105 przygod\u0119 z bibliotek\u0105. Wydarzenie u\u015bwietni\u0142o przedstawienie przygotowane przez uczni\u00f3w klasy 3 pt. \u201eW zaczarowanej bibliotece\u201d. Trzecioklasi\u015bci w barwnych strojach przenie\u015bli wszystkich w \u015bwiat bajek, zach\u0119caj\u0105c m\u0142odszych koleg\u00f3w do czytania.<\/p>\n","protected":false},"author":1,"featured_media":0,"comment_status":"closed","ping_status":"open","sticky":false,"template":"","format":"standard","meta":{"ngg_post_thumbnail":0,"footnotes":""},"categories":[1],"tags":[],"class_list":["post-49069","post","type-post","status-publish","format-standard","hentry","category-uncategorized"],"_links":{"self":[{"href":"https:\/\/sp1lubomierz.pl\/index.php?rest_route=\/wp\/v2\/posts\/49069","targetHints":{"allow":["GET"]}}],"collection":[{"href":"https:\/\/sp1lubomierz.pl\/index.php?rest_route=\/wp\/v2\/posts"}],"about":[{"href":"https:\/\/sp1lubomierz.pl\/index.php?rest_route=\/wp\/v2\/types\/post"}],"author":[{"embeddable":true,"href":"https:\/\/sp1lubomierz.pl\/index.php?rest_route=\/wp\/v2\/users\/1"}],"replies":[{"embeddable":true,"href":"https:\/\/sp1lubomierz.pl\/index.php?rest_route=%2Fwp%2Fv2%2Fcomments&post=49069"}],"version-history":[{"count":1,"href":"https:\/\/sp1lubomierz.pl\/index.php?rest_route=\/wp\/v2\/posts\/49069\/revisions"}],"predecessor-version":[{"id":49086,"href":"https:\/\/sp1lubomierz.pl\/index.php?rest_route=\/wp\/v2\/posts\/49069\/revisions\/49086"}],"wp:attachment":[{"href":"https:\/\/sp1lubomierz.pl\/index.php?rest_route=%2Fwp%2Fv2%2Fmedia&parent=49069"}],"wp:term":[{"taxonomy":"category","embeddable":true,"href":"https:\/\/sp1lubomierz.pl\/index.php?rest_route=%2Fwp%2Fv2%2Fcategories&post=49069"},{"taxonomy":"post_tag","embeddable":true,"href":"https:\/\/sp1lubomierz.pl\/index.php?rest_route=%2Fwp%2Fv2%2Ftags&post=49069"}],"curies":[{"name":"wp","href":"https:\/\/api.w.org\/{rel}","templated":true}]}}