{"id":49087,"date":"2025-11-26T22:21:56","date_gmt":"2025-11-26T21:21:56","guid":{"rendered":"https:\/\/sp1lubomierz.pl\/?p=49087"},"modified":"2025-11-26T22:21:56","modified_gmt":"2025-11-26T21:21:56","slug":"mikolajki-dla-mukoludkow-wyjatkowa-akcja-szkolnego-klubu-wolontariuszy","status":"publish","type":"post","link":"https:\/\/sp1lubomierz.pl\/?p=49087","title":{"rendered":"\u201eMiko\u0142ajki dla Mukoludk\u00f3w\u201d- wyj\u0105tkowa akcja Szkolnego Klubu Wolontariuszy"},"content":{"rendered":"<p><a href=\"http:\/\/sp1lubomierz.pl\/wp-content\/uploads\/2025\/11\/20251126_111222-scaled.jpg\"><img loading=\"lazy\" decoding=\"async\" class=\"alignleft size-thumbnail wp-image-49088\" src=\"http:\/\/sp1lubomierz.pl\/wp-content\/uploads\/2025\/11\/20251126_111222-150x150.jpg\" alt=\"Zebrane s\u0142odycze, ksi\u0105\u017cki i przybory szkolne przygotowane do miko\u0142ajkowych paczek dla Mukoludk\u00f3w.\" width=\"150\" height=\"150\"><\/a>Zbli\u017ca si\u0119 magiczny dzie\u0144 \u015awi\u0119tego Miko\u0142aja \u2013 czas rado\u015bci i dzieci\u0119cych marze\u0144. To chwila, na kt\u00f3r\u0105 z niecierpliwo\u015bci\u0105 czeka ka\u017cde dziecko, niezale\u017cnie od wieku i okoliczno\u015bci. W tym roku ponownie pragniemy nie\u015b\u0107 rado\u015b\u0107 i wsparcie \u2013 dotrze\u0107 do najbardziej potrzebuj\u0105cych. Szkolny Klub Wolontariuszy po raz kolejny udowodni\u0142, \u017ce dobro ma ogromn\u0105 moc. Nasi wolontariusze zorganizowali akcj\u0119 charytatywn\u0105 \u201eMiko\u0142ajki dla Mukoludk\u00f3w\u201d, kt\u00f3rej celem by\u0142o wsparcie dzieci zmagaj\u0105cych si\u0119 z mukowiscydoz\u0105.<!--more--> Akcja polega\u0142a na zbi\u00f3rce s\u0142odyczy, przybor\u00f3w szkolnych, ksi\u0105\u017cek, materia\u0142\u00f3w plastycznych oraz zabawek, kt\u00f3re trafi\u0105 do paczek dla Mukoludk\u00f3w. Uczniowie i ich rodzice zaskoczyli nas swoj\u0105 hojno\u015bci\u0105. Najpi\u0119kniejszym efektem naszych dzia\u0142a\u0144 jest \u015bwiadomo\u015b\u0107, \u017ce cho\u0107 na chwil\u0119 mo\u017cna wywo\u0142a\u0107 u\u015bmiech u najm\u0142odszych, kt\u00f3rzy na co dzie\u0144 zmagaj\u0105 si\u0119 z trudn\u0105 i wymagaj\u0105c\u0105 chorob\u0105. Takie inicjatywy maj\u0105 ogromny wp\u0142yw na rozw\u00f3j empatii w\u015br\u00f3d dzieci i m\u0142odzie\u017cy. Uczniowie ucz\u0105 si\u0119, \u017ce pomaganie mo\u017ce by\u0107 nie tylko obowi\u0105zkiem, ale przede wszystkim rado\u015bci\u0105 i wsp\u00f3lnym prze\u017cyciem.<\/p>\n<p>Dzi\u0119kujemy uczniom, ich rodzicom oraz wolontariuszom za zaanga\u017cowanie i wielkie serca.<\/p>\n<p style=\"text-align: right;\">red. E. Drabik<\/p>\n\n\t\t<style type=\"text\/css\">\n\t\t\t#gallery-1 {\n\t\t\t\tmargin: auto;\n\t\t\t}\n\t\t\t#gallery-1 .gallery-item {\n\t\t\t\tfloat: left;\n\t\t\t\tmargin-top: 10px;\n\t\t\t\ttext-align: center;\n\t\t\t\twidth: 33%;\n\t\t\t}\n\t\t\t#gallery-1 img {\n\t\t\t\tborder: 2px solid #cfcfcf;\n\t\t\t}\n\t\t\t#gallery-1 .gallery-caption {\n\t\t\t\tmargin-left: 0;\n\t\t\t}\n\t\t\t\/* see gallery_shortcode() in wp-includes\/media.php *\/\n\t\t<\/style>\n\t\t<div id='gallery-1' class='gallery galleryid-49087 gallery-columns-3 gallery-size-thumbnail'><dl class='gallery-item'>\n\t\t\t<dt class='gallery-icon portrait'>\n\t\t\t\t<a href='https:\/\/sp1lubomierz.pl\/wp-content\/uploads\/2025\/11\/20251126_111222-scaled.jpg'><img loading=\"lazy\" decoding=\"async\" width=\"150\" height=\"150\" src=\"https:\/\/sp1lubomierz.pl\/wp-content\/uploads\/2025\/11\/20251126_111222-150x150.jpg\" class=\"attachment-thumbnail size-thumbnail\" alt=\"Zebrane s\u0142odycze, ksi\u0105\u017cki i przybory szkolne przygotowane do miko\u0142ajkowych paczek dla Mukoludk\u00f3w.\" \/><\/a>\n\t\t\t<\/dt><\/dl><dl class='gallery-item'>\n\t\t\t<dt class='gallery-icon portrait'>\n\t\t\t\t<a href='https:\/\/sp1lubomierz.pl\/wp-content\/uploads\/2025\/11\/20251126_111226-scaled.jpg'><img loading=\"lazy\" decoding=\"async\" width=\"150\" height=\"150\" src=\"https:\/\/sp1lubomierz.pl\/wp-content\/uploads\/2025\/11\/20251126_111226-150x150.jpg\" class=\"attachment-thumbnail size-thumbnail\" alt=\"Kolorowe zestawy pisak\u00f3w, d\u0142ugopis\u00f3w i materia\u0142\u00f3w plastycznych przekazane w ramach akcji charytatywnej.\" \/><\/a>\n\t\t\t<\/dt><\/dl><dl class='gallery-item'>\n\t\t\t<dt class='gallery-icon portrait'>\n\t\t\t\t<a href='https:\/\/sp1lubomierz.pl\/wp-content\/uploads\/2025\/11\/20251126_111244-scaled.jpg'><img loading=\"lazy\" decoding=\"async\" width=\"150\" height=\"150\" src=\"https:\/\/sp1lubomierz.pl\/wp-content\/uploads\/2025\/11\/20251126_111244-150x150.jpg\" class=\"attachment-thumbnail size-thumbnail\" alt=\"Pluszowy jednoro\u017cec \u2013 jedna z zabawek, kt\u00f3re trafi\u0105 do prezent\u00f3w dla dzieci chorych na mukowiscydoz\u0119.\" \/><\/a>\n\t\t\t<\/dt><\/dl><br style=\"clear: both\" \/>\n\t\t<\/div>\n\n<p>&nbsp;<\/p>\n","protected":false},"excerpt":{"rendered":"<p>Zbli\u017ca si\u0119 magiczny dzie\u0144 \u015awi\u0119tego Miko\u0142aja \u2013 czas rado\u015bci i dzieci\u0119cych marze\u0144. To chwila, na kt\u00f3r\u0105 z niecierpliwo\u015bci\u0105 czeka ka\u017cde dziecko, niezale\u017cnie od wieku i okoliczno\u015bci. W tym roku ponownie pragniemy nie\u015b\u0107 rado\u015b\u0107 i wsparcie \u2013 dotrze\u0107 do najbardziej potrzebuj\u0105cych. Szkolny Klub Wolontariuszy po raz kolejny udowodni\u0142, \u017ce dobro ma ogromn\u0105 moc. Nasi wolontariusze zorganizowali [&hellip;]<\/p>\n","protected":false},"author":1,"featured_media":0,"comment_status":"closed","ping_status":"open","sticky":false,"template":"","format":"standard","meta":{"ngg_post_thumbnail":0,"footnotes":""},"categories":[1],"tags":[],"class_list":["post-49087","post","type-post","status-publish","format-standard","hentry","category-uncategorized"],"_links":{"self":[{"href":"https:\/\/sp1lubomierz.pl\/index.php?rest_route=\/wp\/v2\/posts\/49087","targetHints":{"allow":["GET"]}}],"collection":[{"href":"https:\/\/sp1lubomierz.pl\/index.php?rest_route=\/wp\/v2\/posts"}],"about":[{"href":"https:\/\/sp1lubomierz.pl\/index.php?rest_route=\/wp\/v2\/types\/post"}],"author":[{"embeddable":true,"href":"https:\/\/sp1lubomierz.pl\/index.php?rest_route=\/wp\/v2\/users\/1"}],"replies":[{"embeddable":true,"href":"https:\/\/sp1lubomierz.pl\/index.php?rest_route=%2Fwp%2Fv2%2Fcomments&post=49087"}],"version-history":[{"count":1,"href":"https:\/\/sp1lubomierz.pl\/index.php?rest_route=\/wp\/v2\/posts\/49087\/revisions"}],"predecessor-version":[{"id":49091,"href":"https:\/\/sp1lubomierz.pl\/index.php?rest_route=\/wp\/v2\/posts\/49087\/revisions\/49091"}],"wp:attachment":[{"href":"https:\/\/sp1lubomierz.pl\/index.php?rest_route=%2Fwp%2Fv2%2Fmedia&parent=49087"}],"wp:term":[{"taxonomy":"category","embeddable":true,"href":"https:\/\/sp1lubomierz.pl\/index.php?rest_route=%2Fwp%2Fv2%2Fcategories&post=49087"},{"taxonomy":"post_tag","embeddable":true,"href":"https:\/\/sp1lubomierz.pl\/index.php?rest_route=%2Fwp%2Fv2%2Ftags&post=49087"}],"curies":[{"name":"wp","href":"https:\/\/api.w.org\/{rel}","templated":true}]}}