{"id":49093,"date":"2025-12-01T10:28:10","date_gmt":"2025-12-01T09:28:10","guid":{"rendered":"https:\/\/sp1lubomierz.pl\/?p=49093"},"modified":"2025-12-01T10:28:10","modified_gmt":"2025-12-01T09:28:10","slug":"andrzejki-dla-klas-1-3-pelne-energii-zabawy-i-slodkich-niespodzianek","status":"publish","type":"post","link":"https:\/\/sp1lubomierz.pl\/?p=49093","title":{"rendered":"Andrzejki dla klas 1\u20133 \u2013 pe\u0142ne energii, zabawy i s\u0142odkich niespodzianek!"},"content":{"rendered":"<p><a href=\"http:\/\/sp1lubomierz.pl\/wp-content\/uploads\/2025\/12\/IMG_7289-scaled.jpg\"><img loading=\"lazy\" decoding=\"async\" class=\"alignleft size-thumbnail wp-image-49098\" src=\"http:\/\/sp1lubomierz.pl\/wp-content\/uploads\/2025\/12\/IMG_7289-150x150.jpg\" alt=\"Dzieci siedz\u0105 na krzese\u0142kach i ogl\u0105daj\u0105 przedstawienie kukie\u0142kowe na szkolnej scenie z dekoracj\u0105 le\u015bn\u0105.\" width=\"150\" height=\"150\"><\/a>27 listopada w naszej szkole odby\u0142y si\u0119 wyj\u0105tkowe andrzejki dla najm\u0142odszych uczni\u00f3w. Tegoroczna impreza obfitowa\u0142a w atrakcje, u\u015bmiechy i niesamowite chwile, kt\u00f3re d\u0142ugo pozostan\u0105 w pami\u0119ci dzieci. Na pocz\u0105tek uczniowie obejrzeli weso\u0142y teatrzyk pt. \u201eJesienne porz\u0105dki z Czerwonym Kapturkiem\u201d. Barwna scenografia, ciekawa fabu\u0142a oraz ciekawe perypetie bohater\u00f3w sprawi\u0142y, \u017ce mali widzowie z ogromnym zaanga\u017cowaniem uczestniczyli w spektaklu, \u017cywo reaguj\u0105c na wydarzenia na scenie.<!--more-->Po przedstawieniu rozpocz\u0119\u0142a si\u0119 andrzejkowa cz\u0119\u015b\u0107 pe\u0142na zabaw. Uczennice z klasy \u00f3smej przygotowa\u0142y stoliki z tradycyjnymi andrzejkowymi atrakcjami. Starsze kole\u017canki wykaza\u0142y si\u0119 ogromn\u0105 kreatywno\u015bci\u0105, a ich zaanga\u017cowanie sprawi\u0142o, \u017ce najm\u0142odsi bawili si\u0119 doskonale.<\/p>\n<p>Nie zabrak\u0142o r\u00f3wnie\u017c ta\u0144c\u00f3w i konkurs\u00f3w tanecznych, podczas kt\u00f3rych sala zamieni\u0142a si\u0119 w prawdziwy parkiet pe\u0142en energii i rado\u015bci. Dzieci ch\u0119tnie uczestniczy\u0142y w rywalizacji, pokazuj\u0105c swoje taneczne umiej\u0119tno\u015bci, zdobywaj\u0105c nagrody, o kt\u00f3re zadba\u0142y wychowawczynie kl. 1-3..<\/p>\n<p>W mi\u0119dzyczasie na wszystkich uczestnik\u00f3w czeka\u0142a pyszna niespodzianka. Mamy z Rady Klasowej klasy 1 przygotowa\u0142y darmowy popcorn i wat\u0119 cukrow\u0105, kt\u00f3re cieszy\u0142y si\u0119 ogromnym zainteresowaniem. Zapach \u015bwie\u017cego popcornu i s\u0142odkiej waty unosi\u0142 si\u0119 w ca\u0142ej sali, dodaj\u0105c wydarzeniu wyj\u0105tkowego uroku.<\/p>\n<p>Serdeczne podzi\u0119kowania kierujemy do mam z tr\u00f3jki klasowej za po\u015bwi\u0119cony czas, zaanga\u017cowanie i przygotowanie tych smako\u0142yk\u00f3w, kt\u00f3re sprawi\u0142y dzieciom ogromn\u0105 rado\u015b\u0107.<\/p>\n<p>Tegoroczne andrzejki by\u0142y nie tylko okazj\u0105 do dobrej zabawy, ale tak\u017ce do integracji, wsp\u00f3lnego \u015bwi\u0119towania i tworzenia pi\u0119knych wspomnie\u0144. Ju\u017c nie mo\u017cemy doczeka\u0107 si\u0119 kolejnych szkolnych wydarze\u0144!<\/p>\n<p style=\"text-align: right;\">Wychowawcy klas 1-3<\/p>\n\n\t\t<style type=\"text\/css\">\n\t\t\t#gallery-1 {\n\t\t\t\tmargin: auto;\n\t\t\t}\n\t\t\t#gallery-1 .gallery-item {\n\t\t\t\tfloat: left;\n\t\t\t\tmargin-top: 10px;\n\t\t\t\ttext-align: center;\n\t\t\t\twidth: 33%;\n\t\t\t}\n\t\t\t#gallery-1 img {\n\t\t\t\tborder: 2px solid #cfcfcf;\n\t\t\t}\n\t\t\t#gallery-1 .gallery-caption {\n\t\t\t\tmargin-left: 0;\n\t\t\t}\n\t\t\t\/* see gallery_shortcode() in wp-includes\/media.php *\/\n\t\t<\/style>\n\t\t<div id='gallery-1' class='gallery galleryid-49093 gallery-columns-3 gallery-size-thumbnail'><dl class='gallery-item'>\n\t\t\t<dt class='gallery-icon portrait'>\n\t\t\t\t<a href='https:\/\/sp1lubomierz.pl\/wp-content\/uploads\/2025\/12\/IMG_7289-scaled.jpg'><img loading=\"lazy\" decoding=\"async\" width=\"150\" height=\"150\" src=\"https:\/\/sp1lubomierz.pl\/wp-content\/uploads\/2025\/12\/IMG_7289-150x150.jpg\" class=\"attachment-thumbnail size-thumbnail\" alt=\"Dzieci siedz\u0105 na krzese\u0142kach i ogl\u0105daj\u0105 przedstawienie kukie\u0142kowe na szkolnej scenie z dekoracj\u0105 le\u015bn\u0105.\" \/><\/a>\n\t\t\t<\/dt><\/dl><dl class='gallery-item'>\n\t\t\t<dt class='gallery-icon portrait'>\n\t\t\t\t<a href='https:\/\/sp1lubomierz.pl\/wp-content\/uploads\/2025\/12\/IMG_7293-scaled.jpg'><img loading=\"lazy\" decoding=\"async\" width=\"150\" height=\"150\" src=\"https:\/\/sp1lubomierz.pl\/wp-content\/uploads\/2025\/12\/IMG_7293-150x150.jpg\" class=\"attachment-thumbnail size-thumbnail\" alt=\"Dzieci siedz\u0105 na krzes\u0142ach i ogl\u0105daj\u0105 wyst\u0119p z pacynk\u0105 prowadzony przez nauczyciela w szkolnej sali.\" \/><\/a>\n\t\t\t<\/dt><\/dl><dl class='gallery-item'>\n\t\t\t<dt class='gallery-icon portrait'>\n\t\t\t\t<a href='https:\/\/sp1lubomierz.pl\/wp-content\/uploads\/2025\/12\/IMG_7295-scaled.jpg'><img loading=\"lazy\" decoding=\"async\" width=\"150\" height=\"150\" src=\"https:\/\/sp1lubomierz.pl\/wp-content\/uploads\/2025\/12\/IMG_7295-150x150.jpg\" class=\"attachment-thumbnail size-thumbnail\" alt=\"Starsza uczennica maluje farbkami wz\u00f3r na twarzy m\u0142odszej dziewczynki podczas szkolnych andrzejek.\" \/><\/a>\n\t\t\t<\/dt><\/dl><br style=\"clear: both\" \/><dl class='gallery-item'>\n\t\t\t<dt class='gallery-icon portrait'>\n\t\t\t\t<a href='https:\/\/sp1lubomierz.pl\/wp-content\/uploads\/2025\/12\/IMG_7297-scaled.jpg'><img loading=\"lazy\" decoding=\"async\" width=\"150\" height=\"150\" src=\"https:\/\/sp1lubomierz.pl\/wp-content\/uploads\/2025\/12\/IMG_7297-150x150.jpg\" class=\"attachment-thumbnail size-thumbnail\" alt=\"Dzieci stoj\u0105 przy stoliku z kartami i kubkami, bior\u0105c udzia\u0142 w andrzejkowych zabawach wr\u00f3\u017cbiarskich w szkolnej klasie.\" \/><\/a>\n\t\t\t<\/dt><\/dl><dl class='gallery-item'>\n\t\t\t<dt class='gallery-icon portrait'>\n\t\t\t\t<a href='https:\/\/sp1lubomierz.pl\/wp-content\/uploads\/2025\/12\/IMG_7286-scaled.jpg'><img loading=\"lazy\" decoding=\"async\" width=\"150\" height=\"150\" src=\"https:\/\/sp1lubomierz.pl\/wp-content\/uploads\/2025\/12\/IMG_7286-150x150.jpg\" class=\"attachment-thumbnail size-thumbnail\" alt=\"Dzieci siedz\u0105 na krzes\u0142ach i ogl\u0105daj\u0105 przedstawienie kukie\u0142kowe na szkolnej scenie z dekoracj\u0105 le\u015bn\u0105.\" \/><\/a>\n\t\t\t<\/dt><\/dl>\n\t\t\t<br style='clear: both' \/>\n\t\t<\/div>\n\n<p>&nbsp;<\/p>\n","protected":false},"excerpt":{"rendered":"<p>27 listopada w naszej szkole odby\u0142y si\u0119 wyj\u0105tkowe andrzejki dla najm\u0142odszych uczni\u00f3w. Tegoroczna impreza obfitowa\u0142a w atrakcje, u\u015bmiechy i niesamowite chwile, kt\u00f3re d\u0142ugo pozostan\u0105 w pami\u0119ci dzieci. Na pocz\u0105tek uczniowie obejrzeli weso\u0142y teatrzyk pt. \u201eJesienne porz\u0105dki z Czerwonym Kapturkiem\u201d. Barwna scenografia, ciekawa fabu\u0142a oraz ciekawe perypetie bohater\u00f3w sprawi\u0142y, \u017ce mali widzowie z ogromnym zaanga\u017cowaniem uczestniczyli [&hellip;]<\/p>\n","protected":false},"author":1,"featured_media":0,"comment_status":"closed","ping_status":"open","sticky":false,"template":"","format":"standard","meta":{"ngg_post_thumbnail":0,"footnotes":""},"categories":[1],"tags":[],"class_list":["post-49093","post","type-post","status-publish","format-standard","hentry","category-uncategorized"],"_links":{"self":[{"href":"https:\/\/sp1lubomierz.pl\/index.php?rest_route=\/wp\/v2\/posts\/49093","targetHints":{"allow":["GET"]}}],"collection":[{"href":"https:\/\/sp1lubomierz.pl\/index.php?rest_route=\/wp\/v2\/posts"}],"about":[{"href":"https:\/\/sp1lubomierz.pl\/index.php?rest_route=\/wp\/v2\/types\/post"}],"author":[{"embeddable":true,"href":"https:\/\/sp1lubomierz.pl\/index.php?rest_route=\/wp\/v2\/users\/1"}],"replies":[{"embeddable":true,"href":"https:\/\/sp1lubomierz.pl\/index.php?rest_route=%2Fwp%2Fv2%2Fcomments&post=49093"}],"version-history":[{"count":1,"href":"https:\/\/sp1lubomierz.pl\/index.php?rest_route=\/wp\/v2\/posts\/49093\/revisions"}],"predecessor-version":[{"id":49099,"href":"https:\/\/sp1lubomierz.pl\/index.php?rest_route=\/wp\/v2\/posts\/49093\/revisions\/49099"}],"wp:attachment":[{"href":"https:\/\/sp1lubomierz.pl\/index.php?rest_route=%2Fwp%2Fv2%2Fmedia&parent=49093"}],"wp:term":[{"taxonomy":"category","embeddable":true,"href":"https:\/\/sp1lubomierz.pl\/index.php?rest_route=%2Fwp%2Fv2%2Fcategories&post=49093"},{"taxonomy":"post_tag","embeddable":true,"href":"https:\/\/sp1lubomierz.pl\/index.php?rest_route=%2Fwp%2Fv2%2Ftags&post=49093"}],"curies":[{"name":"wp","href":"https:\/\/api.w.org\/{rel}","templated":true}]}}