{"id":49100,"date":"2025-12-01T10:44:33","date_gmt":"2025-12-01T09:44:33","guid":{"rendered":"https:\/\/sp1lubomierz.pl\/?p=49100"},"modified":"2025-12-02T20:17:56","modified_gmt":"2025-12-02T19:17:56","slug":"zapal-plomien-pamieci","status":"publish","type":"post","link":"https:\/\/sp1lubomierz.pl\/?p=49100","title":{"rendered":"Zapal \u201eP\u0142omie\u0144 Pami\u0119ci\u201d"},"content":{"rendered":"<p><a href=\"http:\/\/sp1lubomierz.pl\/wp-content\/uploads\/2025\/12\/5982.jpg\"><img loading=\"lazy\" decoding=\"async\" class=\"alignleft size-thumbnail wp-image-49101\" src=\"http:\/\/sp1lubomierz.pl\/wp-content\/uploads\/2025\/12\/5982-150x150.jpg\" alt=\"Tabliczka \u201eD\u0105b Pami\u0119ci\u201d upami\u0119tniaj\u0105ca kapitana Jana Jani zamordowanego przez NKWD w 1940 roku.\" width=\"150\" height=\"150\"><\/a>W listopadzie uczniowie klasy VI i VII wzi\u0119li udzia\u0142 w&nbsp; og\u00f3lnopolskiej akcji spo\u0142eczno- edukacyjnej \u201eP\u0142omie\u0144 Pami\u0119ci\u201d zorganizowanej przez Muzeum Historii Polski z okazji 100. rocznicy ustanowienia Grobu Nieznanego \u017bo\u0142nierza.&nbsp; Celem akcji jest uhonorowanie lokalnych bohater\u00f3w- cz\u0119sto bezimiennych, spoczywaj\u0105cych na cmentarzach w ca\u0142ej Polsce i poza jej granicami. Uczniowie poznali losy kapitana Jana Jani \u2013 pochodz\u0105cego ze S\u0142omki w&nbsp; Mszanie Dolnej , zamordowanego w 1940r.<!--more--> przez NKWD w Charkowie oraz Jana B\u0142achuta \u2013 poleg\u0142ego w walce o woln\u0105 Polsk\u0119 w 1946r. Podczas lekcji historii wykonali wsp\u00f3lnie bia\u0142o-czerwone serca &#8211; symbol pami\u0119ci, kt\u00f3rymi ozdobili znicze zapalone w miejscach spoczynku oraz upami\u0119tniaj\u0105cych ludzi tworz\u0105cych&nbsp; histori\u0119 naszego regionu.<\/p>\n<p>Dzi\u0119ki zaanga\u017cowaniu si\u0119 w akcj\u0119 \u201eP\u0142omie\u0144 Pami\u0119ci\u201d uczniowie stali si\u0119 cz\u0119\u015bci\u0105 wsp\u00f3lnego \u015bwiadectwa pami\u0119ci o tych, kt\u00f3rzy walczyli o wolno\u015b\u0107 naszej Ojczyzny.<\/p>\n<p>\ud83c\udfa5 Z wydarzenia powsta\u0142a <strong data-start=\"869\" data-end=\"891\">rolka na Facebooku<\/strong> \u2013 zapraszamy do obejrzenia: <span style=\"color: #0000ff;\">https:\/\/www.facebook.com\/share\/r\/1ACdnCDQXH\/<\/span><\/p>\n<p style=\"text-align: right;\">red. D. W\u0119gielska<\/p>\n\n\t\t<style type=\"text\/css\">\n\t\t\t#gallery-1 {\n\t\t\t\tmargin: auto;\n\t\t\t}\n\t\t\t#gallery-1 .gallery-item {\n\t\t\t\tfloat: left;\n\t\t\t\tmargin-top: 10px;\n\t\t\t\ttext-align: center;\n\t\t\t\twidth: 33%;\n\t\t\t}\n\t\t\t#gallery-1 img {\n\t\t\t\tborder: 2px solid #cfcfcf;\n\t\t\t}\n\t\t\t#gallery-1 .gallery-caption {\n\t\t\t\tmargin-left: 0;\n\t\t\t}\n\t\t\t\/* see gallery_shortcode() in wp-includes\/media.php *\/\n\t\t<\/style>\n\t\t<div id='gallery-1' class='gallery galleryid-49100 gallery-columns-3 gallery-size-thumbnail'><dl class='gallery-item'>\n\t\t\t<dt class='gallery-icon landscape'>\n\t\t\t\t<a href='https:\/\/sp1lubomierz.pl\/wp-content\/uploads\/2025\/12\/5981.jpg'><img loading=\"lazy\" decoding=\"async\" width=\"150\" height=\"150\" src=\"https:\/\/sp1lubomierz.pl\/wp-content\/uploads\/2025\/12\/5981-150x150.jpg\" class=\"attachment-thumbnail size-thumbnail\" alt=\"Kamienny pomnik pami\u0119ci z tablic\u0105 po\u015bwi\u0119con\u0105 ofiarom katastrofy smole\u0144skiej i zbrodni katy\u0144skiej, na tle zimowego parku.\" \/><\/a>\n\t\t\t<\/dt><\/dl><dl class='gallery-item'>\n\t\t\t<dt class='gallery-icon portrait'>\n\t\t\t\t<a href='https:\/\/sp1lubomierz.pl\/wp-content\/uploads\/2025\/12\/5979-e1764582212582.jpg'><img loading=\"lazy\" decoding=\"async\" width=\"150\" height=\"150\" src=\"https:\/\/sp1lubomierz.pl\/wp-content\/uploads\/2025\/12\/5979-e1764582212582-150x150.jpg\" class=\"attachment-thumbnail size-thumbnail\" alt=\"Grafika promocyjna og\u00f3lnopolskiej akcji \u201eP\u0142omie\u0144 Pami\u0119ci\u201d Muzeum Historii Polski.\" \/><\/a>\n\t\t\t<\/dt><\/dl><dl class='gallery-item'>\n\t\t\t<dt class='gallery-icon portrait'>\n\t\t\t\t<a href='https:\/\/sp1lubomierz.pl\/wp-content\/uploads\/2025\/12\/5980.jpg'><img loading=\"lazy\" decoding=\"async\" width=\"150\" height=\"150\" src=\"https:\/\/sp1lubomierz.pl\/wp-content\/uploads\/2025\/12\/5980-150x150.jpg\" class=\"attachment-thumbnail size-thumbnail\" alt=\"Czarna tablica pami\u0105tkowa z god\u0142em Polski, krzy\u017cem i napisem \u201eNon omnis moriar\u201d po\u015bwi\u0119cona ofiarom katastrofy smole\u0144skiej.\" \/><\/a>\n\t\t\t<\/dt><\/dl><br style=\"clear: both\" \/><dl class='gallery-item'>\n\t\t\t<dt class='gallery-icon landscape'>\n\t\t\t\t<a href='https:\/\/sp1lubomierz.pl\/wp-content\/uploads\/2025\/12\/5982.jpg'><img loading=\"lazy\" decoding=\"async\" width=\"150\" height=\"150\" src=\"https:\/\/sp1lubomierz.pl\/wp-content\/uploads\/2025\/12\/5982-150x150.jpg\" class=\"attachment-thumbnail size-thumbnail\" alt=\"Tabliczka \u201eD\u0105b Pami\u0119ci\u201d upami\u0119tniaj\u0105ca kapitana Jana Jani zamordowanego przez NKWD w 1940 roku.\" \/><\/a>\n\t\t\t<\/dt><\/dl>\n\t\t\t<br style='clear: both' \/>\n\t\t<\/div>\n\n","protected":false},"excerpt":{"rendered":"<p>W listopadzie uczniowie klasy VI i VII wzi\u0119li udzia\u0142 w&nbsp; og\u00f3lnopolskiej akcji spo\u0142eczno- edukacyjnej \u201eP\u0142omie\u0144 Pami\u0119ci\u201d zorganizowanej przez Muzeum Historii Polski z okazji 100. rocznicy ustanowienia Grobu Nieznanego \u017bo\u0142nierza.&nbsp; Celem akcji jest uhonorowanie lokalnych bohater\u00f3w- cz\u0119sto bezimiennych, spoczywaj\u0105cych na cmentarzach w ca\u0142ej Polsce i poza jej granicami. Uczniowie poznali losy kapitana Jana Jani \u2013 pochodz\u0105cego [&hellip;]<\/p>\n","protected":false},"author":1,"featured_media":0,"comment_status":"closed","ping_status":"open","sticky":false,"template":"","format":"standard","meta":{"ngg_post_thumbnail":0,"footnotes":""},"categories":[1],"tags":[],"class_list":["post-49100","post","type-post","status-publish","format-standard","hentry","category-uncategorized"],"_links":{"self":[{"href":"https:\/\/sp1lubomierz.pl\/index.php?rest_route=\/wp\/v2\/posts\/49100","targetHints":{"allow":["GET"]}}],"collection":[{"href":"https:\/\/sp1lubomierz.pl\/index.php?rest_route=\/wp\/v2\/posts"}],"about":[{"href":"https:\/\/sp1lubomierz.pl\/index.php?rest_route=\/wp\/v2\/types\/post"}],"author":[{"embeddable":true,"href":"https:\/\/sp1lubomierz.pl\/index.php?rest_route=\/wp\/v2\/users\/1"}],"replies":[{"embeddable":true,"href":"https:\/\/sp1lubomierz.pl\/index.php?rest_route=%2Fwp%2Fv2%2Fcomments&post=49100"}],"version-history":[{"count":3,"href":"https:\/\/sp1lubomierz.pl\/index.php?rest_route=\/wp\/v2\/posts\/49100\/revisions"}],"predecessor-version":[{"id":49123,"href":"https:\/\/sp1lubomierz.pl\/index.php?rest_route=\/wp\/v2\/posts\/49100\/revisions\/49123"}],"wp:attachment":[{"href":"https:\/\/sp1lubomierz.pl\/index.php?rest_route=%2Fwp%2Fv2%2Fmedia&parent=49100"}],"wp:term":[{"taxonomy":"category","embeddable":true,"href":"https:\/\/sp1lubomierz.pl\/index.php?rest_route=%2Fwp%2Fv2%2Fcategories&post=49100"},{"taxonomy":"post_tag","embeddable":true,"href":"https:\/\/sp1lubomierz.pl\/index.php?rest_route=%2Fwp%2Fv2%2Ftags&post=49100"}],"curies":[{"name":"wp","href":"https:\/\/api.w.org\/{rel}","templated":true}]}}