{"id":49107,"date":"2025-12-01T13:23:35","date_gmt":"2025-12-01T12:23:35","guid":{"rendered":"https:\/\/sp1lubomierz.pl\/?p=49107"},"modified":"2025-12-01T13:23:35","modified_gmt":"2025-12-01T12:23:35","slug":"piracka-zabawa-andrzejkowa-w-przedszkolu","status":"publish","type":"post","link":"https:\/\/sp1lubomierz.pl\/?p=49107","title":{"rendered":"\u00a0Piracka Zabawa Andrzejkowa w Przedszkolu\u00a0"},"content":{"rendered":"<div><a href=\"http:\/\/sp1lubomierz.pl\/wp-content\/uploads\/2025\/12\/20251128_100006-scaled.jpg\"><img loading=\"lazy\" decoding=\"async\" class=\"alignleft size-thumbnail wp-image-49108\" src=\"http:\/\/sp1lubomierz.pl\/wp-content\/uploads\/2025\/12\/20251128_100006-150x150.jpg\" alt=\"Dziewczynka w pirackim stroju pozuje na \u015bciance do zdj\u0119\u0107. \" width=\"150\" height=\"150\"><\/a>Tegoroczne andrzejki 28 listopada 2025 r. up\u0142yn\u0119\u0142y naszym przedszkolakom w pirackiej atmosferze pe\u0142nej rado\u015bci i przyg\u00f3d. Dzie\u0144 rozpocz\u0105\u0142 si\u0119 spektaklem \u201eNa ko\u0144cu \u015bwiata \u2013 przygody Misia i Kacpra Pirata\u201d, kt\u00f3ry przeni\u00f3s\u0142 dzieci w bajkowy \u015bwiat odwa\u017cnych bohater\u00f3w i morskich wypraw.<\/div>\n<div>Po przedstawieniu nadszed\u0142 czas na pirackie figle prowadzone przez profesjonalnych animator\u00f3w. By\u0142y ta\u0144ce, zabawy ruchowe i poszukiwanie skarb\u00f3w, a barwne stroje dzieci stworzy\u0142y prawdziwy klimat pirackiej wyspy. Na ma\u0142ych uczestnik\u00f3w czeka\u0142 tak\u017ce pyszny pocz\u0119stunek \u2014 popcorn, wata cukrowa i napoje, kt\u00f3re doda\u0142y energii do dalszej zabawy.<\/div>\n<p><!--more--><\/p>\n<div>Ca\u0142e wydarzenie zosta\u0142o sfinansowane ze \u015brodk\u00f3w z jesiennego kiermaszu \u2014 serdecznie dzi\u0119kujemy Rodzicom za ogromne wsparcie i zaanga\u017cowanie.<\/div>\n<div>Dzi\u0119kujemy r\u00f3wnie\u017c firmie Happy Day \u2013 dekoracje okoliczno\u015bciowe za przygotowanie pi\u0119knej pirackiej \u015bcianki, kt\u00f3ra by\u0142a wspania\u0142ym t\u0142em do zdj\u0119\u0107 i doda\u0142a wydarzeniu wyj\u0105tkowego charakteru.<\/div>\n<div style=\"text-align: right;\">red. R. Ogiela<\/div>\n<div>Zapraszamy do obejrzenia rolki z tego wydarzenia:&nbsp;&nbsp;<\/div>\n<div><a href=\"https:\/\/www.facebook.com\/reel\/1161906322794906\">https:\/\/www.facebook.com\/reel\/1161906322794906<\/a><\/div>\n<div>&nbsp;<\/div>\n<div>&nbsp;<\/div>\n","protected":false},"excerpt":{"rendered":"<p>Tegoroczne andrzejki 28 listopada 2025 r. up\u0142yn\u0119\u0142y naszym przedszkolakom w pirackiej atmosferze pe\u0142nej rado\u015bci i przyg\u00f3d. Dzie\u0144 rozpocz\u0105\u0142 si\u0119 spektaklem \u201eNa ko\u0144cu \u015bwiata \u2013 przygody Misia i Kacpra Pirata\u201d, kt\u00f3ry przeni\u00f3s\u0142 dzieci w bajkowy \u015bwiat odwa\u017cnych bohater\u00f3w i morskich wypraw. Po przedstawieniu nadszed\u0142 czas na pirackie figle prowadzone przez profesjonalnych animator\u00f3w. By\u0142y ta\u0144ce, zabawy ruchowe [&hellip;]<\/p>\n","protected":false},"author":1,"featured_media":0,"comment_status":"closed","ping_status":"open","sticky":false,"template":"","format":"standard","meta":{"ngg_post_thumbnail":0,"footnotes":""},"categories":[1],"tags":[],"class_list":["post-49107","post","type-post","status-publish","format-standard","hentry","category-uncategorized"],"_links":{"self":[{"href":"https:\/\/sp1lubomierz.pl\/index.php?rest_route=\/wp\/v2\/posts\/49107","targetHints":{"allow":["GET"]}}],"collection":[{"href":"https:\/\/sp1lubomierz.pl\/index.php?rest_route=\/wp\/v2\/posts"}],"about":[{"href":"https:\/\/sp1lubomierz.pl\/index.php?rest_route=\/wp\/v2\/types\/post"}],"author":[{"embeddable":true,"href":"https:\/\/sp1lubomierz.pl\/index.php?rest_route=\/wp\/v2\/users\/1"}],"replies":[{"embeddable":true,"href":"https:\/\/sp1lubomierz.pl\/index.php?rest_route=%2Fwp%2Fv2%2Fcomments&post=49107"}],"version-history":[{"count":1,"href":"https:\/\/sp1lubomierz.pl\/index.php?rest_route=\/wp\/v2\/posts\/49107\/revisions"}],"predecessor-version":[{"id":49109,"href":"https:\/\/sp1lubomierz.pl\/index.php?rest_route=\/wp\/v2\/posts\/49107\/revisions\/49109"}],"wp:attachment":[{"href":"https:\/\/sp1lubomierz.pl\/index.php?rest_route=%2Fwp%2Fv2%2Fmedia&parent=49107"}],"wp:term":[{"taxonomy":"category","embeddable":true,"href":"https:\/\/sp1lubomierz.pl\/index.php?rest_route=%2Fwp%2Fv2%2Fcategories&post=49107"},{"taxonomy":"post_tag","embeddable":true,"href":"https:\/\/sp1lubomierz.pl\/index.php?rest_route=%2Fwp%2Fv2%2Ftags&post=49107"}],"curies":[{"name":"wp","href":"https:\/\/api.w.org\/{rel}","templated":true}]}}