{"id":49119,"date":"2025-12-02T20:10:21","date_gmt":"2025-12-02T19:10:21","guid":{"rendered":"https:\/\/sp1lubomierz.pl\/?p=49119"},"modified":"2025-12-02T20:10:21","modified_gmt":"2025-12-02T19:10:21","slug":"swiateczne-warsztaty-bombka-retro","status":"publish","type":"post","link":"https:\/\/sp1lubomierz.pl\/?p=49119","title":{"rendered":"\u015awi\u0105teczne warsztaty \u201eBombka Retro&#8221;"},"content":{"rendered":"\n<p><a href=\"http:\/\/sp1lubomierz.pl\/wp-content\/uploads\/2025\/12\/Zapraszamy-na-Swiateczne-Warsztaty-Bombka-Retro-10.png\"><img loading=\"lazy\" decoding=\"async\" class=\"aligncenter wp-image-49120 size-large\" src=\"http:\/\/sp1lubomierz.pl\/wp-content\/uploads\/2025\/12\/Zapraszamy-na-Swiateczne-Warsztaty-Bombka-Retro-10-724x1024.png\" alt=\"Plakat \u015bwi\u0105teczny zapraszaj\u0105cy na warsztaty \u201eBombka Retro\u201d organizowane przez Stowarzyszenie Na Rzecz Wspierania M\u0142odych Talent\u00f3w z Lubomierza. Na tle zieleni z ga\u0142\u0105zkami choinki i dzwonkami widoczne s\u0105 ozdobne bombki w stylu retro. Podane s\u0105 szczeg\u00f3\u0142y wydarzenia: miejsce \u2013 Szko\u0142a Podstawowa nr 1 im. \u015bw. J\u00f3zefa w Lubomierzu, data \u2013 11 grudnia, godzina 15:00, kontakt do zapis\u00f3w \u2013 Renata Ogiela, numer telefonu 787 258 075. Widnieje informacja o zaproszeniu dla rodzin oraz o wystawie prac o godz. 18:00 z pocz\u0119stunkiem. Na plakacie umieszczony jest kod QR oraz logo Ma\u0142opolski z informacj\u0105 o wsp\u00f3\u0142finansowaniu projektu przez Urz\u0105d Marsza\u0142kowski Wojew\u00f3dztwa Ma\u0142opolskiego.\" width=\"724\" height=\"1024\" srcset=\"https:\/\/sp1lubomierz.pl\/wp-content\/uploads\/2025\/12\/Zapraszamy-na-Swiateczne-Warsztaty-Bombka-Retro-10-724x1024.png 724w, https:\/\/sp1lubomierz.pl\/wp-content\/uploads\/2025\/12\/Zapraszamy-na-Swiateczne-Warsztaty-Bombka-Retro-10-212x300.png 212w, https:\/\/sp1lubomierz.pl\/wp-content\/uploads\/2025\/12\/Zapraszamy-na-Swiateczne-Warsztaty-Bombka-Retro-10-768x1086.png 768w, https:\/\/sp1lubomierz.pl\/wp-content\/uploads\/2025\/12\/Zapraszamy-na-Swiateczne-Warsztaty-Bombka-Retro-10-1086x1536.png 1086w, https:\/\/sp1lubomierz.pl\/wp-content\/uploads\/2025\/12\/Zapraszamy-na-Swiateczne-Warsztaty-Bombka-Retro-10-1448x2048.png 1448w, https:\/\/sp1lubomierz.pl\/wp-content\/uploads\/2025\/12\/Zapraszamy-na-Swiateczne-Warsztaty-Bombka-Retro-10-163x230.png 163w, https:\/\/sp1lubomierz.pl\/wp-content\/uploads\/2025\/12\/Zapraszamy-na-Swiateczne-Warsztaty-Bombka-Retro-10.png 1587w\" sizes=\"auto, (max-width: 724px) 100vw, 724px\" \/><\/a><\/p>\n","protected":false},"excerpt":{"rendered":"","protected":false},"author":1,"featured_media":0,"comment_status":"closed","ping_status":"open","sticky":false,"template":"","format":"standard","meta":{"ngg_post_thumbnail":0,"footnotes":""},"categories":[1],"tags":[],"class_list":["post-49119","post","type-post","status-publish","format-standard","hentry","category-uncategorized"],"_links":{"self":[{"href":"https:\/\/sp1lubomierz.pl\/index.php?rest_route=\/wp\/v2\/posts\/49119","targetHints":{"allow":["GET"]}}],"collection":[{"href":"https:\/\/sp1lubomierz.pl\/index.php?rest_route=\/wp\/v2\/posts"}],"about":[{"href":"https:\/\/sp1lubomierz.pl\/index.php?rest_route=\/wp\/v2\/types\/post"}],"author":[{"embeddable":true,"href":"https:\/\/sp1lubomierz.pl\/index.php?rest_route=\/wp\/v2\/users\/1"}],"replies":[{"embeddable":true,"href":"https:\/\/sp1lubomierz.pl\/index.php?rest_route=%2Fwp%2Fv2%2Fcomments&post=49119"}],"version-history":[{"count":1,"href":"https:\/\/sp1lubomierz.pl\/index.php?rest_route=\/wp\/v2\/posts\/49119\/revisions"}],"predecessor-version":[{"id":49121,"href":"https:\/\/sp1lubomierz.pl\/index.php?rest_route=\/wp\/v2\/posts\/49119\/revisions\/49121"}],"wp:attachment":[{"href":"https:\/\/sp1lubomierz.pl\/index.php?rest_route=%2Fwp%2Fv2%2Fmedia&parent=49119"}],"wp:term":[{"taxonomy":"category","embeddable":true,"href":"https:\/\/sp1lubomierz.pl\/index.php?rest_route=%2Fwp%2Fv2%2Fcategories&post=49119"},{"taxonomy":"post_tag","embeddable":true,"href":"https:\/\/sp1lubomierz.pl\/index.php?rest_route=%2Fwp%2Fv2%2Ftags&post=49119"}],"curies":[{"name":"wp","href":"https:\/\/api.w.org\/{rel}","templated":true}]}}