{"id":49125,"date":"2025-12-05T10:07:08","date_gmt":"2025-12-05T09:07:08","guid":{"rendered":"https:\/\/sp1lubomierz.pl\/?p=49125"},"modified":"2025-12-05T10:07:08","modified_gmt":"2025-12-05T09:07:08","slug":"wyniki-gminnego-konkursu-reymontowska-wies-w-obrazach","status":"publish","type":"post","link":"https:\/\/sp1lubomierz.pl\/?p=49125","title":{"rendered":"Wyniki gminnego konkursu \u201eReymontowska wie\u015b w obrazach\u201d"},"content":{"rendered":"<p><a href=\"http:\/\/sp1lubomierz.pl\/wp-content\/uploads\/2025\/12\/IMG_7341-scaled.jpg\"><img loading=\"lazy\" decoding=\"async\" class=\"alignleft size-thumbnail wp-image-49126\" src=\"http:\/\/sp1lubomierz.pl\/wp-content\/uploads\/2025\/12\/IMG_7341-150x150.jpg\" alt=\"Na zdj\u0119ciu stoi tr\u00f3jka uczni\u00f3w w sali szkolnej na tle kolorowych szafek. Dzieci trzymaj\u0105 dyplomy i bia\u0142e torby z nagrodami. Od lewej: Karol Kowalczyk (kl. V), Anna Kowalczyk (kl. II) oraz Jakub Miko\u0142ajczyk (kl. V) \u2013 laureaci konkursu plastycznego \u201eReymontowska wie\u015b w obrazach\u201d organizowanego przez Gminn\u0105 Bibliotek\u0119 Publiczn\u0105.\" width=\"150\" height=\"150\"><\/a>Tegoroczny&nbsp; konkurs plastyczny, zorganizowany przez Gminn\u0105 Bibliotek\u0119 Publiczn\u0105, sta\u0142 si\u0119 &nbsp;dla uczni\u00f3w okazj\u0105, by spojrze\u0107 na reymontowsk\u0105 wie\u015b oczami m\u0142odych artyst\u00f3w. Uczniowie, korzystaj\u0105c z pe\u0142nej dowolno\u015bci technik, zaskoczyli juror\u00f3w bogactwem form, \u015bwie\u017co\u015bci\u0105 spojrze\u0144 oraz \u015bmia\u0142\u0105 wyobra\u017ani\u0105, dzi\u0119ki czemu konkurs zamieni\u0142 si\u0119 w prawdziw\u0105 galeri\u0119 r\u00f3\u017cnorodnych artystycznych wizji. <!--more-->Spo\u015br\u00f3d a\u017c 126 wyj\u0105tkowych prac, nades\u0142anych przez uczni\u00f3w z ca\u0142ej gminy, troje reprezentant\u00f3w naszej szko\u0142y zwr\u00f3ci\u0142o uwag\u0119 komisji dojrza\u0142o\u015bci\u0105 tw\u00f3rcz\u0105. Ich interpretacje wymagaj\u0105cego wiedzy tematu, &nbsp;motyw\u00f3w zaczerpni\u0119tych z tw\u00f3rczo\u015bci W\u0142adys\u0142awa Stanis\u0142awa Reymonta okaza\u0142y si\u0119 nie tylko estetycznie urzekaj\u0105ce, ale i pe\u0142ne emocjonalnej g\u0142\u0119bi.<\/p>\n<p><strong>Wyr\u00f3\u017cnienia zdobyli:<\/strong><\/p>\n<ul>\n<li><strong>Anna Kowalczyk, kl. II<\/strong><\/li>\n<li><strong>Karol Kowalczyk, kl. V<\/strong><\/li>\n<li><strong>Jakub Miko\u0142ajczyk, kl. V<\/strong><\/li>\n<\/ul>\n<p>Serdecznie gratulujemy naszym m\u0142odym artystom! Ich prace nie tylko zachwyci\u0142y jury barwno\u015bci\u0105 i pomys\u0142owo\u015bci\u0105, lecz tak\u017ce udowodni\u0142y, \u017ce wra\u017cliwo\u015b\u0107 i kreatywno\u015b\u0107 m\u0142odego pokolenia potrafi\u0105 tchn\u0105\u0107 nowe \u017cycie w literackie obrazy dawnej, reymontowskiej wsi.<\/p>\n<p>Dzi\u0119kujemy wszystkim uczestnikom za zaanga\u017cowanie, pasj\u0119 i odwag\u0119 tw\u00f3rcz\u0105. Ju\u017c teraz zapraszamy do udzia\u0142u w kolejnych artystycznych wyzwaniach!<\/p>\n<p style=\"text-align: right;\">red. K. Kolawa<br \/>\nK. Wojtyczka<\/p>\n\n\t\t<style type=\"text\/css\">\n\t\t\t#gallery-1 {\n\t\t\t\tmargin: auto;\n\t\t\t}\n\t\t\t#gallery-1 .gallery-item {\n\t\t\t\tfloat: left;\n\t\t\t\tmargin-top: 10px;\n\t\t\t\ttext-align: center;\n\t\t\t\twidth: 33%;\n\t\t\t}\n\t\t\t#gallery-1 img {\n\t\t\t\tborder: 2px solid #cfcfcf;\n\t\t\t}\n\t\t\t#gallery-1 .gallery-caption {\n\t\t\t\tmargin-left: 0;\n\t\t\t}\n\t\t\t\/* see gallery_shortcode() in wp-includes\/media.php *\/\n\t\t<\/style>\n\t\t<div id='gallery-1' class='gallery galleryid-49125 gallery-columns-3 gallery-size-thumbnail'><dl class='gallery-item'>\n\t\t\t<dt class='gallery-icon portrait'>\n\t\t\t\t<a href='https:\/\/sp1lubomierz.pl\/wp-content\/uploads\/2025\/12\/IMG_7152-scaled.jpg'><img loading=\"lazy\" decoding=\"async\" width=\"150\" height=\"150\" src=\"https:\/\/sp1lubomierz.pl\/wp-content\/uploads\/2025\/12\/IMG_7152-150x150.jpg\" class=\"attachment-thumbnail size-thumbnail\" alt=\"Zdj\u0119cie przedstawia jedn\u0105 z prac plastycznych uczni\u00f3w ukazuj\u0105c\u0105 scen\u0119 wiejsk\u0105 inspirowan\u0105 tw\u00f3rczo\u015bci\u0105 W\u0142adys\u0142awa Reymonta, zaprezentowan\u0105 w ramach konkursu \u201eReymontowska wie\u015b w obrazach\u201d.\" \/><\/a>\n\t\t\t<\/dt><\/dl><dl class='gallery-item'>\n\t\t\t<dt class='gallery-icon portrait'>\n\t\t\t\t<a href='https:\/\/sp1lubomierz.pl\/wp-content\/uploads\/2025\/12\/IMG_7151-scaled.jpg'><img loading=\"lazy\" decoding=\"async\" width=\"150\" height=\"150\" src=\"https:\/\/sp1lubomierz.pl\/wp-content\/uploads\/2025\/12\/IMG_7151-150x150.jpg\" class=\"attachment-thumbnail size-thumbnail\" alt=\"Zdj\u0119cie przedstawia jedn\u0105 z prac plastycznych uczni\u00f3w ukazuj\u0105c\u0105 scen\u0119 wiejsk\u0105 inspirowan\u0105 tw\u00f3rczo\u015bci\u0105 W\u0142adys\u0142awa Reymonta, zaprezentowan\u0105 w ramach konkursu \u201eReymontowska wie\u015b w obrazach\u201d.\" \/><\/a>\n\t\t\t<\/dt><\/dl><dl class='gallery-item'>\n\t\t\t<dt class='gallery-icon portrait'>\n\t\t\t\t<a href='https:\/\/sp1lubomierz.pl\/wp-content\/uploads\/2025\/12\/IMG_7150-scaled.jpg'><img loading=\"lazy\" decoding=\"async\" width=\"150\" height=\"150\" src=\"https:\/\/sp1lubomierz.pl\/wp-content\/uploads\/2025\/12\/IMG_7150-150x150.jpg\" class=\"attachment-thumbnail size-thumbnail\" alt=\"Zdj\u0119cie przedstawia jedn\u0105 z prac plastycznych uczni\u00f3w ukazuj\u0105c\u0105 scen\u0119 wiejsk\u0105 inspirowan\u0105 tw\u00f3rczo\u015bci\u0105 W\u0142adys\u0142awa Reymonta, zaprezentowan\u0105 w ramach konkursu \u201eReymontowska wie\u015b w obrazach\u201d.\" \/><\/a>\n\t\t\t<\/dt><\/dl><br style=\"clear: both\" \/><dl class='gallery-item'>\n\t\t\t<dt class='gallery-icon landscape'>\n\t\t\t\t<a href='https:\/\/sp1lubomierz.pl\/wp-content\/uploads\/2025\/12\/IMG_7149-scaled.jpg'><img loading=\"lazy\" decoding=\"async\" width=\"150\" height=\"150\" src=\"https:\/\/sp1lubomierz.pl\/wp-content\/uploads\/2025\/12\/IMG_7149-150x150.jpg\" class=\"attachment-thumbnail size-thumbnail\" alt=\"Zdj\u0119cie przedstawia jedn\u0105 z prac plastycznych uczni\u00f3w ukazuj\u0105c\u0105 scen\u0119 wiejsk\u0105 inspirowan\u0105 tw\u00f3rczo\u015bci\u0105 W\u0142adys\u0142awa Reymonta, zaprezentowan\u0105 w ramach konkursu \u201eReymontowska wie\u015b w obrazach\u201d.\" \/><\/a>\n\t\t\t<\/dt><\/dl><dl class='gallery-item'>\n\t\t\t<dt class='gallery-icon portrait'>\n\t\t\t\t<a href='https:\/\/sp1lubomierz.pl\/wp-content\/uploads\/2025\/12\/IMG_7148-scaled.jpg'><img loading=\"lazy\" decoding=\"async\" width=\"150\" height=\"150\" src=\"https:\/\/sp1lubomierz.pl\/wp-content\/uploads\/2025\/12\/IMG_7148-150x150.jpg\" class=\"attachment-thumbnail size-thumbnail\" alt=\"Zdj\u0119cie przedstawia jedn\u0105 z prac plastycznych uczni\u00f3w ukazuj\u0105c\u0105 scen\u0119 wiejsk\u0105 inspirowan\u0105 tw\u00f3rczo\u015bci\u0105 W\u0142adys\u0142awa Reymonta, zaprezentowan\u0105 w ramach konkursu \u201eReymontowska wie\u015b w obrazach\u201d.\" \/><\/a>\n\t\t\t<\/dt><\/dl>\n\t\t\t<br style='clear: both' \/>\n\t\t<\/div>\n\n<p>&nbsp;<\/p>\n","protected":false},"excerpt":{"rendered":"<p>Tegoroczny&nbsp; konkurs plastyczny, zorganizowany przez Gminn\u0105 Bibliotek\u0119 Publiczn\u0105, sta\u0142 si\u0119 &nbsp;dla uczni\u00f3w okazj\u0105, by spojrze\u0107 na reymontowsk\u0105 wie\u015b oczami m\u0142odych artyst\u00f3w. Uczniowie, korzystaj\u0105c z pe\u0142nej dowolno\u015bci technik, zaskoczyli juror\u00f3w bogactwem form, \u015bwie\u017co\u015bci\u0105 spojrze\u0144 oraz \u015bmia\u0142\u0105 wyobra\u017ani\u0105, dzi\u0119ki czemu konkurs zamieni\u0142 si\u0119 w prawdziw\u0105 galeri\u0119 r\u00f3\u017cnorodnych artystycznych wizji.<\/p>\n","protected":false},"author":1,"featured_media":0,"comment_status":"closed","ping_status":"open","sticky":false,"template":"","format":"standard","meta":{"ngg_post_thumbnail":0,"footnotes":""},"categories":[1],"tags":[],"class_list":["post-49125","post","type-post","status-publish","format-standard","hentry","category-uncategorized"],"_links":{"self":[{"href":"https:\/\/sp1lubomierz.pl\/index.php?rest_route=\/wp\/v2\/posts\/49125","targetHints":{"allow":["GET"]}}],"collection":[{"href":"https:\/\/sp1lubomierz.pl\/index.php?rest_route=\/wp\/v2\/posts"}],"about":[{"href":"https:\/\/sp1lubomierz.pl\/index.php?rest_route=\/wp\/v2\/types\/post"}],"author":[{"embeddable":true,"href":"https:\/\/sp1lubomierz.pl\/index.php?rest_route=\/wp\/v2\/users\/1"}],"replies":[{"embeddable":true,"href":"https:\/\/sp1lubomierz.pl\/index.php?rest_route=%2Fwp%2Fv2%2Fcomments&post=49125"}],"version-history":[{"count":1,"href":"https:\/\/sp1lubomierz.pl\/index.php?rest_route=\/wp\/v2\/posts\/49125\/revisions"}],"predecessor-version":[{"id":49132,"href":"https:\/\/sp1lubomierz.pl\/index.php?rest_route=\/wp\/v2\/posts\/49125\/revisions\/49132"}],"wp:attachment":[{"href":"https:\/\/sp1lubomierz.pl\/index.php?rest_route=%2Fwp%2Fv2%2Fmedia&parent=49125"}],"wp:term":[{"taxonomy":"category","embeddable":true,"href":"https:\/\/sp1lubomierz.pl\/index.php?rest_route=%2Fwp%2Fv2%2Fcategories&post=49125"},{"taxonomy":"post_tag","embeddable":true,"href":"https:\/\/sp1lubomierz.pl\/index.php?rest_route=%2Fwp%2Fv2%2Ftags&post=49125"}],"curies":[{"name":"wp","href":"https:\/\/api.w.org\/{rel}","templated":true}]}}