{"id":49133,"date":"2025-12-11T10:10:28","date_gmt":"2025-12-11T09:10:28","guid":{"rendered":"https:\/\/sp1lubomierz.pl\/?p=49133"},"modified":"2025-12-11T10:10:28","modified_gmt":"2025-12-11T09:10:28","slug":"misja-uratowac-swieta-niezwykla-przygoda-250-metrow-pod-ziemia","status":"publish","type":"post","link":"https:\/\/sp1lubomierz.pl\/?p=49133","title":{"rendered":"Misja: Uratowa\u0107 \u015awi\u0119ta! Niezwyk\u0142a przygoda 250 metr\u00f3w pod ziemi\u0105"},"content":{"rendered":"<p><a href=\"http:\/\/sp1lubomierz.pl\/wp-content\/uploads\/2025\/12\/IMG_7392-scaled.jpg\"><img loading=\"lazy\" decoding=\"async\" class=\"alignleft size-thumbnail wp-image-49134\" src=\"http:\/\/sp1lubomierz.pl\/wp-content\/uploads\/2025\/12\/IMG_7392-150x150.jpg\" alt=\"Du\u017ca grupa dzieci i opiekun\u00f3w w kolorowych zimowych kurtkach i czerwonych czapkach miko\u0142ajowych pozuje do wsp\u00f3lnego zdj\u0119cia przed wej\u015bciem do Kopalni Soli w Bochni. W tle wida\u0107 budynek z napisem \u2018Kopalnia Soli Bochnia 1248\u2019 oraz fragment konstrukcji szybu. Uczestnicy stoj\u0105 i kucaj\u0105 w kilku rz\u0119dach, u\u015bmiechni\u0119ci, gotowi do rozpocz\u0119cia \u015bwi\u0105tecznej przygody.\" width=\"150\" height=\"150\"><\/a>Wizyta w Kopalni Soli w Bochni okaza\u0142a si\u0119 dla uczni\u00f3w klas 1\u20133 niezapomnian\u0105 przygod\u0105. W ramach programu edukacyjnego \u201eSpotkanie ze \u015awi\u0119tym Miko\u0142ajem\u201d dzieci przenios\u0142y si\u0119 a\u017c 250 metr\u00f3w pod ziemi\u0119, gdzie czeka\u0142 na nie tajemniczy, solny \u015bwiat pe\u0142en historii, zagadek i \u015bwi\u0105tecznej atmosfery. Po zje\u017adzie pod powierzchni\u0119 g\u00f3rnicz\u0105 wind\u0105, kt\u00f3ra dostarczy\u0142a uczestnikom niezapomnianych emocji, rozpocz\u0119\u0142a si\u0119 prawdziwa przygoda.<!--more--> Dodatkow\u0105 dawk\u0119 wra\u017ce\u0144 zapewni\u0142 przejazd podziemn\u0105 kolejk\u0105, kt\u00f3ry zabra\u0142 m\u0142odych odkrywc\u00f3w w g\u0142\u0105b solnego labiryntu. Tam nasi uczniowie nie tylko poznali fascynuj\u0105ce dzieje boche\u0144skiej kopalni, jednej z najstarszych w Europie, ale przede wszystkim uczestniczyli &nbsp;w niezwyk\u0142ej misji \u2013 ratowania tegorocznych \u015awi\u0105t! Aby to zrobi\u0107, musieli wykaza\u0107 si\u0119 sprytem, wsp\u00f3\u0142prac\u0105 i zaanga\u017cowaniem. W czasie zabawy uczniowie rozwi\u0105zywali zadania, odkrywali podziemne korytarze i spotykali bohater\u00f3w zwi\u0105zanych z tradycj\u0105 kopalni oraz \u015bwi\u0105teczn\u0105 tematyk\u0105.<\/p>\n<p>Niezapomnianym punktem programu by\u0142o oczywi\u015bcie spotkanie ze \u015awi\u0119tym Miko\u0142ajem, kt\u00f3ry przywita\u0142 dzieci w podziemnej komorze i opowiedzia\u0142 o przygotowaniach do \u015awi\u0105t. Ka\u017cdy uczestnik mia\u0142 okazj\u0119 porozmawia\u0107 z Miko\u0142ajem i poczu\u0107 wyj\u0105tkow\u0105, pe\u0142n\u0105 rado\u015bci atmosfer\u0119. Uczniowie otrzymali drobny upominek, kt\u00f3ry wywo\u0142a\u0142 na ich twarzach szerokie u\u015bmiechy i jeszcze bardziej podkre\u015bli\u0142 \u015bwi\u0105teczny charakter wizyty.<\/p>\n<p>Wycieczka po\u0142\u0105czy\u0142a edukacj\u0119 z doskona\u0142\u0105 zabaw\u0105, pozwalaj\u0105c uczniom nie tylko zdoby\u0107 wiedz\u0119 o historii kopalni, ale tak\u017ce prze\u017cy\u0107 co\u015b absolutnie wyj\u0105tkowego. To by\u0142a podr\u00f3\u017c pe\u0142na emocji, \u015bmiechu i \u015bwi\u0105tecznej atmosfery \u2013 z pewno\u015bci\u0105 na d\u0142ugo zostanie w pami\u0119ci wszystkich uczestnik\u00f3w.<\/p>\n<p style=\"text-align: right;\">red: wychowawcy kl. 1-3<\/p>\n\n\t\t<style type=\"text\/css\">\n\t\t\t#gallery-1 {\n\t\t\t\tmargin: auto;\n\t\t\t}\n\t\t\t#gallery-1 .gallery-item {\n\t\t\t\tfloat: left;\n\t\t\t\tmargin-top: 10px;\n\t\t\t\ttext-align: center;\n\t\t\t\twidth: 33%;\n\t\t\t}\n\t\t\t#gallery-1 img {\n\t\t\t\tborder: 2px solid #cfcfcf;\n\t\t\t}\n\t\t\t#gallery-1 .gallery-caption {\n\t\t\t\tmargin-left: 0;\n\t\t\t}\n\t\t\t\/* see gallery_shortcode() in wp-includes\/media.php *\/\n\t\t<\/style>\n\t\t<div id='gallery-1' class='gallery galleryid-49133 gallery-columns-3 gallery-size-thumbnail'><dl class='gallery-item'>\n\t\t\t<dt class='gallery-icon portrait'>\n\t\t\t\t<a href='https:\/\/sp1lubomierz.pl\/wp-content\/uploads\/2025\/12\/IMG_7412-scaled.jpg'><img loading=\"lazy\" decoding=\"async\" width=\"150\" height=\"150\" src=\"https:\/\/sp1lubomierz.pl\/wp-content\/uploads\/2025\/12\/IMG_7412-150x150.jpg\" class=\"attachment-thumbnail size-thumbnail\" alt=\"Grupa uczni\u00f3w s\u0142ucha \u015awi\u0119tego Miko\u0142aja przemawiaj\u0105cego w podziemnej komorze, w\u015br\u00f3d choinek i dekoracji \u015bwi\u0105tecznych\" \/><\/a>\n\t\t\t<\/dt><\/dl><dl class='gallery-item'>\n\t\t\t<dt class='gallery-icon landscape'>\n\t\t\t\t<a href='https:\/\/sp1lubomierz.pl\/wp-content\/uploads\/2025\/12\/IMG_7403-scaled.jpg'><img loading=\"lazy\" decoding=\"async\" width=\"150\" height=\"150\" src=\"https:\/\/sp1lubomierz.pl\/wp-content\/uploads\/2025\/12\/IMG_7403-150x150.jpg\" class=\"attachment-thumbnail size-thumbnail\" alt=\"Grupa dzieci pozuje na tle solnej szopki z figurami przedstawiaj\u0105cymi scen\u0119 Bo\u017cego Narodzenia.\u201d\" \/><\/a>\n\t\t\t<\/dt><\/dl><dl class='gallery-item'>\n\t\t\t<dt class='gallery-icon landscape'>\n\t\t\t\t<a href='https:\/\/sp1lubomierz.pl\/wp-content\/uploads\/2025\/12\/IMG_7401-scaled.jpg'><img loading=\"lazy\" decoding=\"async\" width=\"150\" height=\"150\" src=\"https:\/\/sp1lubomierz.pl\/wp-content\/uploads\/2025\/12\/IMG_7401-150x150.jpg\" class=\"attachment-thumbnail size-thumbnail\" alt=\"Dzieci stoj\u0105 przed solnym o\u0142tarzem w kaplicy podziemnej, otoczone rze\u017abami i elementami ozdobnymi wykutymi w skale\" \/><\/a>\n\t\t\t<\/dt><\/dl><br style=\"clear: both\" \/><dl class='gallery-item'>\n\t\t\t<dt class='gallery-icon landscape'>\n\t\t\t\t<a href='https:\/\/sp1lubomierz.pl\/wp-content\/uploads\/2025\/12\/IMG_7420-scaled.jpg'><img loading=\"lazy\" decoding=\"async\" width=\"150\" height=\"150\" src=\"https:\/\/sp1lubomierz.pl\/wp-content\/uploads\/2025\/12\/IMG_7420-150x150.jpg\" class=\"attachment-thumbnail size-thumbnail\" alt=\"Grupa dzieci w czapkach miko\u0142ajowych pozuje z postaci\u0105 \u015awi\u0119tego Miko\u0142aja i pomocnikiem w \u015bwi\u0105tecznie ozdobionej komorze solnej.\" \/><\/a>\n\t\t\t<\/dt><\/dl><dl class='gallery-item'>\n\t\t\t<dt class='gallery-icon portrait'>\n\t\t\t\t<a href='https:\/\/sp1lubomierz.pl\/wp-content\/uploads\/2025\/12\/IMG_7415-scaled.jpg'><img loading=\"lazy\" decoding=\"async\" width=\"150\" height=\"150\" src=\"https:\/\/sp1lubomierz.pl\/wp-content\/uploads\/2025\/12\/IMG_7415-150x150.jpg\" class=\"attachment-thumbnail size-thumbnail\" alt=\"Dzieci siedz\u0105 w sali podziemnej kopalni, zwr\u00f3cone w stron\u0119 \u015awi\u0119tego Miko\u0142aja stoj\u0105cego przy dekoracjach \u015bwi\u0105tecznych\" \/><\/a>\n\t\t\t<\/dt><\/dl><dl class='gallery-item'>\n\t\t\t<dt class='gallery-icon landscape'>\n\t\t\t\t<a href='https:\/\/sp1lubomierz.pl\/wp-content\/uploads\/2025\/12\/IMG_7406-1-scaled.jpg'><img loading=\"lazy\" decoding=\"async\" width=\"150\" height=\"150\" src=\"https:\/\/sp1lubomierz.pl\/wp-content\/uploads\/2025\/12\/IMG_7406-1-150x150.jpg\" class=\"attachment-thumbnail size-thumbnail\" alt=\"Dzieci stoj\u0105 przed solnym o\u0142tarzem w kaplicy podziemnej, otoczone rze\u017abami i elementami ozdobnymi wykutymi w skale\" \/><\/a>\n\t\t\t<\/dt><\/dl><br style=\"clear: both\" \/><dl class='gallery-item'>\n\t\t\t<dt class='gallery-icon landscape'>\n\t\t\t\t<a href='https:\/\/sp1lubomierz.pl\/wp-content\/uploads\/2025\/12\/IMG_7398-scaled.jpg'><img loading=\"lazy\" decoding=\"async\" width=\"150\" height=\"150\" src=\"https:\/\/sp1lubomierz.pl\/wp-content\/uploads\/2025\/12\/IMG_7398-150x150.jpg\" class=\"attachment-thumbnail size-thumbnail\" alt=\"Grupa dzieci pozuje na tle solnej szopki z figurami przedstawiaj\u0105cymi scen\u0119 Bo\u017cego Narodzenia.\" \/><\/a>\n\t\t\t<\/dt><\/dl>\n\t\t\t<br style='clear: both' \/>\n\t\t<\/div>\n\n<p>&nbsp;<\/p>\n<p>&nbsp;<\/p>\n<p>&nbsp;<\/p>\n","protected":false},"excerpt":{"rendered":"<p>Wizyta w Kopalni Soli w Bochni okaza\u0142a si\u0119 dla uczni\u00f3w klas 1\u20133 niezapomnian\u0105 przygod\u0105. W ramach programu edukacyjnego \u201eSpotkanie ze \u015awi\u0119tym Miko\u0142ajem\u201d dzieci przenios\u0142y si\u0119 a\u017c 250 metr\u00f3w pod ziemi\u0119, gdzie czeka\u0142 na nie tajemniczy, solny \u015bwiat pe\u0142en historii, zagadek i \u015bwi\u0105tecznej atmosfery. Po zje\u017adzie pod powierzchni\u0119 g\u00f3rnicz\u0105 wind\u0105, kt\u00f3ra dostarczy\u0142a uczestnikom niezapomnianych emocji, rozpocz\u0119\u0142a [&hellip;]<\/p>\n","protected":false},"author":1,"featured_media":0,"comment_status":"closed","ping_status":"open","sticky":false,"template":"","format":"standard","meta":{"ngg_post_thumbnail":0,"footnotes":""},"categories":[1],"tags":[],"class_list":["post-49133","post","type-post","status-publish","format-standard","hentry","category-uncategorized"],"_links":{"self":[{"href":"https:\/\/sp1lubomierz.pl\/index.php?rest_route=\/wp\/v2\/posts\/49133","targetHints":{"allow":["GET"]}}],"collection":[{"href":"https:\/\/sp1lubomierz.pl\/index.php?rest_route=\/wp\/v2\/posts"}],"about":[{"href":"https:\/\/sp1lubomierz.pl\/index.php?rest_route=\/wp\/v2\/types\/post"}],"author":[{"embeddable":true,"href":"https:\/\/sp1lubomierz.pl\/index.php?rest_route=\/wp\/v2\/users\/1"}],"replies":[{"embeddable":true,"href":"https:\/\/sp1lubomierz.pl\/index.php?rest_route=%2Fwp%2Fv2%2Fcomments&post=49133"}],"version-history":[{"count":1,"href":"https:\/\/sp1lubomierz.pl\/index.php?rest_route=\/wp\/v2\/posts\/49133\/revisions"}],"predecessor-version":[{"id":49143,"href":"https:\/\/sp1lubomierz.pl\/index.php?rest_route=\/wp\/v2\/posts\/49133\/revisions\/49143"}],"wp:attachment":[{"href":"https:\/\/sp1lubomierz.pl\/index.php?rest_route=%2Fwp%2Fv2%2Fmedia&parent=49133"}],"wp:term":[{"taxonomy":"category","embeddable":true,"href":"https:\/\/sp1lubomierz.pl\/index.php?rest_route=%2Fwp%2Fv2%2Fcategories&post=49133"},{"taxonomy":"post_tag","embeddable":true,"href":"https:\/\/sp1lubomierz.pl\/index.php?rest_route=%2Fwp%2Fv2%2Ftags&post=49133"}],"curies":[{"name":"wp","href":"https:\/\/api.w.org\/{rel}","templated":true}]}}