{"id":49227,"date":"2025-12-21T20:41:12","date_gmt":"2025-12-21T19:41:12","guid":{"rendered":"https:\/\/sp1lubomierz.pl\/?p=49227"},"modified":"2025-12-21T20:41:12","modified_gmt":"2025-12-21T19:41:12","slug":"od-iskierki-do-finalu-premiera-dwoch-teledyskow-zespolu-swarni-lubomiyrzanie","status":"publish","type":"post","link":"https:\/\/sp1lubomierz.pl\/?p=49227","title":{"rendered":"Od iskierki do fina\u0142u. Premiera dw\u00f3ch teledysk\u00f3w zespo\u0142u \u201e\u015awarni Lubomiyrzanie\u201d"},"content":{"rendered":"<p><strong><a href=\"http:\/\/sp1lubomierz.pl\/wp-content\/uploads\/2025\/12\/IMG_5354-scaled.jpg\"><img loading=\"lazy\" decoding=\"async\" class=\"alignleft size-thumbnail wp-image-49228\" src=\"http:\/\/sp1lubomierz.pl\/wp-content\/uploads\/2025\/12\/IMG_5354-150x150.jpg\" alt=\"Grupa dzieci z zespo\u0142u \u201e\u015awarni Lubomiyrzanie\u201d stoi na tle o\u015bnie\u017conego lasu. Dwoje dzieci trzyma instrumenty smyczkowe, pozostali ubrani s\u0105 w ciep\u0142e, ludowe stroje. Scena przedstawia moment realizacji zdj\u0119\u0107 plenerowych do teledysku kol\u0119dowego.\" width=\"150\" height=\"150\"><\/a>Opowie\u015b\u0107 zapisana obrazem i d\u017awi\u0119kiem sta\u0142a si\u0119 faktem. Z ogromn\u0105 dum\u0105 prezentujemy efekty wielomiesi\u0119cznej pracy zespo\u0142u \u201e\u015awarni Lubomiyrzanie\u201d. Powsta\u0142y dwa teledyski. <\/strong>Ten projekt zacz\u0105\u0142 si\u0119 bardzo niepozornie \u2013 od pomys\u0142u, od iskierki. Od chwili, kiedy w sierpniu powsta\u0142y dwie kol\u0119dy i pojawi\u0142y si\u0119 pytania: czy to nie za trudne? Czy dzieci dadz\u0105 rad\u0119? Czy w og\u00f3le warto spr\u00f3bowa\u0107? Postanowili\u015bmy spr\u00f3bowa\u0107. Ma\u0142ymi krokami, tak jak potrafimy. I okaza\u0142o si\u0119, \u017ce dzieci z zespo\u0142u \u015awarni Lubomiyrzanie potrafi\u0105 naprawd\u0119 bardzo du\u017co \u2013 je\u015bli tylko da si\u0119 im przestrze\u0144, czas i wiar\u0119. To projekt zrodzony z pasji, wytrwa\u0142o\u015bci i wielu godzin pr\u00f3b, tak\u017ce podczas zaj\u0119\u0107 prowadzonych w ramach innowacji artystycznej: \u201eKorzenie i skrzyd\u0142a\u201d.<!--more--><\/p>\n<p>\u015awarni Lubomiyrzanie stan\u0119li przed kamerami w r\u00f3\u017cnych sceneriach \u2013 zdj\u0119cia realizowano zar\u00f3wno w zaaran\u017cowanej przestrzeni szkolnej sali gimnastycznej, jak i w pi\u0119knym plenerze na Przys\u0142opku. Te kol\u0119dy: \u201eKie gwiozdecka b\u0142ysko\u201d oraz \u201ePowitojmy Boze Dziecie\u201d s\u0105 autorskie (Dorota Wcis\u0142o) \u2013 od wyj\u0105tkowego, klimatycznego d\u017awi\u0119ku, przez wzruszaj\u0105ce s\u0142owo, po obraz. Autorska jest r\u00f3wnie\u017c scenografia (Katarzyna Wojtyczka) \u2013 ka\u017cdy element dekoracyjny zosta\u0142 przemy\u015blany i przygotowany specjalnie do tego projektu. Nagrania studyjne powsta\u0142y w studio nagra\u0144, a teledyski s\u0105 ju\u017c wsp\u00f3ln\u0105, w\u0142asn\u0105 prac\u0105 \u2013 robion\u0105 z sercem, bez wielkiego zaplecza, ale z ogromnym zaanga\u017cowaniem.<\/p>\n<p>Prace zwi\u0105zane z teledyskami by\u0142y chwilami pe\u0142nymi \u015bmiechu, ale i zm\u0119czenia, poprawiania stroj\u00f3w i setek powt\u00f3rze\u0144. Nad wszystkim czuwa\u0142y opiekunki zespo\u0142u, kt\u00f3re bezinteresownie po\u015bwi\u0119ci\u0142y sw\u00f3j czas i energi\u0119, prowadz\u0105c ten projekt od pomys\u0142u a\u017c po ostatni kadr, by dzieci mog\u0142y rozwija\u0107 skrzyd\u0142a.<\/p>\n<p>Prapremiera odby\u0142a si\u0119 podczas akademii bo\u017conarodzeniowej 18 grudnia 2025 r. Projekcja by\u0142a trzymana w tajemnicy do ostatniej chwili, stanowi\u0105c wyj\u0105tkow\u0105 niespodziank\u0119 przede wszystkim dla samych dzieci. Reakcje publiczno\u015bci, wzruszenie oraz sp\u0142ywaj\u0105ce do nas nieustannie s\u0142owa uznania i pochwa\u0142y s\u0105 najlepszym dowodem na to, \u017ce warto wk\u0142ada\u0107 serce w kultywowanie tradycji.<\/p>\n<p>Za tym obrazem i d\u017awi\u0119kiem stoi ca\u0142a wsp\u00f3lnota ludzi, bez kt\u00f3rych ta wizja nie mog\u0142aby si\u0119 urzeczywistni\u0107. Z ca\u0142ego serca dzi\u0119kujemy:<\/p>\n<p>\ud83e\udd0d <strong>Pani Dyrektor: Jadwidze Baran-Sto\u017cek<\/strong> \u2013 za&nbsp; wsparcie &nbsp;i wiar\u0119 w nasze dzia\u0142ania;<br \/>\n\ud83e\udd0d <strong>Rodzicom<\/strong> \u2013 za zaufanie, dowo\u017cenie, pomoc, obecno\u015b\u0107, gotowo\u015b\u0107 \u201ena ju\u017c\u201d, wsparcie, dobre s\u0142owo, a w szczeg\u00f3lno\u015bci: Pa\u0144stwu: <strong>Piotrowi i Kindze Ko\u0142odziejczykom, Katarzynie i Pawle Zasadnim, Krystynie i J\u00f3zefie Foksom, Halinie i Piotrowi Kuczajom, Anicie i Paw\u0142owi G\u0142uchom;<br \/>\n<\/strong>\ud83e\udd0d Rodzinie z s\u0105siedniej wsi za przywiezienie najm\u0142odszego aktora-<strong>Alana, <\/strong>kt\u00f3ry wcieli\u0142 si\u0119 w rol\u0119 Dzieci\u0105tka;<br \/>\n\ud83e\udd0d <strong>Pa\u0144stwu: El\u017cbiecie i Paw\u0142owi Zapa\u0142om<\/strong> \u2013 za udost\u0119pnienie wyj\u0105tkowego miejsca na Przys\u0142opku;<br \/>\n\ud83e\udd0d <strong>Pa\u0144stwu: Zofii i Tadeuszowi Ogielom<\/strong> \u2013 kt\u00f3rzy pomogli w przygotowaniu przestrzeni,<br \/>\n\ud83e\udd0d <strong>Kole\u017cankom z pracy: J\u00f3zefie Nachman i Sabinie Zapale-Malec<\/strong> \u2013 za pomoc przy dekoracji;<br \/>\n\ud83e\udd0d <strong>Panu Tadeuszowi Wojtyczce <\/strong>za nagrania z drona \u2013 za profesjonalne oko, spok\u00f3j i cierpliwo\u015b\u0107;<br \/>\n\ud83e\udd0d <strong>Naszym prywatnym rodzinom<\/strong> \u2013 za wyrozumia\u0142o\u015b\u0107 w tym intensywnym czasie, gdy ten projekt by\u0142 \u201ena pierwszym planie\u201d.<\/p>\n<p>Chcemy podzi\u0119kowa\u0107 wszystkim dzieciom z zespo\u0142u \u2013 za obecno\u015b\u0107, wytrwa\u0142o\u015b\u0107 i ogromny talent. A szczeg\u00f3lnie Marysi Zasadni, Milenie Ko\u0142odziejczyk, Igorowi Kuczajowi i Sebastianowi Foksowi, kt\u00f3rzy po\u015bwi\u0119cili sw\u00f3j wolny weekend na nagrania plenerowe, w warunkach typowo zimowych.<\/p>\n<p>Dzi\u0119kujemy wszystkim tym, kt\u00f3rzy wspierali nas w momentach zw\u0105tpienia, dopingowali na co dzie\u0144 i dodawali otuchy, kiedy by\u0142o trudno.<\/p>\n<p>Ten projekt jest dzie\u0142em ca\u0142ego zespo\u0142u \u015awarni Lubomiyrzanie. Ka\u017cde dziecko wnios\u0142o tu co\u015b wa\u017cnego \u2013 g\u0142os, instrument, obecno\u015b\u0107, energi\u0119. Bo muzyka w nas po prostu jest. P\u0142ynie w nas \u2013 nie po to, \u017ceby co\u015b udowadnia\u0107, ale po to, \u017ceby gra\u0107, \u015bpiewa\u0107 i by\u0107 razem.<\/p>\n<p>To by\u0142 wysi\u0142ek wielu r\u0105k i serc. Jego efektem jest co\u015b wi\u0119cej ni\u017c tylko teledysk \u2013 to wsp\u00f3lna historia, zami\u0142owanie do korzeni i dow\u00f3d na to, \u017ce gdy spotykaj\u0105 si\u0119 pasja, praca i \u017cyczliwi ludzie, powstaje pami\u0105tka, kt\u00f3ra zostaje na d\u0142u\u017cej.<\/p>\n<p><strong>Zapraszamy do ogl\u0105dania, udost\u0119pniania i prze\u017cywania tego razem z nami!<\/strong><\/p>\n<p style=\"text-align: right;\">red. D. Wcis\u0142o,<br \/>\nK. Wojtyczka<\/p>\n\n\t\t<style type=\"text\/css\">\n\t\t\t#gallery-1 {\n\t\t\t\tmargin: auto;\n\t\t\t}\n\t\t\t#gallery-1 .gallery-item {\n\t\t\t\tfloat: left;\n\t\t\t\tmargin-top: 10px;\n\t\t\t\ttext-align: center;\n\t\t\t\twidth: 25%;\n\t\t\t}\n\t\t\t#gallery-1 img {\n\t\t\t\tborder: 2px solid #cfcfcf;\n\t\t\t}\n\t\t\t#gallery-1 .gallery-caption {\n\t\t\t\tmargin-left: 0;\n\t\t\t}\n\t\t\t\/* see gallery_shortcode() in wp-includes\/media.php *\/\n\t\t<\/style>\n\t\t<div id='gallery-1' class='gallery galleryid-49227 gallery-columns-4 gallery-size-thumbnail'><dl class='gallery-item'>\n\t\t\t<dt class='gallery-icon landscape'>\n\t\t\t\t<a href='https:\/\/sp1lubomierz.pl\/wp-content\/uploads\/2025\/12\/IMG-20251221-WA0002.jpg'><img loading=\"lazy\" decoding=\"async\" width=\"150\" height=\"150\" src=\"https:\/\/sp1lubomierz.pl\/wp-content\/uploads\/2025\/12\/IMG-20251221-WA0002-150x150.jpg\" class=\"attachment-thumbnail size-thumbnail\" alt=\"Dzieci z zespo\u0142u \u201e\u015awarni Lubomiyrzanie\u201d w strojach pasterskich stoj\u0105 wok\u00f3\u0142 symbolicznej stajenki bo\u017conarodzeniowej. W centrum znajduje si\u0119 \u017c\u0142\u00f3bek z Dzieci\u0105tkiem, a ca\u0142o\u015b\u0107 dope\u0142nia \u015bwi\u0105teczna scenografia z choink\u0105, sianem i dekoracyjnym t\u0142em imituj\u0105cym wn\u0119trze szop\" \/><\/a>\n\t\t\t<\/dt><\/dl><dl class='gallery-item'>\n\t\t\t<dt class='gallery-icon portrait'>\n\t\t\t\t<a href='https:\/\/sp1lubomierz.pl\/wp-content\/uploads\/2025\/12\/IMG-20251221-WA0001.jpg'><img loading=\"lazy\" decoding=\"async\" width=\"150\" height=\"150\" src=\"https:\/\/sp1lubomierz.pl\/wp-content\/uploads\/2025\/12\/IMG-20251221-WA0001-150x150.jpg\" class=\"attachment-thumbnail size-thumbnail\" alt=\"Trzy dziewczynki przebrane za anio\u0142y, ubrane w bia\u0142e, delikatne sukienki, siedz\u0105 na tle o\u015bnie\u017conych choinek i \u015bwi\u0105tecznej dekoracji. Dzieci patrz\u0105 w stron\u0119 obiektywu z \u0142agodnym, skupionym wyrazem twarzy.\" \/><\/a>\n\t\t\t<\/dt><\/dl><dl class='gallery-item'>\n\t\t\t<dt class='gallery-icon portrait'>\n\t\t\t\t<a href='https:\/\/sp1lubomierz.pl\/wp-content\/uploads\/2025\/12\/IMG_5353-scaled.jpg'><img loading=\"lazy\" decoding=\"async\" width=\"150\" height=\"150\" src=\"https:\/\/sp1lubomierz.pl\/wp-content\/uploads\/2025\/12\/IMG_5353-150x150.jpg\" class=\"attachment-thumbnail size-thumbnail\" alt=\"Grupa dzieci z zespo\u0142u \u201e\u015awarni Lubomiyrzanie\u201d stoi na tle o\u015bnie\u017conego lasu. Dwoje dzieci trzyma instrumenty smyczkowe, pozostali ubrani s\u0105 w ciep\u0142e, ludowe stroje. Scena przedstawia moment realizacji zdj\u0119\u0107 plenerowych do teledysku kol\u0119dowego.\" \/><\/a>\n\t\t\t<\/dt><\/dl><dl class='gallery-item'>\n\t\t\t<dt class='gallery-icon landscape'>\n\t\t\t\t<a href='https:\/\/sp1lubomierz.pl\/wp-content\/uploads\/2025\/12\/IMG_5354-scaled.jpg'><img loading=\"lazy\" decoding=\"async\" width=\"150\" height=\"150\" src=\"https:\/\/sp1lubomierz.pl\/wp-content\/uploads\/2025\/12\/IMG_5354-150x150.jpg\" class=\"attachment-thumbnail size-thumbnail\" alt=\"Grupa dzieci z zespo\u0142u \u201e\u015awarni Lubomiyrzanie\u201d stoi na tle o\u015bnie\u017conego lasu. Dwoje dzieci trzyma instrumenty smyczkowe, pozostali ubrani s\u0105 w ciep\u0142e, ludowe stroje. Scena przedstawia moment realizacji zdj\u0119\u0107 plenerowych do teledysku kol\u0119dowego.\" \/><\/a>\n\t\t\t<\/dt><\/dl><br style=\"clear: both\" \/>\n\t\t<\/div>\n\n<p><iframe loading=\"lazy\" title=\"\u015awarni Lubomiyrzanie- Kie gwiozdecka b\u0142ysko\" width=\"500\" height=\"281\" src=\"https:\/\/www.youtube.com\/embed\/SS8du-jwb-g?feature=oembed\" frameborder=\"0\" allow=\"accelerometer; autoplay; clipboard-write; encrypted-media; gyroscope; picture-in-picture; web-share\" referrerpolicy=\"strict-origin-when-cross-origin\" allowfullscreen><\/iframe><\/p>\n<p><iframe loading=\"lazy\" title=\"\u015awarni Lubomiyrzanie - Powitojmy Boze Dziecie \" width=\"500\" height=\"281\" src=\"https:\/\/www.youtube.com\/embed\/llZtCkbQ7CY?feature=oembed\" frameborder=\"0\" allow=\"accelerometer; autoplay; clipboard-write; encrypted-media; gyroscope; picture-in-picture; web-share\" referrerpolicy=\"strict-origin-when-cross-origin\" allowfullscreen><\/iframe><\/p>\n","protected":false},"excerpt":{"rendered":"<p>Opowie\u015b\u0107 zapisana obrazem i d\u017awi\u0119kiem sta\u0142a si\u0119 faktem. Z ogromn\u0105 dum\u0105 prezentujemy efekty wielomiesi\u0119cznej pracy zespo\u0142u \u201e\u015awarni Lubomiyrzanie\u201d. Powsta\u0142y dwa teledyski. Ten projekt zacz\u0105\u0142 si\u0119 bardzo niepozornie \u2013 od pomys\u0142u, od iskierki. Od chwili, kiedy w sierpniu powsta\u0142y dwie kol\u0119dy i pojawi\u0142y si\u0119 pytania: czy to nie za trudne? Czy dzieci dadz\u0105 rad\u0119? Czy w [&hellip;]<\/p>\n","protected":false},"author":1,"featured_media":0,"comment_status":"closed","ping_status":"open","sticky":false,"template":"","format":"standard","meta":{"ngg_post_thumbnail":0,"footnotes":""},"categories":[1],"tags":[],"class_list":["post-49227","post","type-post","status-publish","format-standard","hentry","category-uncategorized"],"_links":{"self":[{"href":"https:\/\/sp1lubomierz.pl\/index.php?rest_route=\/wp\/v2\/posts\/49227","targetHints":{"allow":["GET"]}}],"collection":[{"href":"https:\/\/sp1lubomierz.pl\/index.php?rest_route=\/wp\/v2\/posts"}],"about":[{"href":"https:\/\/sp1lubomierz.pl\/index.php?rest_route=\/wp\/v2\/types\/post"}],"author":[{"embeddable":true,"href":"https:\/\/sp1lubomierz.pl\/index.php?rest_route=\/wp\/v2\/users\/1"}],"replies":[{"embeddable":true,"href":"https:\/\/sp1lubomierz.pl\/index.php?rest_route=%2Fwp%2Fv2%2Fcomments&post=49227"}],"version-history":[{"count":1,"href":"https:\/\/sp1lubomierz.pl\/index.php?rest_route=\/wp\/v2\/posts\/49227\/revisions"}],"predecessor-version":[{"id":49232,"href":"https:\/\/sp1lubomierz.pl\/index.php?rest_route=\/wp\/v2\/posts\/49227\/revisions\/49232"}],"wp:attachment":[{"href":"https:\/\/sp1lubomierz.pl\/index.php?rest_route=%2Fwp%2Fv2%2Fmedia&parent=49227"}],"wp:term":[{"taxonomy":"category","embeddable":true,"href":"https:\/\/sp1lubomierz.pl\/index.php?rest_route=%2Fwp%2Fv2%2Fcategories&post=49227"},{"taxonomy":"post_tag","embeddable":true,"href":"https:\/\/sp1lubomierz.pl\/index.php?rest_route=%2Fwp%2Fv2%2Ftags&post=49227"}],"curies":[{"name":"wp","href":"https:\/\/api.w.org\/{rel}","templated":true}]}}