{"id":49238,"date":"2026-01-22T17:32:24","date_gmt":"2026-01-22T16:32:24","guid":{"rendered":"https:\/\/sp1lubomierz.pl\/?p=49238"},"modified":"2026-01-24T08:46:29","modified_gmt":"2026-01-24T07:46:29","slug":"final-konkursu-dom-ktory-opowiada-historie","status":"publish","type":"post","link":"https:\/\/sp1lubomierz.pl\/?p=49238","title":{"rendered":"Fina\u0142 konkursu \u201eDom, kt\u00f3ry opowiada histori\u0119\u201d"},"content":{"rendered":"\n\n\n<p><a href=\"http:\/\/sp1lubomierz.pl\/wp-content\/uploads\/2026\/01\/IMG_7752-1-scaled.jpeg\"><img loading=\"lazy\" decoding=\"async\" class=\"alignleft size-thumbnail wp-image-49315\" src=\"http:\/\/sp1lubomierz.pl\/wp-content\/uploads\/2026\/01\/IMG_7752-1-150x150.jpeg\" alt=\"Grupowe zdj\u0119cie uczni\u00f3w i nauczycieli w sali gimnastycznej podczas szkolnej uroczysto\u015bci. Dzieci trzymaj\u0105 dyplomy i torby z upominkami, stoj\u0105c na tle \u015bwi\u0105tecznej dekoracji z szopk\u0105, choinkami i zimow\u0105 sceneri\u0105.\" width=\"150\" height=\"150\"><\/a>Czy zwyk\u0142y kawa\u0142ek drewna, kartonu i odrobina wyobra\u017ani mog\u0105 przenie\u015b\u0107 nas w czasie? Okazuje si\u0119, \u017ce tak! Fina\u0142 naszego konkursu jest na to najlepszym dowodem. W ramach innowacji \u201eKorzenie i skrzyd\u0142a\u201d powsta\u0142a kameralna, ale absolutnie zachwycaj\u0105ca kolekcja prac. Makiety, kt\u00f3re wp\u0142yn\u0119\u0142y na konkurs \u201eDom, kt\u00f3ry opowiada histori\u0119\u201d,&nbsp; przenios\u0142y nas w \u015bwiat dawnej, g\u00f3ralskiej architektury i zachwyci\u0142y ca\u0142\u0105 spo\u0142eczno\u015b\u0107 szkoln\u0105. Celem tego przedsi\u0119wzi\u0119cia by\u0142o obudzenie w uczniach pasji do regionu i pokazanie, \u017ce tradycyjna architektura wci\u0105\u017c mo\u017ce inspirowa\u0107. Efekty przeros\u0142y jednak wszelkie oczekiwania!<!--more--><\/p>\n<p>Uczniowie stan\u0119li przed wyzwaniem stworzenia przestrzennych makiet g\u00f3ralskich chat. Prace, kt\u00f3re sp\u0142yn\u0119\u0142y na konkurs, zachwycaj\u0105 precyzj\u0105 i dba\u0142o\u015bci\u0105 o ka\u017cdy detal \u2013 od gontu na dachu, po malutkie okiennice. Wida\u0107 w nich nie tylko talent, ale przede wszystkim ogromn\u0105 cierpliwo\u015b\u0107 i godziny po\u015bwi\u0119cone na klejenie, malowanie i dopracowywanie szczeg\u00f3\u0142\u00f3w. To by\u0142y projekty niezwykle czasoch\u0142onne, ale efekt ko\u0144cowy jest powalaj\u0105cy.<\/p>\n<p>Komisja konkursowa mia\u0142a przys\u0142owiowy \u201etwardy orzech do zgryzienia\u201d. Poziom prac by\u0142 tak wysoki i wyr\u00f3wnany, \u017ce wy\u0142onienie jednego zwyci\u0119zcy okaza\u0142o si\u0119 niemo\u017cliwe. Ka\u017cdy domek by\u0142 wyj\u0105tkowy i ka\u017cdy opowiada\u0142 swoj\u0105 w\u0142asn\u0105 histori\u0119. Dlatego podj\u0119to bezprecedensow\u0105 decyzj\u0119:<\/p>\n<p>Wszyscy uczestnicy konkursu zaj\u0119li ex aequo I MIEJSCE!<\/p>\n<p>S\u0105 to:<\/p>\n<p>W kategorii klas I-III<br>-Zuzanna Foks (kl. I), Gabriela Foks (kl. I), Dariusz Grabiec (kl. I), Oliwia Potaczek (kl. III)<\/p>\n<p>W kategorii klas IV-VIII<br><span style=\"font-size: revert; color: initial;\">-Micha\u0142 Michura (kl. IV), Antoni Michura (kl. VI), Maciej Kaim (kl. VII), Szymon Obajtek (kl. VII)<\/span><\/p>\n<p>Tak wielki trud zas\u0142u\u017cy\u0142 na wyj\u0105tkowe docenienie. O wspania\u0142e nagrody dla wszystkich laureat\u00f3w zadba\u0142y organizatorki konkursu i autorki innowacji \u2013 panie Katarzyna Wojtyczka i Dorota Wcis\u0142o. Dzi\u0119ki ich zaanga\u017cowaniu ka\u017cdy m\u0142ody artysta m\u00f3g\u0142 poczu\u0107 si\u0119 prawdziwym zwyci\u0119zc\u0105, a wysi\u0142ek w\u0142o\u017cony w budow\u0119 makiet zosta\u0142 nagrodzony.<\/p>\n<p>To jednak nie koniec przygody z architektur\u0105. Zgodnie z regulaminem, prace zosta\u0142y wykorzystane przy <strong>dekoracji podczas Dnia Babci i Dziadka<\/strong>. S\u0105 wspania\u0142ym dope\u0142nieniem scenografii i t\u0142em wyst\u0119p\u00f3w. Na pewno wzrusz\u0105 zaproszonych go\u015bci, \u0142\u0105cz\u0105c pokolenia wsp\u00f3ln\u0105 tradycj\u0105.<\/p>\n<p>Gratulujemy uczniom wspania\u0142ych pomys\u0142\u00f3w i dzi\u0119kujemy za kultywowanie pi\u0119kna naszego regionu!<\/p>\n<p style=\"text-align: right;\">red.<br>Dorota Wcis\u0142o<br>Katarzyna Wojtyczka<\/p>\n<p>&nbsp;<\/p>\n\n\t\t<style type=\"text\/css\">\n\t\t\t#gallery-1 {\n\t\t\t\tmargin: auto;\n\t\t\t}\n\t\t\t#gallery-1 .gallery-item {\n\t\t\t\tfloat: left;\n\t\t\t\tmargin-top: 10px;\n\t\t\t\ttext-align: center;\n\t\t\t\twidth: 33%;\n\t\t\t}\n\t\t\t#gallery-1 img {\n\t\t\t\tborder: 2px solid #cfcfcf;\n\t\t\t}\n\t\t\t#gallery-1 .gallery-caption {\n\t\t\t\tmargin-left: 0;\n\t\t\t}\n\t\t\t\/* see gallery_shortcode() in wp-includes\/media.php *\/\n\t\t<\/style>\n\t\t<div id='gallery-1' class='gallery galleryid-49238 gallery-columns-3 gallery-size-thumbnail'><dl class='gallery-item'>\n\t\t\t<dt class='gallery-icon landscape'>\n\t\t\t\t<a href='https:\/\/sp1lubomierz.pl\/wp-content\/uploads\/2026\/01\/IMG_7752-1-scaled.jpeg'><img loading=\"lazy\" decoding=\"async\" width=\"150\" height=\"150\" src=\"https:\/\/sp1lubomierz.pl\/wp-content\/uploads\/2026\/01\/IMG_7752-1-150x150.jpeg\" class=\"attachment-thumbnail size-thumbnail\" alt=\"Grupowe zdj\u0119cie uczni\u00f3w i nauczycieli w sali gimnastycznej podczas szkolnej uroczysto\u015bci. Dzieci trzymaj\u0105 dyplomy i torby z upominkami, stoj\u0105c na tle \u015bwi\u0105tecznej dekoracji z szopk\u0105, choinkami i zimow\u0105 sceneri\u0105.\" \/><\/a>\n\t\t\t<\/dt><\/dl><dl class='gallery-item'>\n\t\t\t<dt class='gallery-icon landscape'>\n\t\t\t\t<a href='https:\/\/sp1lubomierz.pl\/wp-content\/uploads\/2026\/01\/IMG_7761-scaled.jpeg'><img loading=\"lazy\" decoding=\"async\" width=\"150\" height=\"150\" src=\"https:\/\/sp1lubomierz.pl\/wp-content\/uploads\/2026\/01\/IMG_7761-150x150.jpeg\" class=\"attachment-thumbnail size-thumbnail\" alt=\"Grupowe zdj\u0119cie uczni\u00f3w i nauczycieli po szkolnej uroczysto\u015bci bo\u017conarodzeniowej. Dzieci trzymaj\u0105 dyplomy i torby z upominkami, stoj\u0105c i kl\u0119cz\u0105c przed \u015bwi\u0105teczn\u0105 dekoracj\u0105 z szopk\u0105, choinkami i zimow\u0105 sceneri\u0105.\" \/><\/a>\n\t\t\t<\/dt><\/dl><dl class='gallery-item'>\n\t\t\t<dt class='gallery-icon portrait'>\n\t\t\t\t<a href='https:\/\/sp1lubomierz.pl\/wp-content\/uploads\/2026\/01\/IMG_7732-scaled.jpeg'><img loading=\"lazy\" decoding=\"async\" width=\"150\" height=\"150\" src=\"https:\/\/sp1lubomierz.pl\/wp-content\/uploads\/2026\/01\/IMG_7732-150x150.jpeg\" class=\"attachment-thumbnail size-thumbnail\" alt=\"Uczniowie z dyplomami stoj\u0105 razem z nauczycielkami w sali gimnastycznej po szkolnej uroczysto\u015bci bo\u017conarodzeniowej. Zdj\u0119cie wykonane na tle \u015bwi\u0105tecznej dekoracji z szopk\u0105, choinkami, sercem z czerwonych ozd\u00f3b oraz napisem \u201eR\u00f3\u017cne \u015bwiaty, jedno serce\u201d.\" \/><\/a>\n\t\t\t<\/dt><\/dl><br style=\"clear: both\" \/><dl class='gallery-item'>\n\t\t\t<dt class='gallery-icon portrait'>\n\t\t\t\t<a href='https:\/\/sp1lubomierz.pl\/wp-content\/uploads\/2026\/01\/IMG_7748-scaled.jpeg'><img loading=\"lazy\" decoding=\"async\" width=\"150\" height=\"150\" src=\"https:\/\/sp1lubomierz.pl\/wp-content\/uploads\/2026\/01\/IMG_7748-150x150.jpeg\" class=\"attachment-thumbnail size-thumbnail\" alt=\"Grupowe zdj\u0119cie uczni\u00f3w i nauczycieli na tle \u015bwi\u0105tecznej dekoracji w sali gimnastycznej. Dw\u00f3ch uczni\u00f3w trzyma dyplomy i torby z upominkami, a obok stoj\u0105 nauczycielki. W tle widoczna jest szopka, choinki oraz napis \u201eR\u00f3\u017cne \u015bwiaty, jedno serce\u201d.\" \/><\/a>\n\t\t\t<\/dt><\/dl><dl class='gallery-item'>\n\t\t\t<dt class='gallery-icon portrait'>\n\t\t\t\t<a href='https:\/\/sp1lubomierz.pl\/wp-content\/uploads\/2026\/01\/IMG_7740-1-scaled.jpeg'><img loading=\"lazy\" decoding=\"async\" width=\"150\" height=\"150\" src=\"https:\/\/sp1lubomierz.pl\/wp-content\/uploads\/2026\/01\/IMG_7740-1-150x150.jpeg\" class=\"attachment-thumbnail size-thumbnail\" alt=\"Grupowe zdj\u0119cie uczni\u00f3w i nauczycielek w sali gimnastycznej po szkolnej uroczysto\u015bci bo\u017conarodzeniowej. Uczniowie trzymaj\u0105 dyplomy i torby z upominkami, stoj\u0105c na tle \u015bwi\u0105tecznej dekoracji z szopk\u0105, choinkami i napisem \u201eR\u00f3\u017cne \u015bwiaty, jedno serce\u201d.\" \/><\/a>\n\t\t\t<\/dt><\/dl>\n\t\t\t<br style='clear: both' \/>\n\t\t<\/div>\n\n","protected":false},"excerpt":{"rendered":"<p>Czy zwyk\u0142y kawa\u0142ek drewna, kartonu i odrobina wyobra\u017ani mog\u0105 przenie\u015b\u0107 nas w czasie? Okazuje si\u0119, \u017ce tak! Fina\u0142 naszego konkursu jest na to najlepszym dowodem. W ramach innowacji \u201eKorzenie i skrzyd\u0142a\u201d powsta\u0142a kameralna, ale absolutnie zachwycaj\u0105ca kolekcja prac. Makiety, kt\u00f3re wp\u0142yn\u0119\u0142y na konkurs \u201eDom, kt\u00f3ry opowiada histori\u0119\u201d,&nbsp; przenios\u0142y nas w \u015bwiat dawnej, g\u00f3ralskiej architektury i [&hellip;]<\/p>\n","protected":false},"author":1,"featured_media":0,"comment_status":"closed","ping_status":"open","sticky":false,"template":"","format":"standard","meta":{"ngg_post_thumbnail":0,"footnotes":""},"categories":[1],"tags":[],"class_list":["post-49238","post","type-post","status-publish","format-standard","hentry","category-uncategorized"],"_links":{"self":[{"href":"https:\/\/sp1lubomierz.pl\/index.php?rest_route=\/wp\/v2\/posts\/49238","targetHints":{"allow":["GET"]}}],"collection":[{"href":"https:\/\/sp1lubomierz.pl\/index.php?rest_route=\/wp\/v2\/posts"}],"about":[{"href":"https:\/\/sp1lubomierz.pl\/index.php?rest_route=\/wp\/v2\/types\/post"}],"author":[{"embeddable":true,"href":"https:\/\/sp1lubomierz.pl\/index.php?rest_route=\/wp\/v2\/users\/1"}],"replies":[{"embeddable":true,"href":"https:\/\/sp1lubomierz.pl\/index.php?rest_route=%2Fwp%2Fv2%2Fcomments&post=49238"}],"version-history":[{"count":3,"href":"https:\/\/sp1lubomierz.pl\/index.php?rest_route=\/wp\/v2\/posts\/49238\/revisions"}],"predecessor-version":[{"id":49322,"href":"https:\/\/sp1lubomierz.pl\/index.php?rest_route=\/wp\/v2\/posts\/49238\/revisions\/49322"}],"wp:attachment":[{"href":"https:\/\/sp1lubomierz.pl\/index.php?rest_route=%2Fwp%2Fv2%2Fmedia&parent=49238"}],"wp:term":[{"taxonomy":"category","embeddable":true,"href":"https:\/\/sp1lubomierz.pl\/index.php?rest_route=%2Fwp%2Fv2%2Fcategories&post=49238"},{"taxonomy":"post_tag","embeddable":true,"href":"https:\/\/sp1lubomierz.pl\/index.php?rest_route=%2Fwp%2Fv2%2Ftags&post=49238"}],"curies":[{"name":"wp","href":"https:\/\/api.w.org\/{rel}","templated":true}]}}