{"id":49241,"date":"2026-01-22T17:44:27","date_gmt":"2026-01-22T16:44:27","guid":{"rendered":"https:\/\/sp1lubomierz.pl\/?p=49241"},"modified":"2026-01-23T20:11:15","modified_gmt":"2026-01-23T19:11:15","slug":"i-noworoczny-turniej-szachowy-sukces-naszego-ucznia","status":"publish","type":"post","link":"https:\/\/sp1lubomierz.pl\/?p=49241","title":{"rendered":"I Noworoczny Turniej Szachowy \u2013 sukces naszego ucznia!"},"content":{"rendered":"\n<div dir=\"auto\"><a href=\"http:\/\/sp1lubomierz.pl\/wp-content\/uploads\/2026\/01\/1000138621.jpg\"><img loading=\"lazy\" decoding=\"async\" class=\"alignleft size-thumbnail wp-image-49242\" src=\"http:\/\/sp1lubomierz.pl\/wp-content\/uploads\/2026\/01\/1000138621-150x150.jpg\" alt=\"Grupowe zdj\u0119cie uczni\u00f3w i nauczycieli w sali szkolnej. Uczniowie stoj\u0105 i kl\u0119cz\u0105 w dw\u00f3ch rz\u0119dach, trzymaj\u0105 dyplomy i maj\u0105 zawieszone na szyi medale. W tle widoczne plansze edukacyjne z matematyki oraz baner instytucji. Zdj\u0119cie wykonane podczas uroczysto\u015bci wr\u0119czenia nagr\u00f3d.\" width=\"150\" height=\"150\"><\/a>Szachy ucz\u0105 logicznego my\u015blenia, koncentracji oraz podejmowania trafnych decyzji \u2013 nic wi\u0119c dziwnego, \u017ce ciesz\u0105 si\u0119 coraz wi\u0119ksz\u0105 popularno\u015bci\u0105 w\u015br\u00f3d uczni\u00f3w. Doskona\u0142\u0105 okazj\u0105 do sprawdzenia swoich umiej\u0119tno\u015bci by\u0142 I Noworoczny Turniej Szachowy, kt\u00f3ry odby\u0142 si\u0119 16 stycznia w Szkole Podstawowej nr 1 w Mszanie G\u00f3rnej. To historyczne wydarzenie po\u0142\u0105czy\u0142o si\u0142y Gminy Mszana Dolna, Gminy Nied\u017awied\u017a oraz Miasta Mszana Dolna.<\/div>\n<p><!--more--><\/p>\n<div dir=\"auto\">Jego uczestnikami byli uczniowie 14 szk\u00f3\u0142, kt\u00f3rzy z ogromnym zaanga\u017cowaniem rywalizowali, wykazuj\u0105c si\u0119 strategicznym my\u015bleniem, cierpliwo\u015bci\u0105 i sportow\u0105 postaw\u0105.&nbsp;<\/div>\n<div dir=\"auto\">Z naszej szko\u0142y udzia\u0142 wzi\u0105\u0142 Sebastian, ucze\u0144 klasy IV, kt\u00f3ry jako jedyny reprezentowa\u0142 m\u0142odsz\u0105 kategori\u0119 wiekow\u0105 w\u015br\u00f3d g\u0142\u00f3wnie \u00f3smoklasist\u00f3w. Mimo to zaprezentowa\u0142 si\u0119 znakomicie i zdoby\u0142 wyr\u00f3\u017cnienie.&nbsp;<\/div>\n<div dir=\"auto\">Serdecznie gratulujemy i \u017cyczymy dalszych sukces\u00f3w!<\/div>\n<div dir=\"auto\" style=\"text-align: right;\">red. Sabina Zapa\u0142a-Malec<\/div>\n\n\n\n\n\n<p>&nbsp;<\/p>\n\n\t\t<style type=\"text\/css\">\n\t\t\t#gallery-1 {\n\t\t\t\tmargin: auto;\n\t\t\t}\n\t\t\t#gallery-1 .gallery-item {\n\t\t\t\tfloat: left;\n\t\t\t\tmargin-top: 10px;\n\t\t\t\ttext-align: center;\n\t\t\t\twidth: 33%;\n\t\t\t}\n\t\t\t#gallery-1 img {\n\t\t\t\tborder: 2px solid #cfcfcf;\n\t\t\t}\n\t\t\t#gallery-1 .gallery-caption {\n\t\t\t\tmargin-left: 0;\n\t\t\t}\n\t\t\t\/* see gallery_shortcode() in wp-includes\/media.php *\/\n\t\t<\/style>\n\t\t<div id='gallery-1' class='gallery galleryid-49241 gallery-columns-3 gallery-size-thumbnail'><dl class='gallery-item'>\n\t\t\t<dt class='gallery-icon landscape'>\n\t\t\t\t<a href='https:\/\/sp1lubomierz.pl\/wp-content\/uploads\/2026\/01\/1000138621.jpg'><img loading=\"lazy\" decoding=\"async\" width=\"150\" height=\"150\" src=\"https:\/\/sp1lubomierz.pl\/wp-content\/uploads\/2026\/01\/1000138621-150x150.jpg\" class=\"attachment-thumbnail size-thumbnail\" alt=\"Grupowe zdj\u0119cie uczni\u00f3w i nauczycieli w sali szkolnej. Uczniowie stoj\u0105 i kl\u0119cz\u0105 w dw\u00f3ch rz\u0119dach, trzymaj\u0105 dyplomy i maj\u0105 zawieszone na szyi medale. W tle widoczne plansze edukacyjne z matematyki oraz baner instytucji. Zdj\u0119cie wykonane podczas uroczysto\u015bci wr\u0119czenia nagr\u00f3d.\" \/><\/a>\n\t\t\t<\/dt><\/dl><dl class='gallery-item'>\n\t\t\t<dt class='gallery-icon landscape'>\n\t\t\t\t<a href='https:\/\/sp1lubomierz.pl\/wp-content\/uploads\/2026\/01\/1000138622.jpg'><img loading=\"lazy\" decoding=\"async\" width=\"150\" height=\"150\" src=\"https:\/\/sp1lubomierz.pl\/wp-content\/uploads\/2026\/01\/1000138622-150x150.jpg\" class=\"attachment-thumbnail size-thumbnail\" alt=\"Uczniowie graj\u0105 w szachy przy stolikach w sali szkolnej, skupieni na partiach rozgrywanych podczas turnieju.\" \/><\/a>\n\t\t\t<\/dt><\/dl>\n\t\t\t<br style='clear: both' \/>\n\t\t<\/div>\n\n","protected":false},"excerpt":{"rendered":"<p>Szachy ucz\u0105 logicznego my\u015blenia, koncentracji oraz podejmowania trafnych decyzji \u2013 nic wi\u0119c dziwnego, \u017ce ciesz\u0105 si\u0119 coraz wi\u0119ksz\u0105 popularno\u015bci\u0105 w\u015br\u00f3d uczni\u00f3w. Doskona\u0142\u0105 okazj\u0105 do sprawdzenia swoich umiej\u0119tno\u015bci by\u0142 I Noworoczny Turniej Szachowy, kt\u00f3ry odby\u0142 si\u0119 16 stycznia w Szkole Podstawowej nr 1 w Mszanie G\u00f3rnej. To historyczne wydarzenie po\u0142\u0105czy\u0142o si\u0142y Gminy Mszana Dolna, Gminy Nied\u017awied\u017a [&hellip;]<\/p>\n","protected":false},"author":1,"featured_media":0,"comment_status":"closed","ping_status":"open","sticky":false,"template":"","format":"standard","meta":{"ngg_post_thumbnail":0,"footnotes":""},"categories":[1],"tags":[],"class_list":["post-49241","post","type-post","status-publish","format-standard","hentry","category-uncategorized"],"_links":{"self":[{"href":"https:\/\/sp1lubomierz.pl\/index.php?rest_route=\/wp\/v2\/posts\/49241","targetHints":{"allow":["GET"]}}],"collection":[{"href":"https:\/\/sp1lubomierz.pl\/index.php?rest_route=\/wp\/v2\/posts"}],"about":[{"href":"https:\/\/sp1lubomierz.pl\/index.php?rest_route=\/wp\/v2\/types\/post"}],"author":[{"embeddable":true,"href":"https:\/\/sp1lubomierz.pl\/index.php?rest_route=\/wp\/v2\/users\/1"}],"replies":[{"embeddable":true,"href":"https:\/\/sp1lubomierz.pl\/index.php?rest_route=%2Fwp%2Fv2%2Fcomments&post=49241"}],"version-history":[{"count":8,"href":"https:\/\/sp1lubomierz.pl\/index.php?rest_route=\/wp\/v2\/posts\/49241\/revisions"}],"predecessor-version":[{"id":49306,"href":"https:\/\/sp1lubomierz.pl\/index.php?rest_route=\/wp\/v2\/posts\/49241\/revisions\/49306"}],"wp:attachment":[{"href":"https:\/\/sp1lubomierz.pl\/index.php?rest_route=%2Fwp%2Fv2%2Fmedia&parent=49241"}],"wp:term":[{"taxonomy":"category","embeddable":true,"href":"https:\/\/sp1lubomierz.pl\/index.php?rest_route=%2Fwp%2Fv2%2Fcategories&post=49241"},{"taxonomy":"post_tag","embeddable":true,"href":"https:\/\/sp1lubomierz.pl\/index.php?rest_route=%2Fwp%2Fv2%2Ftags&post=49241"}],"curies":[{"name":"wp","href":"https:\/\/api.w.org\/{rel}","templated":true}]}}