{"id":49259,"date":"2026-01-23T19:16:42","date_gmt":"2026-01-23T18:16:42","guid":{"rendered":"https:\/\/sp1lubomierz.pl\/?p=49259"},"modified":"2026-01-23T20:10:45","modified_gmt":"2026-01-23T19:10:45","slug":"rozne-swiaty-jedno-serce-wyjatkowy-dzien-babci-i-dziadka-w-naszej-szkole","status":"publish","type":"post","link":"https:\/\/sp1lubomierz.pl\/?p=49259","title":{"rendered":"\u201eR\u00f3\u017cne \u015bwiaty, jedno serce\u201d \u2013 Wyj\u0105tkowy Dzie\u0144 Babci i Dziadka w Naszej Szkole"},"content":{"rendered":"\n<p><span style=\"font-size: revert; color: initial;\"><a href=\"http:\/\/sp1lubomierz.pl\/wp-content\/uploads\/2026\/01\/DSCN1640-scaled.jpg\"><img loading=\"lazy\" decoding=\"async\" class=\"alignleft size-thumbnail wp-image-49294\" src=\"http:\/\/sp1lubomierz.pl\/wp-content\/uploads\/2026\/01\/DSCN1640-150x150.jpg\" alt=\"Dzieci wyst\u0119puj\u0105 na szkolnej scenie podczas uroczysto\u015bci bo\u017conarodzeniowej. Na tle dekoracji z szopk\u0105, choinkami i napisem \u201eR\u00f3\u017cne \u015bwiaty, jedno serce\u201d najm\u0142odsi uczniowie stoj\u0105 przy mikrofonach, a obok starsi uczniowie czytaj\u0105 teksty i graj\u0105 na akordeonach.\" width=\"150\" height=\"150\"><\/a>\u201eDzi\u015b jest dzie\u0144 szczeg\u00f3lny, pe\u0142en ciep\u0142a, rado\u015bci i wzrusze\u0144\u2026\u201d. Tymi s\u0142owami rozpocz\u0119\u0142a si\u0119 tegoroczna uroczysto\u015b\u0107 z okazji Dnia Babci i Dziadka, kt\u00f3ra odby\u0142a si\u0119 22 stycznia 2026 r. Gospodyni\u0105 uroczysto\u015bci by\u0142a Pani Dyrektor Jadwiga Baran-Sto\u017cek, kt\u00f3ra z wielk\u0105 dba\u0142o\u015bci\u0105 czuwa\u0142a nad ka\u017cdym szczeg\u00f3\u0142em organizacji tego wyj\u0105tkowego dnia. To ona oficjalnie otworzy\u0142a spotkanie, kieruj\u0105c ciep\u0142e s\u0142owa do wszystkich zgromadzonych. W\u015br\u00f3d zaproszonych go\u015bci, obok licznie przyby\u0142ych bab\u0107 i dziadk\u00f3w, powita\u0142a r\u00f3wnie\u017c ojca proboszcza, kt\u00f3rego obecno\u015b\u0107 nada\u0142a wydarzeniu jeszcze bardziej uroczysty charakter.<\/span><\/p>\n<p><!--more--><\/p>\n<p>Sala gimnastyczna zmieni\u0142a si\u0119 tego dnia nie do poznania \u2013 przepi\u0119kna dekoracja przenios\u0142a widz\u00f3w w \u015bwiat refleksji i \u015bwi\u0105tecznego ciep\u0142a, tworz\u0105c idealne t\u0142o dla spektaklu pod tytu\u0142em <strong>\u201eR\u00d3\u017bNE \u015aWIATY, JEDNO SERCE\u201d<\/strong>. Ka\u017cdy element scenografii zosta\u0142 starannie przemy\u015blany, by odda\u0107 g\u0142\u0119bi\u0119 przedstawienia. Gra \u015bwiate\u0142, subtelne ozdoby i dba\u0142o\u015b\u0107 o detale sprawi\u0142y, \u017ce przestrze\u0144 ta nabra\u0142a niemal mistycznego charakteru, wywo\u0142uj\u0105c zachwyt na twarzach go\u015bci ju\u017c od progu. Niezwyk\u0142y klimat sali to r\u00f3wnie\u017c zas\u0142uga Pa\u0144stwa Foks\u00f3w, kt\u00f3rym sk\u0142adamy gor\u0105ce podzi\u0119kowania za przywiezienie \u017cywych choinek. Ich naturalna ziele\u0144 by\u0142y idealnym dope\u0142nieniem dekoracji, wprowadzaj\u0105c do wn\u0119trza autentyczny, \u015bwi\u0105teczny nastr\u00f3j.<\/p>\n<p>M\u0142odzi aktorzy w poruszaj\u0105cy spos\u00f3b przedstawili zderzenie dw\u00f3ch rzeczywisto\u015bci. Z jednej strony zobaczyli\u015bmy \u015bwiat wsp\u00f3\u0142czesny \u2013 zabiegany, zapatrzony w telefony, tablety i plany, z drugiej za\u015b \u015bwiat tradycyjnych warto\u015bci, reprezentowany przez dzieci w strojach g\u00f3ralskich, kt\u00f3re przypomina\u0142y, \u017ce \u201ejak sie idzie wolno, to serce nad\u0105zo\u201d.<\/p>\n<p>Uczniowie pi\u0119knie przekazali g\u0142\u00f3wn\u0105 my\u015bl przedstawienia: to w\u0142a\u015bnie Babcie i Dziadkowie ucz\u0105 nas, jak si\u0119 zatrzyma\u0107 i dostrzec to, co najwa\u017cniejsze. Zamiast drogich prezent\u00f3w, dzieci ofiarowa\u0142y swoim go\u015bciom dary serca: \u201eu\u015bmiech, kt\u00f3ry smutek przegania\u201d , \u201ecierpliwo\u015b\u0107\u201d oraz \u201epami\u0119\u0107\u201d.<\/p>\n<p>Tegoroczna akademia by\u0142a prawdziw\u0105 uczt\u0105 muzyczn\u0105. Na scenie zaprezentowa\u0142o si\u0119 bardzo wielu uczni\u00f3w \u015bpiewaj\u0105cych i graj\u0105cych na instrumentach. Sala wype\u0142ni\u0142a si\u0119 d\u017awi\u0119kami skrzypiec, akordeon\u00f3w i bas\u00f3w, co nada\u0142o uroczysto\u015bci wyj\u0105tkowego, tradycyjnego charakteru. Widzowie mieli okazj\u0119 us\u0142ysze\u0107 nie tylko znane melodie, ale tak\u017ce autorskie pastora\u0142ki pani Doroty Wcis\u0142o, kt\u00f3re wzrusza\u0142y tekstem i aran\u017cacj\u0105. Ca\u0142o\u015b\u0107 dope\u0142ni\u0142 pi\u0119kny uk\u0142ad taneczny, nagrodzony gromkimi brawami.<\/p>\n<p>Fina\u0142 uroczysto\u015bci zatar\u0142 granic\u0119 mi\u0119dzy aktorami a widowni\u0105. Zgodnie ze s\u0142owami scenariusza, \u017ce \u201eto nie jest przedstawienie do ogl\u0105dania, to widowisko do prze\u017cywania\u201d , do wsp\u00f3lnego kol\u0119dowania zaproszono wszystkie dzieci.<\/p>\n<p>Po cz\u0119\u015bci artystycznej na go\u015bci czeka\u0142a kolejna niespodzianka. O podniebienia Senior\u00f3w zatroszczyli si\u0119 Rodzice, kt\u00f3rzy zadbali o wspania\u0142\u0105 cz\u0119\u015b\u0107 kulinarn\u0105. Pocz\u0119stunek by\u0142 doskona\u0142\u0105 okazj\u0105 do rozm\u00f3w i dalszego \u015bwi\u0119towania w rodzinnej atmosferze.<\/p>\n<p>Dzi\u0119kujemy wszystkim Babciom i Dziadkom za tak liczne przybycie. Mamy nadziej\u0119, \u017ce s\u0142owa wypowiedziane przez wnuk\u00f3w:<\/p>\n<p><em>\u201eNiech ta piosenka jak rosa po kwiatach,<br><\/em><em>niesie si\u0119 w serca przez d\u0142ugie, d\u0142ugie lata\u201d<br><\/em>b\u0119d\u0105 im towarzyszy\u0107 w ka\u017cdym dniu, przypominaj\u0105c o bezgranicznej mi\u0142o\u015bci i wdzi\u0119czno\u015bci&nbsp; wnucz\u0105t.<\/p>\n<p style=\"text-align: right;\">Red. Krystyna Kolawa<br>Gra\u017cyna Dawiec<br>J\u00f3zefa Nachman<br>Katarzyna Wojtyczka<br>Dorota Wcis\u0142o<\/p>\n\n\n\n\n\t\t<style type=\"text\/css\">\n\t\t\t#gallery-1 {\n\t\t\t\tmargin: auto;\n\t\t\t}\n\t\t\t#gallery-1 .gallery-item {\n\t\t\t\tfloat: left;\n\t\t\t\tmargin-top: 10px;\n\t\t\t\ttext-align: center;\n\t\t\t\twidth: 33%;\n\t\t\t}\n\t\t\t#gallery-1 img {\n\t\t\t\tborder: 2px solid #cfcfcf;\n\t\t\t}\n\t\t\t#gallery-1 .gallery-caption {\n\t\t\t\tmargin-left: 0;\n\t\t\t}\n\t\t\t\/* see gallery_shortcode() in wp-includes\/media.php *\/\n\t\t<\/style>\n\t\t<div id='gallery-1' class='gallery galleryid-49259 gallery-columns-3 gallery-size-thumbnail'><dl class='gallery-item'>\n\t\t\t<dt class='gallery-icon landscape'>\n\t\t\t\t<a href='https:\/\/sp1lubomierz.pl\/wp-content\/uploads\/2026\/01\/DSCN1600-scaled.jpg'><img loading=\"lazy\" decoding=\"async\" width=\"150\" height=\"150\" src=\"https:\/\/sp1lubomierz.pl\/wp-content\/uploads\/2026\/01\/DSCN1600-150x150.jpg\" class=\"attachment-thumbnail size-thumbnail\" alt=\"Uroczysto\u015b\u0107 szkolna na sali gimnastycznej. Dyrektorka przemawia przy m\u00f3wnicy na tle \u015bwi\u0105tecznej dekoracji z szopk\u0105, choinkami i napisem \u201eR\u00f3\u017cne \u015bwiaty jedno serce\u201d. Obok stoj\u0105 dzieci w strojach ludowych i galowych, cz\u0119\u015b\u0107 z instrumentami, a przed scen\u0105 zgromadzona jest publiczno\u015b\u0107 uczni\u00f3w.\u201d\" \/><\/a>\n\t\t\t<\/dt><\/dl><dl class='gallery-item'>\n\t\t\t<dt class='gallery-icon landscape'>\n\t\t\t\t<a href='https:\/\/sp1lubomierz.pl\/wp-content\/uploads\/2026\/01\/DSCN1605-scaled.jpg'><img loading=\"lazy\" decoding=\"async\" width=\"150\" height=\"150\" src=\"https:\/\/sp1lubomierz.pl\/wp-content\/uploads\/2026\/01\/DSCN1605-150x150.jpg\" class=\"attachment-thumbnail size-thumbnail\" alt=\"Publiczno\u015b\u0107 zgromadzona w sali gimnastycznej podczas uroczysto\u015bci szkolnej. Przy d\u0142ugich sto\u0142ach siedz\u0105 rodzice, dziadkowie i zaproszeni go\u015bcie, a na pierwszym planie widoczne s\u0105 dzieci w galowych strojach. Uczestnicy wydarzenia bij\u0105 brawo, ogl\u0105daj\u0105c wyst\u0119p na scenie.\" \/><\/a>\n\t\t\t<\/dt><\/dl><dl class='gallery-item'>\n\t\t\t<dt class='gallery-icon landscape'>\n\t\t\t\t<a href='https:\/\/sp1lubomierz.pl\/wp-content\/uploads\/2026\/01\/DSCN1610-scaled.jpg'><img loading=\"lazy\" decoding=\"async\" width=\"150\" height=\"150\" src=\"https:\/\/sp1lubomierz.pl\/wp-content\/uploads\/2026\/01\/DSCN1610-150x150.jpg\" class=\"attachment-thumbnail size-thumbnail\" alt=\"Go\u015bcie zgromadzeni przy udekorowanych sto\u0142ach w sali gimnastycznej podczas szkolnej uroczysto\u015bci. Wida\u0107 licznie przyby\u0142ych rodzic\u00f3w, dziadk\u00f3w i mieszka\u0144c\u00f3w, siedz\u0105cych i obserwuj\u0105cych program artystyczny.\" \/><\/a>\n\t\t\t<\/dt><\/dl><br style=\"clear: both\" \/><dl class='gallery-item'>\n\t\t\t<dt class='gallery-icon landscape'>\n\t\t\t\t<a href='https:\/\/sp1lubomierz.pl\/wp-content\/uploads\/2026\/01\/DSCN1614-scaled.jpg'><img loading=\"lazy\" decoding=\"async\" width=\"150\" height=\"150\" src=\"https:\/\/sp1lubomierz.pl\/wp-content\/uploads\/2026\/01\/DSCN1614-150x150.jpg\" class=\"attachment-thumbnail size-thumbnail\" alt=\"Dzieci wyst\u0119puj\u0105 na szkolnej scenie podczas uroczysto\u015bci bo\u017conarodzeniowej. Uczennica w stroju ludowym i ucze\u0144 w stroju galowym czytaj\u0105 teksty do mikrofon\u00f3w, obok stoi m\u0142odsza dziewczynka. W tle widoczna jest \u015bwi\u0105teczna dekoracja z szopk\u0105, choink\u0105 i sercem z czerwonych \u015bwiate\u0142.\" \/><\/a>\n\t\t\t<\/dt><\/dl><dl class='gallery-item'>\n\t\t\t<dt class='gallery-icon landscape'>\n\t\t\t\t<a href='https:\/\/sp1lubomierz.pl\/wp-content\/uploads\/2026\/01\/DSCN1620-scaled.jpg'><img loading=\"lazy\" decoding=\"async\" width=\"150\" height=\"150\" src=\"https:\/\/sp1lubomierz.pl\/wp-content\/uploads\/2026\/01\/DSCN1620-150x150.jpg\" class=\"attachment-thumbnail size-thumbnail\" alt=\"Dzieci na szkolnej scenie przygotowuj\u0105 si\u0119 do wyst\u0119pu bo\u017conarodzeniowego. Przed \u015bwi\u0105teczn\u0105 dekoracj\u0105 z szopk\u0105, choinkami i napisem \u201eR\u00f3\u017cne \u015bwi\u0105ty jedno serce\u201d uczniowie ustawiaj\u0105 si\u0119 w strojach galowych i ludowych, cz\u0119\u015b\u0107 z instrumentami muzycznymi.\" \/><\/a>\n\t\t\t<\/dt><\/dl><dl class='gallery-item'>\n\t\t\t<dt class='gallery-icon landscape'>\n\t\t\t\t<a href='https:\/\/sp1lubomierz.pl\/wp-content\/uploads\/2026\/01\/DSCN1623-scaled.jpg'><img loading=\"lazy\" decoding=\"async\" width=\"150\" height=\"150\" src=\"https:\/\/sp1lubomierz.pl\/wp-content\/uploads\/2026\/01\/DSCN1623-150x150.jpg\" class=\"attachment-thumbnail size-thumbnail\" alt=\"Grupa uczni\u00f3w wyst\u0119puje na szkolnej scenie podczas uroczysto\u015bci bo\u017conarodzeniowej. Dzieci w strojach ludowych \u015bpiewaj\u0105 i graj\u0105 na instrumentach, m.in. skrzypcach i akordeonach, na tle zimowej dekoracji z choinkami i \u015bwi\u0105teczn\u0105 sceneri\u0105.\" \/><\/a>\n\t\t\t<\/dt><\/dl><br style=\"clear: both\" \/><dl class='gallery-item'>\n\t\t\t<dt class='gallery-icon landscape'>\n\t\t\t\t<a href='https:\/\/sp1lubomierz.pl\/wp-content\/uploads\/2026\/01\/DSCN1626-scaled.jpg'><img loading=\"lazy\" decoding=\"async\" width=\"150\" height=\"150\" src=\"https:\/\/sp1lubomierz.pl\/wp-content\/uploads\/2026\/01\/DSCN1626-150x150.jpg\" class=\"attachment-thumbnail size-thumbnail\" alt=\"Uczniowie zgromadzeni na sali gimnastycznej podczas szkolnej uroczysto\u015bci bo\u017conarodzeniowej. Na scenie stoj\u0105 dzieci w strojach ludowych, cz\u0119\u015b\u0107 z instrumentami, a naprzeciw nich siedz\u0105 m\u0142odsi uczniowie oraz opiekunowie, ogl\u0105daj\u0105cy wyst\u0119p artystyczny.\" \/><\/a>\n\t\t\t<\/dt><\/dl><dl class='gallery-item'>\n\t\t\t<dt class='gallery-icon landscape'>\n\t\t\t\t<a href='https:\/\/sp1lubomierz.pl\/wp-content\/uploads\/2026\/01\/DSCN1627-scaled.jpg'><img loading=\"lazy\" decoding=\"async\" width=\"150\" height=\"150\" src=\"https:\/\/sp1lubomierz.pl\/wp-content\/uploads\/2026\/01\/DSCN1627-150x150.jpg\" class=\"attachment-thumbnail size-thumbnail\" alt=\"Wyst\u0119p bo\u017conarodzeniowy w sali gimnastycznej. Dzieci w strojach ludowych i galowych prezentuj\u0105 program artystyczny na tle \u015bwi\u0105tecznej dekoracji z szopk\u0105 i choinkami, a przed scen\u0105 zgromadzeni s\u0105 m\u0142odsi uczniowie oraz opiekunowie ogl\u0105daj\u0105cy wyst\u0119p.\" \/><\/a>\n\t\t\t<\/dt><\/dl><dl class='gallery-item'>\n\t\t\t<dt class='gallery-icon landscape'>\n\t\t\t\t<a href='https:\/\/sp1lubomierz.pl\/wp-content\/uploads\/2026\/01\/DSCN1630-scaled.jpg'><img loading=\"lazy\" decoding=\"async\" width=\"150\" height=\"150\" src=\"https:\/\/sp1lubomierz.pl\/wp-content\/uploads\/2026\/01\/DSCN1630-150x150.jpg\" class=\"attachment-thumbnail size-thumbnail\" alt=\"Widok sali gimnastycznej podczas szkolnej uroczysto\u015bci bo\u017conarodzeniowej. Przy d\u0142ugich, \u015bwi\u0105tecznie udekorowanych sto\u0142ach siedz\u0105 licznie zgromadzeni go\u015bcie, a w tle na scenie uczniowie prezentuj\u0105 program artystyczny na tle szopki i \u015bwi\u0105tecznych dekoracji.\" \/><\/a>\n\t\t\t<\/dt><\/dl><br style=\"clear: both\" \/><dl class='gallery-item'>\n\t\t\t<dt class='gallery-icon landscape'>\n\t\t\t\t<a href='https:\/\/sp1lubomierz.pl\/wp-content\/uploads\/2026\/01\/DSCN1633-scaled.jpg'><img loading=\"lazy\" decoding=\"async\" width=\"150\" height=\"150\" src=\"https:\/\/sp1lubomierz.pl\/wp-content\/uploads\/2026\/01\/DSCN1633-150x150.jpg\" class=\"attachment-thumbnail size-thumbnail\" alt=\"Licznie zgromadzona publiczno\u015b\u0107 w sali gimnastycznej podczas szkolnej uroczysto\u015bci bo\u017conarodzeniowej. Przy d\u0142ugich, \u015bwi\u0105tecznie udekorowanych sto\u0142ach siedz\u0105 go\u015bcie, a na scenie uczniowie w strojach ludowych i galowych wyst\u0119puj\u0105 na tle dekoracji z szopk\u0105, choinkami i napisem \u201eR\u00f3\u017cne \u015bwiaty, jedno serce\u201d.\" \/><\/a>\n\t\t\t<\/dt><\/dl><dl class='gallery-item'>\n\t\t\t<dt class='gallery-icon landscape'>\n\t\t\t\t<a href='https:\/\/sp1lubomierz.pl\/wp-content\/uploads\/2026\/01\/DSCN1640-scaled.jpg'><img loading=\"lazy\" decoding=\"async\" width=\"150\" height=\"150\" src=\"https:\/\/sp1lubomierz.pl\/wp-content\/uploads\/2026\/01\/DSCN1640-150x150.jpg\" class=\"attachment-thumbnail size-thumbnail\" alt=\"Dzieci wyst\u0119puj\u0105 na szkolnej scenie podczas uroczysto\u015bci bo\u017conarodzeniowej. Na tle dekoracji z szopk\u0105, choinkami i napisem \u201eR\u00f3\u017cne \u015bwiaty, jedno serce\u201d najm\u0142odsi uczniowie stoj\u0105 przy mikrofonach, a obok starsi uczniowie czytaj\u0105 teksty i graj\u0105 na akordeonach.\" \/><\/a>\n\t\t\t<\/dt><\/dl><dl class='gallery-item'>\n\t\t\t<dt class='gallery-icon landscape'>\n\t\t\t\t<a href='https:\/\/sp1lubomierz.pl\/wp-content\/uploads\/2026\/01\/DSCN1644-scaled.jpg'><img loading=\"lazy\" decoding=\"async\" width=\"150\" height=\"150\" src=\"https:\/\/sp1lubomierz.pl\/wp-content\/uploads\/2026\/01\/DSCN1644-150x150.jpg\" class=\"attachment-thumbnail size-thumbnail\" alt=\"Wyst\u0119p bo\u017conarodzeniowy w sali gimnastycznej. Grupa uczennic w z\u0142oto-czerwonych strojach tanecznych prezentuje uk\u0142ad z du\u017cymi rekwizytami w kszta\u0142cie serc, a w tle pozostali uczniowie w strojach ludowych \u015bpiewaj\u0105 i graj\u0105 na instrumentach przy \u015bwi\u0105tecznej dekoracji z szopk\u0105 i choinkami.\" \/><\/a>\n\t\t\t<\/dt><\/dl><br style=\"clear: both\" \/><dl class='gallery-item'>\n\t\t\t<dt class='gallery-icon landscape'>\n\t\t\t\t<a href='https:\/\/sp1lubomierz.pl\/wp-content\/uploads\/2026\/01\/DSCN1652-scaled.jpg'><img loading=\"lazy\" decoding=\"async\" width=\"150\" height=\"150\" src=\"https:\/\/sp1lubomierz.pl\/wp-content\/uploads\/2026\/01\/DSCN1652-150x150.jpg\" class=\"attachment-thumbnail size-thumbnail\" alt=\"Uczniowie wyst\u0119puj\u0105 na szkolnej scenie podczas uroczysto\u015bci bo\u017conarodzeniowej. Dzieci w tradycyjnych strojach ludowych graj\u0105 na instrumentach, m.in. skrzypcach, wiolonczeli i akordeonach, na tle zimowej dekoracji z choinkami i \u015bwi\u0105teczn\u0105 sceneri\u0105.\" \/><\/a>\n\t\t\t<\/dt><\/dl><dl class='gallery-item'>\n\t\t\t<dt class='gallery-icon landscape'>\n\t\t\t\t<a href='https:\/\/sp1lubomierz.pl\/wp-content\/uploads\/2026\/01\/DSCN1654-scaled.jpg'><img loading=\"lazy\" decoding=\"async\" width=\"150\" height=\"150\" src=\"https:\/\/sp1lubomierz.pl\/wp-content\/uploads\/2026\/01\/DSCN1654-150x150.jpg\" class=\"attachment-thumbnail size-thumbnail\" alt=\"Wsp\u00f3lny wyst\u0119p uczni\u00f3w w sali gimnastycznej podczas szkolnej uroczysto\u015bci bo\u017conarodzeniowej. Dzieci w galowych strojach stoj\u0105 w d\u0142ugim rz\u0119dzie i \u015bpiewaj\u0105 kol\u0119dy na tle \u015bwi\u0105tecznej dekoracji z szopk\u0105, choinkami i napisem \u201eR\u00f3\u017cne \u015bwiaty, jedno serce\u201d.\" \/><\/a>\n\t\t\t<\/dt><\/dl><dl class='gallery-item'>\n\t\t\t<dt class='gallery-icon landscape'>\n\t\t\t\t<a href='https:\/\/sp1lubomierz.pl\/wp-content\/uploads\/2026\/01\/DSCN1663-scaled.jpg'><img loading=\"lazy\" decoding=\"async\" width=\"150\" height=\"150\" src=\"https:\/\/sp1lubomierz.pl\/wp-content\/uploads\/2026\/01\/DSCN1663-150x150.jpg\" class=\"attachment-thumbnail size-thumbnail\" alt=\"Dyrektorka szko\u0142y przemawia do zgromadzonych podczas uroczysto\u015bci bo\u017conarodzeniowej w sali gimnastycznej. Stoi z mikrofonem na tle \u015bwi\u0105tecznej dekoracji z szopk\u0105, choinkami i napisem \u201eR\u00f3\u017cne \u015bwiaty, jedno serce\u201d.\" \/><\/a>\n\t\t\t<\/dt><\/dl><br style=\"clear: both\" \/><dl class='gallery-item'>\n\t\t\t<dt class='gallery-icon landscape'>\n\t\t\t\t<a href='https:\/\/sp1lubomierz.pl\/wp-content\/uploads\/2026\/01\/DSCN1666-scaled.jpg'><img loading=\"lazy\" decoding=\"async\" width=\"150\" height=\"150\" src=\"https:\/\/sp1lubomierz.pl\/wp-content\/uploads\/2026\/01\/DSCN1666-150x150.jpg\" class=\"attachment-thumbnail size-thumbnail\" alt=\"Duchowny przemawia do zgromadzonych podczas szkolnej uroczysto\u015bci bo\u017conarodzeniowej w sali gimnastycznej. Stoi z mikrofonem na tle \u015bwi\u0105tecznej dekoracji z szopk\u0105, choinkami i napisem \u201eR\u00f3\u017cne \u015bwi\u0105ty, jedno serce\u201d, a przed nim siedz\u0105 uczniowie w strojach galowych i ludowych.\" \/><\/a>\n\t\t\t<\/dt><\/dl>\n\t\t\t<br style='clear: both' \/>\n\t\t<\/div>\n\n","protected":false},"excerpt":{"rendered":"<p>\u201eDzi\u015b jest dzie\u0144 szczeg\u00f3lny, pe\u0142en ciep\u0142a, rado\u015bci i wzrusze\u0144\u2026\u201d. Tymi s\u0142owami rozpocz\u0119\u0142a si\u0119 tegoroczna uroczysto\u015b\u0107 z okazji Dnia Babci i Dziadka, kt\u00f3ra odby\u0142a si\u0119 22 stycznia 2026 r. Gospodyni\u0105 uroczysto\u015bci by\u0142a Pani Dyrektor Jadwiga Baran-Sto\u017cek, kt\u00f3ra z wielk\u0105 dba\u0142o\u015bci\u0105 czuwa\u0142a nad ka\u017cdym szczeg\u00f3\u0142em organizacji tego wyj\u0105tkowego dnia. To ona oficjalnie otworzy\u0142a spotkanie, kieruj\u0105c ciep\u0142e s\u0142owa [&hellip;]<\/p>\n","protected":false},"author":1,"featured_media":0,"comment_status":"closed","ping_status":"open","sticky":false,"template":"","format":"standard","meta":{"ngg_post_thumbnail":0,"footnotes":""},"categories":[1],"tags":[],"class_list":["post-49259","post","type-post","status-publish","format-standard","hentry","category-uncategorized"],"_links":{"self":[{"href":"https:\/\/sp1lubomierz.pl\/index.php?rest_route=\/wp\/v2\/posts\/49259","targetHints":{"allow":["GET"]}}],"collection":[{"href":"https:\/\/sp1lubomierz.pl\/index.php?rest_route=\/wp\/v2\/posts"}],"about":[{"href":"https:\/\/sp1lubomierz.pl\/index.php?rest_route=\/wp\/v2\/types\/post"}],"author":[{"embeddable":true,"href":"https:\/\/sp1lubomierz.pl\/index.php?rest_route=\/wp\/v2\/users\/1"}],"replies":[{"embeddable":true,"href":"https:\/\/sp1lubomierz.pl\/index.php?rest_route=%2Fwp%2Fv2%2Fcomments&post=49259"}],"version-history":[{"count":7,"href":"https:\/\/sp1lubomierz.pl\/index.php?rest_route=\/wp\/v2\/posts\/49259\/revisions"}],"predecessor-version":[{"id":49305,"href":"https:\/\/sp1lubomierz.pl\/index.php?rest_route=\/wp\/v2\/posts\/49259\/revisions\/49305"}],"wp:attachment":[{"href":"https:\/\/sp1lubomierz.pl\/index.php?rest_route=%2Fwp%2Fv2%2Fmedia&parent=49259"}],"wp:term":[{"taxonomy":"category","embeddable":true,"href":"https:\/\/sp1lubomierz.pl\/index.php?rest_route=%2Fwp%2Fv2%2Fcategories&post=49259"},{"taxonomy":"post_tag","embeddable":true,"href":"https:\/\/sp1lubomierz.pl\/index.php?rest_route=%2Fwp%2Fv2%2Ftags&post=49259"}],"curies":[{"name":"wp","href":"https:\/\/api.w.org\/{rel}","templated":true}]}}