{"id":49262,"date":"2026-01-23T19:42:50","date_gmt":"2026-01-23T18:42:50","guid":{"rendered":"https:\/\/sp1lubomierz.pl\/?p=49262"},"modified":"2026-01-23T20:18:02","modified_gmt":"2026-01-23T19:18:02","slug":"zebranie-z-rodzicami-7","status":"publish","type":"post","link":"https:\/\/sp1lubomierz.pl\/?p=49262","title":{"rendered":"Zebranie z Rodzicami"},"content":{"rendered":"\n\n\n<h2 style=\"text-align: center;\"><strong>Dyrektor Szko\u0142y informuje, \u017ce w dniu 28.01.2026 r. (tj. \u015broda)<\/strong><br><strong>o godz. 15.00 odb\u0119dzie si\u0119 zebranie z Rodzicami. <\/strong><br><strong>Serdecznie zapraszamy!<\/strong><\/h2>\n\n\n","protected":false},"excerpt":{"rendered":"<p>Dyrektor Szko\u0142y informuje, \u017ce w dniu 28.01.2026 r. (tj. \u015broda)o godz. 15.00 odb\u0119dzie si\u0119 zebranie z Rodzicami. Serdecznie zapraszamy!<\/p>\n","protected":false},"author":1,"featured_media":0,"comment_status":"closed","ping_status":"open","sticky":false,"template":"","format":"standard","meta":{"ngg_post_thumbnail":0,"footnotes":""},"categories":[1],"tags":[],"class_list":["post-49262","post","type-post","status-publish","format-standard","hentry","category-uncategorized"],"_links":{"self":[{"href":"https:\/\/sp1lubomierz.pl\/index.php?rest_route=\/wp\/v2\/posts\/49262","targetHints":{"allow":["GET"]}}],"collection":[{"href":"https:\/\/sp1lubomierz.pl\/index.php?rest_route=\/wp\/v2\/posts"}],"about":[{"href":"https:\/\/sp1lubomierz.pl\/index.php?rest_route=\/wp\/v2\/types\/post"}],"author":[{"embeddable":true,"href":"https:\/\/sp1lubomierz.pl\/index.php?rest_route=\/wp\/v2\/users\/1"}],"replies":[{"embeddable":true,"href":"https:\/\/sp1lubomierz.pl\/index.php?rest_route=%2Fwp%2Fv2%2Fcomments&post=49262"}],"version-history":[{"count":7,"href":"https:\/\/sp1lubomierz.pl\/index.php?rest_route=\/wp\/v2\/posts\/49262\/revisions"}],"predecessor-version":[{"id":49313,"href":"https:\/\/sp1lubomierz.pl\/index.php?rest_route=\/wp\/v2\/posts\/49262\/revisions\/49313"}],"wp:attachment":[{"href":"https:\/\/sp1lubomierz.pl\/index.php?rest_route=%2Fwp%2Fv2%2Fmedia&parent=49262"}],"wp:term":[{"taxonomy":"category","embeddable":true,"href":"https:\/\/sp1lubomierz.pl\/index.php?rest_route=%2Fwp%2Fv2%2Fcategories&post=49262"},{"taxonomy":"post_tag","embeddable":true,"href":"https:\/\/sp1lubomierz.pl\/index.php?rest_route=%2Fwp%2Fv2%2Ftags&post=49262"}],"curies":[{"name":"wp","href":"https:\/\/api.w.org\/{rel}","templated":true}]}}