{"id":49323,"date":"2026-01-26T16:15:27","date_gmt":"2026-01-26T15:15:27","guid":{"rendered":"https:\/\/sp1lubomierz.pl\/?p=49323"},"modified":"2026-01-26T16:15:27","modified_gmt":"2026-01-26T15:15:27","slug":"sukces-naszych-uczennic","status":"publish","type":"post","link":"https:\/\/sp1lubomierz.pl\/?p=49323","title":{"rendered":"Sukces naszych uczennic!"},"content":{"rendered":"<p><a href=\"http:\/\/sp1lubomierz.pl\/wp-content\/uploads\/2026\/01\/1377834b-58ab-4be0-835b-8d4aa3c04258.jpeg\"><img loading=\"lazy\" decoding=\"async\" class=\"alignleft size-thumbnail wp-image-49326\" src=\"http:\/\/sp1lubomierz.pl\/wp-content\/uploads\/2026\/01\/1377834b-58ab-4be0-835b-8d4aa3c04258-150x150.jpeg\" alt=\"Uczennica w tradycyjnym stroju regionalnym stoi obok doros\u0142ego m\u0119\u017cczyzny w marynarce. Dziewczynka trzyma dyplom za zaj\u0119cie II miejsca w konkursie \u201eEkologiczny Stroik Bo\u017conarodzeniowy\u201d. Oboje patrz\u0105 w stron\u0119 aparatu.\" width=\"150\" height=\"150\"><\/a>Z rado\u015bci\u0105 informujemy, \u017ce w konkursie \u201eEkologiczny Stroik Bo\u017conarodzeniowy\u201d organizowanym na terenie Powiatu Limanowskiego uczennice SP nr 1 w Lubomierzu odnios\u0142y pi\u0119kny sukces&nbsp;<br \/>\n&nbsp;-Zofia Ogiela zdoby\u0142a II miejsce<br \/>\n&nbsp;-Kinga Malarz otrzyma\u0142a wyr\u00f3\u017cnienie<br \/>\nSerdecznie gratulujemy dziewczynkom talentu, kreatywno\u015bci i zaanga\u017cowania! Jeste\u015bmy dumni z naszych uczni\u00f3w.<!--more--><\/p>\n<p>&nbsp;<\/p>\n<p style=\"text-align: right;\">red. Z. Wojtyczka<\/p>\n\n\t\t<style type=\"text\/css\">\n\t\t\t#gallery-1 {\n\t\t\t\tmargin: auto;\n\t\t\t}\n\t\t\t#gallery-1 .gallery-item {\n\t\t\t\tfloat: left;\n\t\t\t\tmargin-top: 10px;\n\t\t\t\ttext-align: center;\n\t\t\t\twidth: 33%;\n\t\t\t}\n\t\t\t#gallery-1 img {\n\t\t\t\tborder: 2px solid #cfcfcf;\n\t\t\t}\n\t\t\t#gallery-1 .gallery-caption {\n\t\t\t\tmargin-left: 0;\n\t\t\t}\n\t\t\t\/* see gallery_shortcode() in wp-includes\/media.php *\/\n\t\t<\/style>\n\t\t<div id='gallery-1' class='gallery galleryid-49323 gallery-columns-3 gallery-size-thumbnail'><dl class='gallery-item'>\n\t\t\t<dt class='gallery-icon portrait'>\n\t\t\t\t<a href='https:\/\/sp1lubomierz.pl\/wp-content\/uploads\/2026\/01\/1377834b-58ab-4be0-835b-8d4aa3c04258.jpeg'><img loading=\"lazy\" decoding=\"async\" width=\"150\" height=\"150\" src=\"https:\/\/sp1lubomierz.pl\/wp-content\/uploads\/2026\/01\/1377834b-58ab-4be0-835b-8d4aa3c04258-150x150.jpeg\" class=\"attachment-thumbnail size-thumbnail\" alt=\"Uczennica w tradycyjnym stroju regionalnym stoi obok doros\u0142ego m\u0119\u017cczyzny w marynarce. Dziewczynka trzyma dyplom za zaj\u0119cie II miejsca w konkursie \u201eEkologiczny Stroik Bo\u017conarodzeniowy\u201d. Oboje patrz\u0105 w stron\u0119 aparatu.\" \/><\/a>\n\t\t\t<\/dt><\/dl><dl class='gallery-item'>\n\t\t\t<dt class='gallery-icon portrait'>\n\t\t\t\t<a href='https:\/\/sp1lubomierz.pl\/wp-content\/uploads\/2026\/01\/IMG_5707-1.jpeg'><img loading=\"lazy\" decoding=\"async\" width=\"150\" height=\"150\" src=\"https:\/\/sp1lubomierz.pl\/wp-content\/uploads\/2026\/01\/IMG_5707-1-150x150.jpeg\" class=\"attachment-thumbnail size-thumbnail\" alt=\"Uczennica szko\u0142y podstawowej stoi pomi\u0119dzy dwoma doros\u0142ymi m\u0119\u017cczyznami na tle baneru Powiatu Limanowskiego. Dziewczynka trzyma dyplom oraz torb\u0119 z logo powiatu. Wszyscy pozuj\u0105 do pami\u0105tkowego zdj\u0119cia po wr\u0119czeniu nagrody.\" \/><\/a>\n\t\t\t<\/dt><\/dl><dl class='gallery-item'>\n\t\t\t<dt class='gallery-icon portrait'>\n\t\t\t\t<a href='https:\/\/sp1lubomierz.pl\/wp-content\/uploads\/2026\/01\/IMG_5700-scaled.jpeg'><img loading=\"lazy\" decoding=\"async\" width=\"150\" height=\"150\" src=\"https:\/\/sp1lubomierz.pl\/wp-content\/uploads\/2026\/01\/IMG_5700-150x150.jpeg\" class=\"attachment-thumbnail size-thumbnail\" alt=\"Grupa uczni\u00f3w szko\u0142y podstawowej stoi w sali lekcyjnej, ustawiona w dw\u00f3ch rz\u0119dach. Dzieci pozuj\u0105 do wsp\u00f3lnego zdj\u0119cia, ubrane w codzienne stroje. W\u015br\u00f3d nich znajduj\u0105 si\u0119 laureatki konkursu ekologicznego.\" \/><\/a>\n\t\t\t<\/dt><\/dl><br style=\"clear: both\" \/>\n\t\t<\/div>\n\n<p>&nbsp;<\/p>\n","protected":false},"excerpt":{"rendered":"<p>Z rado\u015bci\u0105 informujemy, \u017ce w konkursie \u201eEkologiczny Stroik Bo\u017conarodzeniowy\u201d organizowanym na terenie Powiatu Limanowskiego uczennice SP nr 1 w Lubomierzu odnios\u0142y pi\u0119kny sukces&nbsp; &nbsp;-Zofia Ogiela zdoby\u0142a II miejsce &nbsp;-Kinga Malarz otrzyma\u0142a wyr\u00f3\u017cnienie Serdecznie gratulujemy dziewczynkom talentu, kreatywno\u015bci i zaanga\u017cowania! Jeste\u015bmy dumni z naszych uczni\u00f3w.<\/p>\n","protected":false},"author":1,"featured_media":0,"comment_status":"closed","ping_status":"open","sticky":false,"template":"","format":"standard","meta":{"ngg_post_thumbnail":0,"footnotes":""},"categories":[1],"tags":[],"class_list":["post-49323","post","type-post","status-publish","format-standard","hentry","category-uncategorized"],"_links":{"self":[{"href":"https:\/\/sp1lubomierz.pl\/index.php?rest_route=\/wp\/v2\/posts\/49323","targetHints":{"allow":["GET"]}}],"collection":[{"href":"https:\/\/sp1lubomierz.pl\/index.php?rest_route=\/wp\/v2\/posts"}],"about":[{"href":"https:\/\/sp1lubomierz.pl\/index.php?rest_route=\/wp\/v2\/types\/post"}],"author":[{"embeddable":true,"href":"https:\/\/sp1lubomierz.pl\/index.php?rest_route=\/wp\/v2\/users\/1"}],"replies":[{"embeddable":true,"href":"https:\/\/sp1lubomierz.pl\/index.php?rest_route=%2Fwp%2Fv2%2Fcomments&post=49323"}],"version-history":[{"count":1,"href":"https:\/\/sp1lubomierz.pl\/index.php?rest_route=\/wp\/v2\/posts\/49323\/revisions"}],"predecessor-version":[{"id":49327,"href":"https:\/\/sp1lubomierz.pl\/index.php?rest_route=\/wp\/v2\/posts\/49323\/revisions\/49327"}],"wp:attachment":[{"href":"https:\/\/sp1lubomierz.pl\/index.php?rest_route=%2Fwp%2Fv2%2Fmedia&parent=49323"}],"wp:term":[{"taxonomy":"category","embeddable":true,"href":"https:\/\/sp1lubomierz.pl\/index.php?rest_route=%2Fwp%2Fv2%2Fcategories&post=49323"},{"taxonomy":"post_tag","embeddable":true,"href":"https:\/\/sp1lubomierz.pl\/index.php?rest_route=%2Fwp%2Fv2%2Ftags&post=49323"}],"curies":[{"name":"wp","href":"https:\/\/api.w.org\/{rel}","templated":true}]}}