{"id":49429,"date":"2026-03-04T10:01:21","date_gmt":"2026-03-04T09:01:21","guid":{"rendered":"https:\/\/sp1lubomierz.pl\/?p=49429"},"modified":"2026-03-04T10:01:21","modified_gmt":"2026-03-04T09:01:21","slug":"gwara-pasja-i-tradycja-podsumowanie-szkolengo-etapu-konkursu-goralskie-cytanie","status":"publish","type":"post","link":"https:\/\/sp1lubomierz.pl\/?p=49429","title":{"rendered":"Gwara, Pasja i Tradycja: PODSUMOWANIE SZKOLENGO ETAPU KONKURSU \u201eG\u00d3RALSKIE CYTANIE\u201d"},"content":{"rendered":"\n<p><a href=\"http:\/\/sp1lubomierz.pl\/wp-content\/uploads\/2026\/03\/goralskie_cytanie_wyniki-scaled.jpg\"><img loading=\"lazy\" decoding=\"async\" class=\"alignleft size-thumbnail wp-image-49430\" src=\"http:\/\/sp1lubomierz.pl\/wp-content\/uploads\/2026\/03\/goralskie_cytanie_wyniki-150x150.jpg\" alt=\"Wyniki szkolnego konkursu \u201eG\u00f3ralskie Cytanie\u201d \u2013 lista laureat\u00f3w cz\u0119\u015bci czytelniczej i plastycznej oraz uczni\u00f3w zakwalifikowanych do etapu wojew\u00f3dzkiego.\" width=\"150\" height=\"150\"><\/a>W murach naszej szko\u0142y wybrzmia\u0142y echa dawnych opowie\u015bci i zag\u00f3rza\u0144skiej mowy! Za nami szkolny etap konkursu <strong>\u201eG\u00f3ralskie Cytanie\u201d<\/strong>, kt\u00f3ry w tym roku by\u0142 elementem realizowanej w naszej szkole innowacji artystycznej \u201eKorzenie i skrzyd\u0142a\u201d, \u0142\u0105cz\u0105cej szacunek do tradycji przodk\u00f3w z rozwijaniem skrzyde\u0142 dzieci\u0119cej kreatywno\u015bci.<!--more--><strong>Mistrzowie S\u0142owa: Cz\u0119\u015b\u0107 Czytelnicza<br><\/strong>Zmagania z tekstem odby\u0142y si\u0119 19 lutego 2026 r. Uczniowie mierzyli si\u0119 z bogatym dorobkiem \u201eZag\u00f3rza\u0144skiej czytanki\u201d, udowadniaj\u0105c, \u017ce gwara jest wci\u0105\u017c \u017cywa i bliska ich sercom.<\/p>\n<p><strong>Wyobra\u017ania Malowana Gwar\u0105: Cz\u0119\u015b\u0107 Plastyczna<br><\/strong>W ramach innowacji \u201eKorzenie i skrzyd\u0142a\u201d niezwykle wa\u017cna by\u0142a cz\u0119\u015b\u0107 plastyczna, kt\u00f3rej fina\u0142 nast\u0105pi\u0142 27 lutego. Uczniowie przelali na papier swoje wizje zag\u00f3rza\u0144skiego \u015bwiata. Dowolno\u015b\u0107 technik pozwoli\u0142a na prawdziwy wybuch artystycznej ekspresji \u2013 od klasycznych rysunk\u00f3w po z\u0142o\u017cone prace malarskie, inspirowane wybranymi opowiadaniami.<\/p>\n<p>Wszyscy uczestnicy w\u0142o\u017cyli ogrom pracy w przygotowanie si\u0119 do konkursu, za co zostali docenieni. Nagrody dla wszystkich uczestnik\u00f3w zosta\u0142y zakupione przez organizatork\u0119 konkursu. Serdeczne podzi\u0119kowania kieruj\u0119 w stron\u0119 pa\u0144 nauczycielek: Katarzyny Aksamit, Doroty Wcis\u0142o, Ewy Drabik oraz Krystyny Kolawy, kt\u00f3re pracowa\u0142y w komisjach konkursowych. Ich rzetelna ocena oraz pomoc w merytorycznej weryfikacji umiej\u0119tno\u015bci czytelniczych i prac plastycznych by\u0142y nieocenione dla sprawnego przebiegu konkursu.<\/p>\n<p>\u201eDzi\u0119ki innowacji 'Korzenie i skrzyd\u0142a&#8217;, tegoroczne G\u00f3ralskie Cytanie sta\u0142o si\u0119 nie tylko konkursem, ale prawdziwym \u015bwi\u0119tem naszej lokalnej kultury, \u0142\u0105cz\u0105cym pokolenia poprzez s\u0142owo i obraz.\u201d<\/p>\n<p><strong>Reprezentanci szko\u0142y na etapie wojew\u00f3dzkim (\u0141ost\u00f3wka-19 marca 2026r.):<\/strong><\/p>\n<p><strong>Cz\u0119\u015b\u0107 czytelnicza:<br><\/strong>Anna Kowalczyk i Jakub Lach (I-III)<br>Marcin Szczepaniak i Filip Jarosik (IV-VI)<br>Pawe\u0142 Jarosik (VII-VIII)<\/p>\n<p><strong>Cz\u0119\u015b\u0107 plastyczna:<br><\/strong>Kornelia Kuczaj i Karina Rusnak (I-III)<br>Antoni Kuczaj i Anabella Kuczaj (IV-VI)<br>Szymon Obajtek i Anna Cengiz (VII-VIII)<br>Wszystkim laureatom serdecznie gratulujemy i \u017cyczymy powodzenia w reprezentowaniu naszej szko\u0142y w kolejnym etapie konkursu!<\/p>\n<p style=\"text-align: right;\">red. organizatorka szkolnego etapu konkursu<\/p>\n\n\t\t<style type=\"text\/css\">\n\t\t\t#gallery-1 {\n\t\t\t\tmargin: auto;\n\t\t\t}\n\t\t\t#gallery-1 .gallery-item {\n\t\t\t\tfloat: left;\n\t\t\t\tmargin-top: 10px;\n\t\t\t\ttext-align: center;\n\t\t\t\twidth: 33%;\n\t\t\t}\n\t\t\t#gallery-1 img {\n\t\t\t\tborder: 2px solid #cfcfcf;\n\t\t\t}\n\t\t\t#gallery-1 .gallery-caption {\n\t\t\t\tmargin-left: 0;\n\t\t\t}\n\t\t\t\/* see gallery_shortcode() in wp-includes\/media.php *\/\n\t\t<\/style>\n\t\t<div id='gallery-1' class='gallery galleryid-49429 gallery-columns-3 gallery-size-thumbnail'><dl class='gallery-item'>\n\t\t\t<dt class='gallery-icon landscape'>\n\t\t\t\t<a href='https:\/\/sp1lubomierz.pl\/wp-content\/uploads\/2026\/03\/IMG_7950-scaled.jpeg'><img loading=\"lazy\" decoding=\"async\" width=\"150\" height=\"150\" src=\"https:\/\/sp1lubomierz.pl\/wp-content\/uploads\/2026\/03\/IMG_7950-150x150.jpeg\" class=\"attachment-thumbnail size-thumbnail\" alt=\"Troje uczni\u00f3w prezentuje dyplomy oraz nagrody zdobyte w cz\u0119\u015bci czytelniczej konkursu \u201eG\u00f3ralskie Cytanie\u201d. Zdj\u0119cie wykonano w szkolnej sali na tle kolorowych szafek.\" \/><\/a>\n\t\t\t<\/dt><\/dl><dl class='gallery-item'>\n\t\t\t<dt class='gallery-icon landscape'>\n\t\t\t\t<a href='https:\/\/sp1lubomierz.pl\/wp-content\/uploads\/2026\/03\/IMG_8007-scaled.jpeg'><img loading=\"lazy\" decoding=\"async\" width=\"150\" height=\"150\" src=\"https:\/\/sp1lubomierz.pl\/wp-content\/uploads\/2026\/03\/IMG_8007-150x150.jpeg\" class=\"attachment-thumbnail size-thumbnail\" alt=\"Uczennice z m\u0142odszych klas stoj\u0105 w szkolnej sali na tle kolorowej ilustracji z postaciami z bajki. Niekt\u00f3re z nich trzymaj\u0105 dyplomy i nagrody zdobyte w konkursie \u201eG\u00f3ralskie Cytanie\u201d.\" \/><\/a>\n\t\t\t<\/dt><\/dl><dl class='gallery-item'>\n\t\t\t<dt class='gallery-icon landscape'>\n\t\t\t\t<a href='https:\/\/sp1lubomierz.pl\/wp-content\/uploads\/2026\/03\/IMG_8012-scaled.jpeg'><img loading=\"lazy\" decoding=\"async\" width=\"150\" height=\"150\" src=\"https:\/\/sp1lubomierz.pl\/wp-content\/uploads\/2026\/03\/IMG_8012-150x150.jpeg\" class=\"attachment-thumbnail size-thumbnail\" alt=\"Troje uczni\u00f3w prezentuje dyplomy i nagrody zdobyte w cz\u0119\u015bci plastycznej konkursu \u201eG\u00f3ralskie Cytanie\u201d. Uczniowie stoj\u0105 przed kolorowymi szafkami w szkolnej sali.\" \/><\/a>\n\t\t\t<\/dt><\/dl><br style=\"clear: both\" \/><dl class='gallery-item'>\n\t\t\t<dt class='gallery-icon portrait'>\n\t\t\t\t<a href='https:\/\/sp1lubomierz.pl\/wp-content\/uploads\/2026\/03\/IMG_8015-scaled.jpeg'><img loading=\"lazy\" decoding=\"async\" width=\"150\" height=\"150\" src=\"https:\/\/sp1lubomierz.pl\/wp-content\/uploads\/2026\/03\/IMG_8015-150x150.jpeg\" class=\"attachment-thumbnail size-thumbnail\" alt=\"Dwoje uczni\u00f3w stoi w szkolnej sali przed kolorowymi szafkami i trzyma dyplomy oraz nagrody zdobyte w szkolnym etapie konkursu \u201eG\u00f3ralskie Cytanie\u201d. W tle widoczne s\u0105 p\u00f3\u0142ki z pomocami dydaktycznymi.\" \/><\/a>\n\t\t\t<\/dt><\/dl><dl class='gallery-item'>\n\t\t\t<dt class='gallery-icon landscape'>\n\t\t\t\t<a href='https:\/\/sp1lubomierz.pl\/wp-content\/uploads\/2026\/03\/IMG_8011-scaled.jpeg'><img loading=\"lazy\" decoding=\"async\" width=\"150\" height=\"150\" src=\"https:\/\/sp1lubomierz.pl\/wp-content\/uploads\/2026\/03\/IMG_8011-150x150.jpeg\" class=\"attachment-thumbnail size-thumbnail\" alt=\"Grupa uczni\u00f3w uczestnicz\u0105cych w szkolnym etapie konkursu \u201eG\u00f3ralskie Cytanie\u201d stoi w sali lekcyjnej. W tle widoczne s\u0105 p\u00f3\u0142ki z pomocami dydaktycznymi oraz umywalka.\" \/><\/a>\n\t\t\t<\/dt><\/dl><dl class='gallery-item'>\n\t\t\t<dt class='gallery-icon portrait'>\n\t\t\t\t<a href='https:\/\/sp1lubomierz.pl\/wp-content\/uploads\/2026\/03\/goralskie_cytanie_wyniki-scaled.jpg'><img loading=\"lazy\" decoding=\"async\" width=\"150\" height=\"150\" src=\"https:\/\/sp1lubomierz.pl\/wp-content\/uploads\/2026\/03\/goralskie_cytanie_wyniki-150x150.jpg\" class=\"attachment-thumbnail size-thumbnail\" alt=\"Grafika przedstawia wyniki szkolnego etapu konkursu \u201eG\u00f3ralskie Cytanie\u201d. W cz\u0119\u015bci czytelniczej w kategorii klas IV\u2013VI pierwsze miejsce zdoby\u0142 Marcin Szczepaniak, drugie Filip Jarosik, a trzecie Justyna Kolibabka. W cz\u0119\u015bci plastycznej w kategorii klas I\u2013III pierwsze miejsce zaj\u0119\u0142a Kornelia Kuczaj, drugie Karina Rusnak, a trzecie Nikola Kacik i Jakub Lach. W kategorii klas IV\u2013VI pierwsze miejsce zdoby\u0142 Antoni Kuczaj, drugie Anabella Kuczaj, a trzecie Sebastian Foks. W kategorii klas VII\u2013VIII pierwsze miejsce zaj\u0105\u0142 Szymon Obajtek, drugie Anna Cengiz, a trzecie Jan Dawiec. Grafika zawiera tak\u017ce list\u0119 reprezentant\u00f3w szko\u0142y zakwalifikowanych do etapu wojew\u00f3dzkiego konkursu w \u0141ost\u00f3wce, kt\u00f3ry odb\u0119dzie si\u0119 19 marca 2026 roku. W dolnej cz\u0119\u015bci ilustracji widoczny jest rysunek dzieci w strojach g\u00f3ralskich czytaj\u0105cych ksi\u0105\u017cki na tle g\u00f3rskiego krajobrazu.\" \/><\/a>\n\t\t\t<\/dt><\/dl><br style=\"clear: both\" \/>\n\t\t<\/div>\n\n","protected":false},"excerpt":{"rendered":"<p>W murach naszej szko\u0142y wybrzmia\u0142y echa dawnych opowie\u015bci i zag\u00f3rza\u0144skiej mowy! Za nami szkolny etap konkursu \u201eG\u00f3ralskie Cytanie\u201d, kt\u00f3ry w tym roku by\u0142 elementem realizowanej w naszej szkole innowacji artystycznej \u201eKorzenie i skrzyd\u0142a\u201d, \u0142\u0105cz\u0105cej szacunek do tradycji przodk\u00f3w z rozwijaniem skrzyde\u0142 dzieci\u0119cej kreatywno\u015bci.<\/p>\n","protected":false},"author":1,"featured_media":0,"comment_status":"closed","ping_status":"open","sticky":false,"template":"","format":"standard","meta":{"ngg_post_thumbnail":0,"footnotes":""},"categories":[1],"tags":[],"class_list":["post-49429","post","type-post","status-publish","format-standard","hentry","category-uncategorized"],"_links":{"self":[{"href":"https:\/\/sp1lubomierz.pl\/index.php?rest_route=\/wp\/v2\/posts\/49429","targetHints":{"allow":["GET"]}}],"collection":[{"href":"https:\/\/sp1lubomierz.pl\/index.php?rest_route=\/wp\/v2\/posts"}],"about":[{"href":"https:\/\/sp1lubomierz.pl\/index.php?rest_route=\/wp\/v2\/types\/post"}],"author":[{"embeddable":true,"href":"https:\/\/sp1lubomierz.pl\/index.php?rest_route=\/wp\/v2\/users\/1"}],"replies":[{"embeddable":true,"href":"https:\/\/sp1lubomierz.pl\/index.php?rest_route=%2Fwp%2Fv2%2Fcomments&post=49429"}],"version-history":[{"count":1,"href":"https:\/\/sp1lubomierz.pl\/index.php?rest_route=\/wp\/v2\/posts\/49429\/revisions"}],"predecessor-version":[{"id":49436,"href":"https:\/\/sp1lubomierz.pl\/index.php?rest_route=\/wp\/v2\/posts\/49429\/revisions\/49436"}],"wp:attachment":[{"href":"https:\/\/sp1lubomierz.pl\/index.php?rest_route=%2Fwp%2Fv2%2Fmedia&parent=49429"}],"wp:term":[{"taxonomy":"category","embeddable":true,"href":"https:\/\/sp1lubomierz.pl\/index.php?rest_route=%2Fwp%2Fv2%2Fcategories&post=49429"},{"taxonomy":"post_tag","embeddable":true,"href":"https:\/\/sp1lubomierz.pl\/index.php?rest_route=%2Fwp%2Fv2%2Ftags&post=49429"}],"curies":[{"name":"wp","href":"https:\/\/api.w.org\/{rel}","templated":true}]}}