{"id":49442,"date":"2026-03-05T10:38:23","date_gmt":"2026-03-05T09:38:23","guid":{"rendered":"https:\/\/sp1lubomierz.pl\/?p=49442"},"modified":"2026-03-05T10:38:23","modified_gmt":"2026-03-05T09:38:23","slug":"rozwijamy-cyfrowa-edukacje-nasza-szkola-w-projekcie-wojewodzkim","status":"publish","type":"post","link":"https:\/\/sp1lubomierz.pl\/?p=49442","title":{"rendered":"Rozwijamy cyfrow\u0105 edukacj\u0119 \u2013 nasza szko\u0142a w projekcie wojew\u00f3dzkim!"},"content":{"rendered":"<p><a href=\"http:\/\/sp1lubomierz.pl\/wp-content\/uploads\/2026\/03\/b64c4118-8785-4cff-9231-2d7df5ee6589.jpg\"><img loading=\"lazy\" decoding=\"async\" class=\"alignleft size-thumbnail wp-image-49443\" src=\"http:\/\/sp1lubomierz.pl\/wp-content\/uploads\/2026\/03\/b64c4118-8785-4cff-9231-2d7df5ee6589-150x150.jpg\" alt=\"Baner informacyjny dotycz\u0105cy projektu \u201eMa\u0142opolski system wspierania transformacji cyfrowej szk\u00f3\u0142\u201d. Na g\u00f3rze znajduj\u0105 si\u0119 logotypy: Fundusze Europejskie dla Ma\u0142opolski, Rzeczpospolita Polska, Unia Europejska oraz Ma\u0142opolska. W centralnej cz\u0119\u015bci widnieje du\u017cy niebieski tytu\u0142 projektu. Pod nim znajduje si\u0119 informacja, \u017ce projekt jest finansowany w ramach programu Fundusze Europejskie dla Ma\u0142opolski 2021\u20132027, Priorytet 6 \u2013 Fundusze Europejskie dla rynku pracy, edukacji i w\u0142\u0105czenia spo\u0142ecznego, dzia\u0142anie 6.35 Transformacja cyfrowa szk\u00f3\u0142. Na dole grafiki widnieje napis: \u201eOperacja o znaczeniu strategicznym dla Ma\u0142opolski\u201d. W lewym dolnym rogu znajduje si\u0119 logo MCDN (Ma\u0142opolskie Centrum Doskonalenia Nauczycieli), a po prawej stronie kolorowe elementy graficzne nawi\u0105zuj\u0105ce do transformacji cyfrowej.\" width=\"150\" height=\"150\"><\/a>Rozwijamy cyfrow\u0105 edukacj\u0119 \u2013 nasza szko\u0142a w projekcie wojew\u00f3dzkim! &nbsp;Z przyjemno\u015bci\u0105 informujemy, \u017ce nasza szko\u0142a bierze udzia\u0142 w projekcie \u201eMa\u0142opolski system wspierania transformacji cyfrowej szk\u00f3\u0142\u201d, realizowanym w ramach programu Fundusze Europejskie dla Ma\u0142opolski 2021\u20132027. Projekt b\u0119dzie realizowany w latach 2025\/2026 oraz 2026\/2027 i ma na celu wspieranie szk\u00f3\u0142 w rozwijaniu kompetencji cyfrowych uczni\u00f3w i nauczycieli, a tak\u017ce w nowoczesnym wykorzystywaniu technologii w procesie nauczania. <!--more-->Udzia\u0142 w projekcie umo\u017cliwi naszej spo\u0142eczno\u015bci szkolnej korzystanie z nowych narz\u0119dzi edukacyjnych, udzia\u0142 w szkoleniach oraz wdra\u017canie innowacyjnych rozwi\u0105za\u0144 cyfrowych w edukacji. Cieszymy si\u0119, \u017ce mo\u017cemy by\u0107 cz\u0119\u015bci\u0105 tej wa\u017cnej inicjatywy dla rozwoju edukacji w Ma\u0142opolsce!&nbsp;<\/p>\n<p style=\"text-align: right;\">red. N. Kuziel<\/p>\n","protected":false},"excerpt":{"rendered":"<p>Rozwijamy cyfrow\u0105 edukacj\u0119 \u2013 nasza szko\u0142a w projekcie wojew\u00f3dzkim! &nbsp;Z przyjemno\u015bci\u0105 informujemy, \u017ce nasza szko\u0142a bierze udzia\u0142 w projekcie \u201eMa\u0142opolski system wspierania transformacji cyfrowej szk\u00f3\u0142\u201d, realizowanym w ramach programu Fundusze Europejskie dla Ma\u0142opolski 2021\u20132027. Projekt b\u0119dzie realizowany w latach 2025\/2026 oraz 2026\/2027 i ma na celu wspieranie szk\u00f3\u0142 w rozwijaniu kompetencji cyfrowych uczni\u00f3w i nauczycieli, [&hellip;]<\/p>\n","protected":false},"author":1,"featured_media":0,"comment_status":"closed","ping_status":"open","sticky":false,"template":"","format":"standard","meta":{"ngg_post_thumbnail":0,"footnotes":""},"categories":[1],"tags":[],"class_list":["post-49442","post","type-post","status-publish","format-standard","hentry","category-uncategorized"],"_links":{"self":[{"href":"https:\/\/sp1lubomierz.pl\/index.php?rest_route=\/wp\/v2\/posts\/49442","targetHints":{"allow":["GET"]}}],"collection":[{"href":"https:\/\/sp1lubomierz.pl\/index.php?rest_route=\/wp\/v2\/posts"}],"about":[{"href":"https:\/\/sp1lubomierz.pl\/index.php?rest_route=\/wp\/v2\/types\/post"}],"author":[{"embeddable":true,"href":"https:\/\/sp1lubomierz.pl\/index.php?rest_route=\/wp\/v2\/users\/1"}],"replies":[{"embeddable":true,"href":"https:\/\/sp1lubomierz.pl\/index.php?rest_route=%2Fwp%2Fv2%2Fcomments&post=49442"}],"version-history":[{"count":1,"href":"https:\/\/sp1lubomierz.pl\/index.php?rest_route=\/wp\/v2\/posts\/49442\/revisions"}],"predecessor-version":[{"id":49444,"href":"https:\/\/sp1lubomierz.pl\/index.php?rest_route=\/wp\/v2\/posts\/49442\/revisions\/49444"}],"wp:attachment":[{"href":"https:\/\/sp1lubomierz.pl\/index.php?rest_route=%2Fwp%2Fv2%2Fmedia&parent=49442"}],"wp:term":[{"taxonomy":"category","embeddable":true,"href":"https:\/\/sp1lubomierz.pl\/index.php?rest_route=%2Fwp%2Fv2%2Fcategories&post=49442"},{"taxonomy":"post_tag","embeddable":true,"href":"https:\/\/sp1lubomierz.pl\/index.php?rest_route=%2Fwp%2Fv2%2Ftags&post=49442"}],"curies":[{"name":"wp","href":"https:\/\/api.w.org\/{rel}","templated":true}]}}