{"id":49448,"date":"2026-03-06T08:23:59","date_gmt":"2026-03-06T07:23:59","guid":{"rendered":"https:\/\/sp1lubomierz.pl\/?p=49448"},"modified":"2026-03-06T08:23:59","modified_gmt":"2026-03-06T07:23:59","slug":"komunikat-dyrektora-szkoly-w-sprawie-wynikow-rekrutacji-4","status":"publish","type":"post","link":"https:\/\/sp1lubomierz.pl\/?p=49448","title":{"rendered":"Komunikat Dyrektora Szko\u0142y w\u00a0sprawie wynik\u00f3w rekrutacji"},"content":{"rendered":"\n<p><a href=\"http:\/\/sp1lubomierz.pl\/wp-content\/uploads\/2026\/03\/Zrzut-ekranu-2026-03-06-082055.png\"><img loading=\"lazy\" decoding=\"async\" class=\"aligncenter size-full wp-image-49449\" src=\"http:\/\/sp1lubomierz.pl\/wp-content\/uploads\/2026\/03\/Zrzut-ekranu-2026-03-06-082055.png\" alt=\"Skan oficjalnego komunikatu Szko\u0142y Podstawowej nr 1 im. \u015bw. J\u00f3zefa w Lubomierzu z dnia 5 marca 2026 r. Informacja od dyrektora szko\u0142y, \u017ce wszystkie dzieci, kt\u00f3rych rodzice z\u0142o\u017cyli wnioski w rekrutacji na rok szkolny 2026\/2027, zosta\u0142y przyj\u0119te do oddzia\u0142\u00f3w przedszkolnych oraz do klasy pierwszej. Na dole widoczny podpis dyrektora.\" width=\"1024\" height=\"685\" srcset=\"https:\/\/sp1lubomierz.pl\/wp-content\/uploads\/2026\/03\/Zrzut-ekranu-2026-03-06-082055.png 1024w, https:\/\/sp1lubomierz.pl\/wp-content\/uploads\/2026\/03\/Zrzut-ekranu-2026-03-06-082055-300x201.png 300w, https:\/\/sp1lubomierz.pl\/wp-content\/uploads\/2026\/03\/Zrzut-ekranu-2026-03-06-082055-768x514.png 768w, https:\/\/sp1lubomierz.pl\/wp-content\/uploads\/2026\/03\/Zrzut-ekranu-2026-03-06-082055-344x230.png 344w\" sizes=\"auto, (max-width: 1024px) 100vw, 1024px\" \/><\/a><\/p>\n","protected":false},"excerpt":{"rendered":"","protected":false},"author":1,"featured_media":0,"comment_status":"closed","ping_status":"open","sticky":false,"template":"","format":"standard","meta":{"ngg_post_thumbnail":0,"footnotes":""},"categories":[1],"tags":[],"class_list":["post-49448","post","type-post","status-publish","format-standard","hentry","category-uncategorized"],"_links":{"self":[{"href":"https:\/\/sp1lubomierz.pl\/index.php?rest_route=\/wp\/v2\/posts\/49448","targetHints":{"allow":["GET"]}}],"collection":[{"href":"https:\/\/sp1lubomierz.pl\/index.php?rest_route=\/wp\/v2\/posts"}],"about":[{"href":"https:\/\/sp1lubomierz.pl\/index.php?rest_route=\/wp\/v2\/types\/post"}],"author":[{"embeddable":true,"href":"https:\/\/sp1lubomierz.pl\/index.php?rest_route=\/wp\/v2\/users\/1"}],"replies":[{"embeddable":true,"href":"https:\/\/sp1lubomierz.pl\/index.php?rest_route=%2Fwp%2Fv2%2Fcomments&post=49448"}],"version-history":[{"count":1,"href":"https:\/\/sp1lubomierz.pl\/index.php?rest_route=\/wp\/v2\/posts\/49448\/revisions"}],"predecessor-version":[{"id":49450,"href":"https:\/\/sp1lubomierz.pl\/index.php?rest_route=\/wp\/v2\/posts\/49448\/revisions\/49450"}],"wp:attachment":[{"href":"https:\/\/sp1lubomierz.pl\/index.php?rest_route=%2Fwp%2Fv2%2Fmedia&parent=49448"}],"wp:term":[{"taxonomy":"category","embeddable":true,"href":"https:\/\/sp1lubomierz.pl\/index.php?rest_route=%2Fwp%2Fv2%2Fcategories&post=49448"},{"taxonomy":"post_tag","embeddable":true,"href":"https:\/\/sp1lubomierz.pl\/index.php?rest_route=%2Fwp%2Fv2%2Ftags&post=49448"}],"curies":[{"name":"wp","href":"https:\/\/api.w.org\/{rel}","templated":true}]}}