{"id":49456,"date":"2026-03-07T22:07:39","date_gmt":"2026-03-07T21:07:39","guid":{"rendered":"https:\/\/sp1lubomierz.pl\/?p=49456"},"modified":"2026-03-07T22:07:39","modified_gmt":"2026-03-07T21:07:39","slug":"szkolny-konkurs-swiety-jozef-patron-mojej-szkoly","status":"publish","type":"post","link":"https:\/\/sp1lubomierz.pl\/?p=49456","title":{"rendered":"Szkolny Konkurs &#8222;\u015awi\u0119ty J\u00f3zef &#8211; Patron mojej szko\u0142y&#8221;"},"content":{"rendered":"\n<p style=\"text-align: center;\"><a href=\"http:\/\/sp1lubomierz.pl\/wp-content\/uploads\/2026\/03\/konkurs-prezentacja.jpg\"><img loading=\"lazy\" decoding=\"async\" class=\"aligncenter size-full wp-image-49457\" src=\"http:\/\/sp1lubomierz.pl\/wp-content\/uploads\/2026\/03\/konkurs-prezentacja.jpg\" alt=\"Plakat szkolnego konkursu na prezentacj\u0119 multimedialn\u0105 pod has\u0142em \u201e\u015awi\u0119ty J\u00f3zef \u2013 Patron mojej szko\u0142y\u201d. Konkurs przeznaczony jest dla uczni\u00f3w klas VI\u2013VIII i polega na przygotowaniu prezentacji o \u015bw. J\u00f3zefie. Prace w formacie .pptx nale\u017cy dostarczy\u0107 na pendrive do 24 marca 2026 roku do p. Natalii Kuziel. Na plakacie widoczna jest ilustracja \u015bw. J\u00f3zefa z Dzieci\u0105tkiem Jezus oraz grafiki zwi\u0105zane z prezentacj\u0105 multimedialn\u0105.\" width=\"1024\" height=\"1536\" srcset=\"https:\/\/sp1lubomierz.pl\/wp-content\/uploads\/2026\/03\/konkurs-prezentacja.jpg 1024w, https:\/\/sp1lubomierz.pl\/wp-content\/uploads\/2026\/03\/konkurs-prezentacja-200x300.jpg 200w, https:\/\/sp1lubomierz.pl\/wp-content\/uploads\/2026\/03\/konkurs-prezentacja-683x1024.jpg 683w, https:\/\/sp1lubomierz.pl\/wp-content\/uploads\/2026\/03\/konkurs-prezentacja-768x1152.jpg 768w, https:\/\/sp1lubomierz.pl\/wp-content\/uploads\/2026\/03\/konkurs-prezentacja-153x230.jpg 153w\" sizes=\"auto, (max-width: 1024px) 100vw, 1024px\" \/><\/a><strong><a href=\"http:\/\/sp1lubomierz.pl\/wp-content\/uploads\/2026\/03\/Regulamin-Szkolnego-Konkursu-Swiety-Jozef-Patron-mojej-szkoly.pdf\">Regulamin Szkolnego Konkursu \u015awi\u0119ty J\u00f3zef &#8211; Patron mojej szko\u0142y<\/a><\/strong><\/p>\n\n\n\n\n","protected":false},"excerpt":{"rendered":"<p>Regulamin Szkolnego Konkursu \u015awi\u0119ty J\u00f3zef &#8211; Patron mojej szko\u0142y<\/p>\n","protected":false},"author":1,"featured_media":0,"comment_status":"closed","ping_status":"open","sticky":false,"template":"","format":"standard","meta":{"ngg_post_thumbnail":0,"footnotes":""},"categories":[1],"tags":[],"class_list":["post-49456","post","type-post","status-publish","format-standard","hentry","category-uncategorized"],"_links":{"self":[{"href":"https:\/\/sp1lubomierz.pl\/index.php?rest_route=\/wp\/v2\/posts\/49456","targetHints":{"allow":["GET"]}}],"collection":[{"href":"https:\/\/sp1lubomierz.pl\/index.php?rest_route=\/wp\/v2\/posts"}],"about":[{"href":"https:\/\/sp1lubomierz.pl\/index.php?rest_route=\/wp\/v2\/types\/post"}],"author":[{"embeddable":true,"href":"https:\/\/sp1lubomierz.pl\/index.php?rest_route=\/wp\/v2\/users\/1"}],"replies":[{"embeddable":true,"href":"https:\/\/sp1lubomierz.pl\/index.php?rest_route=%2Fwp%2Fv2%2Fcomments&post=49456"}],"version-history":[{"count":1,"href":"https:\/\/sp1lubomierz.pl\/index.php?rest_route=\/wp\/v2\/posts\/49456\/revisions"}],"predecessor-version":[{"id":49459,"href":"https:\/\/sp1lubomierz.pl\/index.php?rest_route=\/wp\/v2\/posts\/49456\/revisions\/49459"}],"wp:attachment":[{"href":"https:\/\/sp1lubomierz.pl\/index.php?rest_route=%2Fwp%2Fv2%2Fmedia&parent=49456"}],"wp:term":[{"taxonomy":"category","embeddable":true,"href":"https:\/\/sp1lubomierz.pl\/index.php?rest_route=%2Fwp%2Fv2%2Fcategories&post=49456"},{"taxonomy":"post_tag","embeddable":true,"href":"https:\/\/sp1lubomierz.pl\/index.php?rest_route=%2Fwp%2Fv2%2Ftags&post=49456"}],"curies":[{"name":"wp","href":"https:\/\/api.w.org\/{rel}","templated":true}]}}