{"id":49465,"date":"2026-03-17T15:00:05","date_gmt":"2026-03-17T14:00:05","guid":{"rendered":"https:\/\/sp1lubomierz.pl\/?p=49465"},"modified":"2026-03-17T15:12:28","modified_gmt":"2026-03-17T14:12:28","slug":"rekolekcje-wielkopostne-5","status":"publish","type":"post","link":"https:\/\/sp1lubomierz.pl\/?p=49465","title":{"rendered":"Rekolekcje wielkopostne"},"content":{"rendered":"<p><a href=\"http:\/\/sp1lubomierz.pl\/wp-content\/uploads\/2026\/03\/a1b772a1-b7ce-4792-9382-dac553b8d153.jpg\"><img loading=\"lazy\" decoding=\"async\" class=\"aligncenter wp-image-49466 size-full\" src=\"http:\/\/sp1lubomierz.pl\/wp-content\/uploads\/2026\/03\/a1b772a1-b7ce-4792-9382-dac553b8d153.jpg\" alt=\"Plakat informacyjny o szkolnych rekolekcjach wielkopostnych w Szkole Podstawowej nr 1 w Lubomierzu im. \u015bw. J\u00f3zefa. Na tle krajobrazu g\u00f3rskiego widnieje harmonogram wydarzenia pod has\u0142em \u201eJeste\u015bmy uczniami \u2013 misjonarzami\u201d oraz motto \u201eNikt nie zbawia si\u0119 sam\u201d. Rekolekcje odbywaj\u0105 si\u0119 w dniach 18\u201320 marca 2026 roku. Podane s\u0105 szczeg\u00f3\u0142owe godziny spotka\u0144 dla dw\u00f3ch grup wiekowych (klasy 0\u2013III oraz IV\u2013VIII), a tak\u017ce informacja o Drodze Krzy\u017cowej i Mszy \u015bwi\u0119tej dla wszystkich uczni\u00f3w. Na dole plakatu znajduje si\u0119 informacja o rekolekcjoni\u015bcie \u2013 o. Pawle Gogoli. \" width=\"1024\" height=\"1536\" srcset=\"https:\/\/sp1lubomierz.pl\/wp-content\/uploads\/2026\/03\/a1b772a1-b7ce-4792-9382-dac553b8d153.jpg 1024w, https:\/\/sp1lubomierz.pl\/wp-content\/uploads\/2026\/03\/a1b772a1-b7ce-4792-9382-dac553b8d153-200x300.jpg 200w, https:\/\/sp1lubomierz.pl\/wp-content\/uploads\/2026\/03\/a1b772a1-b7ce-4792-9382-dac553b8d153-683x1024.jpg 683w, https:\/\/sp1lubomierz.pl\/wp-content\/uploads\/2026\/03\/a1b772a1-b7ce-4792-9382-dac553b8d153-768x1152.jpg 768w, https:\/\/sp1lubomierz.pl\/wp-content\/uploads\/2026\/03\/a1b772a1-b7ce-4792-9382-dac553b8d153-153x230.jpg 153w\" sizes=\"auto, (max-width: 1024px) 100vw, 1024px\" \/><\/a><\/p>\n\n\n<p><a href=\"https:\/\/sp1lubomierz.pl\/?p=48183\"><\/a><\/p>\n\n\n\n<p><a href=\"http:\/\/sp1lubomierz.pl\/wp-content\/uploads\/2025\/03\/812dc383-e9f2-42f1-a532-93fb8b8a43d6-1.jpg\"><\/a><\/p>\n","protected":false},"excerpt":{"rendered":"","protected":false},"author":1,"featured_media":0,"comment_status":"closed","ping_status":"open","sticky":false,"template":"","format":"standard","meta":{"ngg_post_thumbnail":0,"footnotes":""},"categories":[1],"tags":[],"class_list":["post-49465","post","type-post","status-publish","format-standard","hentry","category-uncategorized"],"_links":{"self":[{"href":"https:\/\/sp1lubomierz.pl\/index.php?rest_route=\/wp\/v2\/posts\/49465","targetHints":{"allow":["GET"]}}],"collection":[{"href":"https:\/\/sp1lubomierz.pl\/index.php?rest_route=\/wp\/v2\/posts"}],"about":[{"href":"https:\/\/sp1lubomierz.pl\/index.php?rest_route=\/wp\/v2\/types\/post"}],"author":[{"embeddable":true,"href":"https:\/\/sp1lubomierz.pl\/index.php?rest_route=\/wp\/v2\/users\/1"}],"replies":[{"embeddable":true,"href":"https:\/\/sp1lubomierz.pl\/index.php?rest_route=%2Fwp%2Fv2%2Fcomments&post=49465"}],"version-history":[{"count":2,"href":"https:\/\/sp1lubomierz.pl\/index.php?rest_route=\/wp\/v2\/posts\/49465\/revisions"}],"predecessor-version":[{"id":49468,"href":"https:\/\/sp1lubomierz.pl\/index.php?rest_route=\/wp\/v2\/posts\/49465\/revisions\/49468"}],"wp:attachment":[{"href":"https:\/\/sp1lubomierz.pl\/index.php?rest_route=%2Fwp%2Fv2%2Fmedia&parent=49465"}],"wp:term":[{"taxonomy":"category","embeddable":true,"href":"https:\/\/sp1lubomierz.pl\/index.php?rest_route=%2Fwp%2Fv2%2Fcategories&post=49465"},{"taxonomy":"post_tag","embeddable":true,"href":"https:\/\/sp1lubomierz.pl\/index.php?rest_route=%2Fwp%2Fv2%2Ftags&post=49465"}],"curies":[{"name":"wp","href":"https:\/\/api.w.org\/{rel}","templated":true}]}}