{"id":49569,"date":"2026-04-30T21:32:26","date_gmt":"2026-04-30T19:32:26","guid":{"rendered":"https:\/\/sp1lubomierz.pl\/?p=49569"},"modified":"2026-04-30T21:32:26","modified_gmt":"2026-04-30T19:32:26","slug":"akademia-z-okazji-swieta-konstytucji-3-maja","status":"publish","type":"post","link":"https:\/\/sp1lubomierz.pl\/?p=49569","title":{"rendered":"Akademia z okazji \u015awi\u0119ta Konstytucji 3 Maja"},"content":{"rendered":"\n<p><a href=\"http:\/\/sp1lubomierz.pl\/wp-content\/uploads\/2026\/04\/Dzieci-przebrane-w-historyczne-stroje-odgrywaja-scenke-teatralna-podczas-szkolnego-przedstawienia-o-tematyce-narodowej-scaled.jpg\"><img loading=\"lazy\" decoding=\"async\" class=\"alignleft size-thumbnail wp-image-49572\" src=\"http:\/\/sp1lubomierz.pl\/wp-content\/uploads\/2026\/04\/Dzieci-przebrane-w-historyczne-stroje-odgrywaja-scenke-teatralna-podczas-szkolnego-przedstawienia-o-tematyce-narodowej-150x150.jpg\" alt=\"Dzieci przebrane w historyczne stroje odgrywaj\u0105 scenk\u0119 teatraln\u0105 podczas szkolnego przedstawienia o tematyce narodowej\" width=\"150\" height=\"150\"><\/a>30 kwietnia w naszej szkole odby\u0142a si\u0119 uroczysta akademia z okazji rocznicy uchwalenia Konstytucji 3 Maja. W wydarzeniu wzi\u0119li udzia\u0142 uczniowie, nauczyciele oraz rodzice. Uroczysto\u015b\u0107 rozpocz\u0119\u0142a si\u0119 od od\u015bpiewania hymnu pa\u0144stwowego, co nada\u0142o jej podnios\u0142y charakter. Nast\u0119pnie uczniowie przedstawili cz\u0119\u015b\u0107 artystyczn\u0105, kt\u00f3ra przybli\u017cy\u0142a znaczenie tego wa\u017cnego wydarzenia w historii Polski. W programie znalaz\u0142y si\u0119 recytacje wierszy o tematyce patriotycznej, scenki historyczne oraz wyst\u0119py muzyczne.<!--more--><\/p>\n<p>Szczeg\u00f3lne wra\u017cenie na widzach zrobi\u0142a inscenizacja ukazuj\u0105ca okoliczno\u015bci uchwalenia Konstytucji 3 Maja oraz jej znaczenie dla narodu polskiego. Uczniowie wykazali si\u0119 du\u017cym zaanga\u017cowaniem i staranno\u015bci\u0105 w przygotowaniu swoich r\u00f3l.<\/p>\n<p>Uroczysto\u015b\u0107 przebieg\u0142a w podnios\u0142ej atmosferze i by\u0142a cenn\u0105 lekcj\u0105 historii dla ca\u0142ej spo\u0142eczno\u015bci szkolnej.<\/p>\n<p style=\"text-align: right;\">red. A. W\u0105cha\u0142a<\/p>\n<p>&nbsp;<\/p>\n\n\t\t<style type=\"text\/css\">\n\t\t\t#gallery-1 {\n\t\t\t\tmargin: auto;\n\t\t\t}\n\t\t\t#gallery-1 .gallery-item {\n\t\t\t\tfloat: left;\n\t\t\t\tmargin-top: 10px;\n\t\t\t\ttext-align: center;\n\t\t\t\twidth: 33%;\n\t\t\t}\n\t\t\t#gallery-1 img {\n\t\t\t\tborder: 2px solid #cfcfcf;\n\t\t\t}\n\t\t\t#gallery-1 .gallery-caption {\n\t\t\t\tmargin-left: 0;\n\t\t\t}\n\t\t\t\/* see gallery_shortcode() in wp-includes\/media.php *\/\n\t\t<\/style>\n\t\t<div id='gallery-1' class='gallery galleryid-49569 gallery-columns-3 gallery-size-thumbnail'><dl class='gallery-item'>\n\t\t\t<dt class='gallery-icon landscape'>\n\t\t\t\t<a href='https:\/\/sp1lubomierz.pl\/wp-content\/uploads\/2026\/04\/Chlopiec-w-galowym-stroju-szkolnym-recytuje-tekst-przy-mikrofonie-na-tle-duzego-obrazu-bialego-orla-w-koronie-symbolizujacego-Polske-scaled.jpg'><img loading=\"lazy\" decoding=\"async\" width=\"150\" height=\"150\" src=\"https:\/\/sp1lubomierz.pl\/wp-content\/uploads\/2026\/04\/Chlopiec-w-galowym-stroju-szkolnym-recytuje-tekst-przy-mikrofonie-na-tle-duzego-obrazu-bialego-orla-w-koronie-symbolizujacego-Polske-150x150.jpg\" class=\"attachment-thumbnail size-thumbnail\" alt=\"Ch\u0142opiec w galowym stroju szkolnym recytuje tekst przy mikrofonie na tle du\u017cego obrazu bia\u0142ego orla w koronie symbolizuj\u0105cego Polsk\u0119\" \/><\/a>\n\t\t\t<\/dt><\/dl><dl class='gallery-item'>\n\t\t\t<dt class='gallery-icon landscape'>\n\t\t\t\t<a href='https:\/\/sp1lubomierz.pl\/wp-content\/uploads\/2026\/04\/Uczen-szkoly-podstawowej-czyta-przemowienie-przy-mikrofonie-podczas-uroczystosci-patriotycznej-a-za-nim-stoi-grupa-uczniow-oraz-dekoracja-z-bialo-czerwonymi-kwiatami-scaled.jpg'><img loading=\"lazy\" decoding=\"async\" width=\"150\" height=\"150\" src=\"https:\/\/sp1lubomierz.pl\/wp-content\/uploads\/2026\/04\/Uczen-szkoly-podstawowej-czyta-przemowienie-przy-mikrofonie-podczas-uroczystosci-patriotycznej-a-za-nim-stoi-grupa-uczniow-oraz-dekoracja-z-bialo-czerwonymi-kwiatami-150x150.jpg\" class=\"attachment-thumbnail size-thumbnail\" alt=\"Ucze\u0144 szko\u0142y podstawowej czyta przem\u00f3wienie przy mikrofonie podczas uroczysto\u015bci patriotycznej, a za nim stoi grupa uczni\u00f3w oraz dekoracja z bia\u0142o-czerwonymi kwiatami\" \/><\/a>\n\t\t\t<\/dt><\/dl><dl class='gallery-item'>\n\t\t\t<dt class='gallery-icon landscape'>\n\t\t\t\t<a href='https:\/\/sp1lubomierz.pl\/wp-content\/uploads\/2026\/04\/Uczennica-spiewa-do-mikrofonu-na-srodku-sali-a-za-nia-stoi-grupa-mlodziezy-ubranej-na-galowo-z-przypietymi-bialo-czerwonymi-kokardami-scaled.jpg'><img loading=\"lazy\" decoding=\"async\" width=\"150\" height=\"150\" src=\"https:\/\/sp1lubomierz.pl\/wp-content\/uploads\/2026\/04\/Uczennica-spiewa-do-mikrofonu-na-srodku-sali-a-za-nia-stoi-grupa-mlodziezy-ubranej-na-galowo-z-przypietymi-bialo-czerwonymi-kokardami-150x150.jpg\" class=\"attachment-thumbnail size-thumbnail\" alt=\"Uczennica \u015bpiewa do mikrofonu na \u015brodku sali, a za ni\u0105 stoi grupa m\u0142odzie\u017cy ubranej na galowo z przypi\u0119tymi bia\u0142o-czerwonymi kokardami\" \/><\/a>\n\t\t\t<\/dt><\/dl><br style=\"clear: both\" \/><dl class='gallery-item'>\n\t\t\t<dt class='gallery-icon landscape'>\n\t\t\t\t<a href='https:\/\/sp1lubomierz.pl\/wp-content\/uploads\/2026\/04\/Uczennica-gra-na-skrzypcach-podczas-wystepu-artystycznego-w-szkolnej-sali-na-tle-patriotycznej-dekoracji-z-bialym-orlem-scaled.jpg'><img loading=\"lazy\" decoding=\"async\" width=\"150\" height=\"150\" src=\"https:\/\/sp1lubomierz.pl\/wp-content\/uploads\/2026\/04\/Uczennica-gra-na-skrzypcach-podczas-wystepu-artystycznego-w-szkolnej-sali-na-tle-patriotycznej-dekoracji-z-bialym-orlem-150x150.jpg\" class=\"attachment-thumbnail size-thumbnail\" alt=\"Uczennica gra na skrzypcach podczas wyst\u0119pu artystycznego w szkolnej sali, na tle patriotycznej dekoracji z bia\u0142ym or\u0142em\" \/><\/a>\n\t\t\t<\/dt><\/dl><dl class='gallery-item'>\n\t\t\t<dt class='gallery-icon landscape'>\n\t\t\t\t<a href='https:\/\/sp1lubomierz.pl\/wp-content\/uploads\/2026\/04\/Trzy-uczennice-stoja-obok-siebie-a-jedna-z-nich-przemawia-do-mikrofonu-recytujac-wiersz-o-tematyce-patriotycznej-w-tle-znajduje-sie-dekoracja-przedsatwiajaca-bialego-orla-w-koronie-scaled.jpg'><img loading=\"lazy\" decoding=\"async\" width=\"150\" height=\"150\" src=\"https:\/\/sp1lubomierz.pl\/wp-content\/uploads\/2026\/04\/Trzy-uczennice-stoja-obok-siebie-a-jedna-z-nich-przemawia-do-mikrofonu-recytujac-wiersz-o-tematyce-patriotycznej-w-tle-znajduje-sie-dekoracja-przedsatwiajaca-bialego-orla-w-koronie-150x150.jpg\" class=\"attachment-thumbnail size-thumbnail\" alt=\"Trzy uczennice stoj\u0105 obok siebie, a jedna z nich przemawia do mikrofonu, recytuj\u0105c wiersz o tematyce patriotycznej, w tle znajduje si\u0119 dekoracja przedstawiaj\u0105ca bia\u0142ego or\u0142a w koronie\" \/><\/a>\n\t\t\t<\/dt><\/dl><dl class='gallery-item'>\n\t\t\t<dt class='gallery-icon landscape'>\n\t\t\t\t<a href='https:\/\/sp1lubomierz.pl\/wp-content\/uploads\/2026\/04\/Troje-uczniow-trzyma-plansze-z-napisami-\u201eOjczyzna-\u201eNarod-i-\u201eWolnosc-na-tle-dekoracji-z-orlem-i-barwami-narodowymi-scaled.jpg'><img loading=\"lazy\" decoding=\"async\" width=\"150\" height=\"150\" src=\"https:\/\/sp1lubomierz.pl\/wp-content\/uploads\/2026\/04\/Troje-uczniow-trzyma-plansze-z-napisami-\u201eOjczyzna-\u201eNarod-i-\u201eWolnosc-na-tle-dekoracji-z-orlem-i-barwami-narodowymi-150x150.jpg\" class=\"attachment-thumbnail size-thumbnail\" alt=\"Troje uczni\u00f3w trzyma plansze z napisami \u201eOjczyzna\u201d, \u201eNar\u00f3d\u201d i \u201eWolno\u015b\u0107\u201d na tle dekoracji z or\u0142em i barwami narodowymi\" \/><\/a>\n\t\t\t<\/dt><\/dl><br style=\"clear: both\" \/><dl class='gallery-item'>\n\t\t\t<dt class='gallery-icon landscape'>\n\t\t\t\t<a href='https:\/\/sp1lubomierz.pl\/wp-content\/uploads\/2026\/04\/Troje-uczniow-stoi-na-srodku-sali-gimnastycznej-i-recytuje-wiersze-o-tematyce-patriotycznej-podczas-uroczystosci-szkolnej-scaled.jpg'><img loading=\"lazy\" decoding=\"async\" width=\"150\" height=\"150\" src=\"https:\/\/sp1lubomierz.pl\/wp-content\/uploads\/2026\/04\/Troje-uczniow-stoi-na-srodku-sali-gimnastycznej-i-recytuje-wiersze-o-tematyce-patriotycznej-podczas-uroczystosci-szkolnej-150x150.jpg\" class=\"attachment-thumbnail size-thumbnail\" alt=\"Troje uczni\u00f3w stoi na \u015brodku sali gimnastycznej i recytuje wiersze o tematyce patriotycznej podczas uroczysto\u015bci szkolnej\" \/><\/a>\n\t\t\t<\/dt><\/dl><dl class='gallery-item'>\n\t\t\t<dt class='gallery-icon landscape'>\n\t\t\t\t<a href='https:\/\/sp1lubomierz.pl\/wp-content\/uploads\/2026\/04\/Poczet-sztandarowy-wraz-z-uczniami-stoi-w-sali-gimnastycznej-udekorowanej-na-szkolna-akademie-o-charakterze-patriotycznym-scaled.jpg'><img loading=\"lazy\" decoding=\"async\" width=\"150\" height=\"150\" src=\"https:\/\/sp1lubomierz.pl\/wp-content\/uploads\/2026\/04\/Poczet-sztandarowy-wraz-z-uczniami-stoi-w-sali-gimnastycznej-udekorowanej-na-szkolna-akademie-o-charakterze-patriotycznym-150x150.jpg\" class=\"attachment-thumbnail size-thumbnail\" alt=\"Poczet sztandarowy wraz z uczniami stoi w sali gimnastycznej udekorowanej na szkoln\u0105 akademi\u0119 o charakterze patriotycznym\" \/><\/a>\n\t\t\t<\/dt><\/dl><dl class='gallery-item'>\n\t\t\t<dt class='gallery-icon landscape'>\n\t\t\t\t<a href='https:\/\/sp1lubomierz.pl\/wp-content\/uploads\/2026\/04\/Grupa-uczniow-wspolnie-wystepuje-na-zakonczenie-szkolnej-akademii-patriotycznej-w-udekorowanej-sali-gimnastycznej-scaled.jpg'><img loading=\"lazy\" decoding=\"async\" width=\"150\" height=\"150\" src=\"https:\/\/sp1lubomierz.pl\/wp-content\/uploads\/2026\/04\/Grupa-uczniow-wspolnie-wystepuje-na-zakonczenie-szkolnej-akademii-patriotycznej-w-udekorowanej-sali-gimnastycznej-150x150.jpg\" class=\"attachment-thumbnail size-thumbnail\" alt=\"Grupa uczni\u00f3w wsp\u00f3lnie wyst\u0119puje na zako\u0144czenie szkolnej akademii patriotycznej w udekorowanej sali gimnastycznej\" \/><\/a>\n\t\t\t<\/dt><\/dl><br style=\"clear: both\" \/><dl class='gallery-item'>\n\t\t\t<dt class='gallery-icon landscape'>\n\t\t\t\t<a href='https:\/\/sp1lubomierz.pl\/wp-content\/uploads\/2026\/04\/Grupa-uczniow-siedzi-przy-szkolnych-lawkach-i-prowadzi-prezentacje-edukacyjna-z-wykorzystaniem-globusa-mikroskopu-i-pomocy-naukowych-scaled.jpg'><img loading=\"lazy\" decoding=\"async\" width=\"150\" height=\"150\" src=\"https:\/\/sp1lubomierz.pl\/wp-content\/uploads\/2026\/04\/Grupa-uczniow-siedzi-przy-szkolnych-lawkach-i-prowadzi-prezentacje-edukacyjna-z-wykorzystaniem-globusa-mikroskopu-i-pomocy-naukowych-150x150.jpg\" class=\"attachment-thumbnail size-thumbnail\" alt=\"Grupa uczni\u00f3w siedzi przy szkolnych \u0142awkach i prowadzi prezentacj\u0119 edukacyjn\u0105 z wykorzystaniem globusa, mikroskopu i pomocy naukowych\" \/><\/a>\n\t\t\t<\/dt><\/dl><dl class='gallery-item'>\n\t\t\t<dt class='gallery-icon landscape'>\n\t\t\t\t<a href='https:\/\/sp1lubomierz.pl\/wp-content\/uploads\/2026\/04\/Dziewczynka-trzyma-skrzypce-i-spiewa-do-mikrofonu-uczestniczac-w-szkolnej-akademii-o-tematyce-patriotycznej-scaled.jpg'><img loading=\"lazy\" decoding=\"async\" width=\"150\" height=\"150\" src=\"https:\/\/sp1lubomierz.pl\/wp-content\/uploads\/2026\/04\/Dziewczynka-trzyma-skrzypce-i-spiewa-do-mikrofonu-uczestniczac-w-szkolnej-akademii-o-tematyce-patriotycznej-150x150.jpg\" class=\"attachment-thumbnail size-thumbnail\" alt=\"Dziewczynka trzyma skrzypce i \u015bpiewa do mikrofonu, uczestnicz\u0105c w szkolnej akademii o tematyce patriotycznej\" \/><\/a>\n\t\t\t<\/dt><\/dl><dl class='gallery-item'>\n\t\t\t<dt class='gallery-icon landscape'>\n\t\t\t\t<a href='https:\/\/sp1lubomierz.pl\/wp-content\/uploads\/2026\/04\/Dwie-uczennice-wykonuja-wystep-muzyczny-\u2013-jedna-spiewa-a-druga-gra-na-skrzypcach-podczas-szkolnej-akademii-patriotycznej-scaled.jpg'><img loading=\"lazy\" decoding=\"async\" width=\"150\" height=\"150\" src=\"https:\/\/sp1lubomierz.pl\/wp-content\/uploads\/2026\/04\/Dwie-uczennice-wykonuja-wystep-muzyczny-\u2013-jedna-spiewa-a-druga-gra-na-skrzypcach-podczas-szkolnej-akademii-patriotycznej-150x150.jpg\" class=\"attachment-thumbnail size-thumbnail\" alt=\"Dwie uczennice wykonuj\u0105 wyst\u0119p muzyczny \u2013 jedna \u015bpiewa, a druga gra na skrzypcach podczas szkolnej akademii patriotycznej\" \/><\/a>\n\t\t\t<\/dt><\/dl><br style=\"clear: both\" \/><dl class='gallery-item'>\n\t\t\t<dt class='gallery-icon landscape'>\n\t\t\t\t<a href='https:\/\/sp1lubomierz.pl\/wp-content\/uploads\/2026\/04\/Dzieci-przebrane-w-historyczne-stroje-odgrywaja-scenke-teatralna-podczas-szkolnego-przedstawienia-o-tematyce-narodowej-scaled.jpg'><img loading=\"lazy\" decoding=\"async\" width=\"150\" height=\"150\" src=\"https:\/\/sp1lubomierz.pl\/wp-content\/uploads\/2026\/04\/Dzieci-przebrane-w-historyczne-stroje-odgrywaja-scenke-teatralna-podczas-szkolnego-przedstawienia-o-tematyce-narodowej-150x150.jpg\" class=\"attachment-thumbnail size-thumbnail\" alt=\"Dzieci przebrane w historyczne stroje odgrywaj\u0105 scenk\u0119 teatraln\u0105 podczas szkolnego przedstawienia o tematyce narodowej\" \/><\/a>\n\t\t\t<\/dt><\/dl>\n\t\t\t<br style='clear: both' \/>\n\t\t<\/div>\n\n\n\n","protected":false},"excerpt":{"rendered":"<p>30 kwietnia w naszej szkole odby\u0142a si\u0119 uroczysta akademia z okazji rocznicy uchwalenia Konstytucji 3 Maja. W wydarzeniu wzi\u0119li udzia\u0142 uczniowie, nauczyciele oraz rodzice. Uroczysto\u015b\u0107 rozpocz\u0119\u0142a si\u0119 od od\u015bpiewania hymnu pa\u0144stwowego, co nada\u0142o jej podnios\u0142y charakter. Nast\u0119pnie uczniowie przedstawili cz\u0119\u015b\u0107 artystyczn\u0105, kt\u00f3ra przybli\u017cy\u0142a znaczenie tego wa\u017cnego wydarzenia w historii Polski. W programie znalaz\u0142y si\u0119 recytacje [&hellip;]<\/p>\n","protected":false},"author":1,"featured_media":0,"comment_status":"closed","ping_status":"open","sticky":false,"template":"","format":"standard","meta":{"ngg_post_thumbnail":0,"footnotes":""},"categories":[1],"tags":[],"class_list":["post-49569","post","type-post","status-publish","format-standard","hentry","category-uncategorized"],"_links":{"self":[{"href":"https:\/\/sp1lubomierz.pl\/index.php?rest_route=\/wp\/v2\/posts\/49569","targetHints":{"allow":["GET"]}}],"collection":[{"href":"https:\/\/sp1lubomierz.pl\/index.php?rest_route=\/wp\/v2\/posts"}],"about":[{"href":"https:\/\/sp1lubomierz.pl\/index.php?rest_route=\/wp\/v2\/types\/post"}],"author":[{"embeddable":true,"href":"https:\/\/sp1lubomierz.pl\/index.php?rest_route=\/wp\/v2\/users\/1"}],"replies":[{"embeddable":true,"href":"https:\/\/sp1lubomierz.pl\/index.php?rest_route=%2Fwp%2Fv2%2Fcomments&post=49569"}],"version-history":[{"count":1,"href":"https:\/\/sp1lubomierz.pl\/index.php?rest_route=\/wp\/v2\/posts\/49569\/revisions"}],"predecessor-version":[{"id":49583,"href":"https:\/\/sp1lubomierz.pl\/index.php?rest_route=\/wp\/v2\/posts\/49569\/revisions\/49583"}],"wp:attachment":[{"href":"https:\/\/sp1lubomierz.pl\/index.php?rest_route=%2Fwp%2Fv2%2Fmedia&parent=49569"}],"wp:term":[{"taxonomy":"category","embeddable":true,"href":"https:\/\/sp1lubomierz.pl\/index.php?rest_route=%2Fwp%2Fv2%2Fcategories&post=49569"},{"taxonomy":"post_tag","embeddable":true,"href":"https:\/\/sp1lubomierz.pl\/index.php?rest_route=%2Fwp%2Fv2%2Ftags&post=49569"}],"curies":[{"name":"wp","href":"https:\/\/api.w.org\/{rel}","templated":true}]}}