{"id":49821,"date":"2026-09-02T14:28:26","date_gmt":"2026-09-02T12:28:26","guid":{"rendered":"https:\/\/sp1lubomierz.pl\/?p=49821"},"modified":"2026-09-02T14:28:26","modified_gmt":"2026-09-02T12:28:26","slug":"rozpoczecie-roku-szkolnego-2026-2027-w-szkole-podstawowej-nr-1-im-sw-jozefa-w-lubomierzu","status":"publish","type":"post","link":"https:\/\/sp1lubomierz.pl\/?p=49821","title":{"rendered":"Rozpocz\u0119cie roku szkolnego 2026\/2027 w Szkole Podstawowej nr 1 im. \u015bw. J\u00f3zefa w Lubomierzu"},"content":{"rendered":"<p><a href=\"http:\/\/sp1lubomierz.pl\/wp-content\/uploads\/2026\/09\/DSCN2017-scaled.jpg\"><img loading=\"lazy\" decoding=\"async\" class=\"alignleft size-thumbnail wp-image-49822\" src=\"http:\/\/sp1lubomierz.pl\/wp-content\/uploads\/2026\/09\/DSCN2017-150x150.jpg\" alt=\"Uczniowie klasy pierwszej wraz z rodzicami i nauczycielami podczas uroczystego rozpocz\u0119cia roku szkolnego 2026\/2027 w Szkole Podstawowej nr 1 im. \u015bw. J\u00f3zefa w Lubomierzu. Grupa stoi w sali gimnastycznej na tle dekoracji z napisem \u201eWiedza daje skrzyd\u0142a\u201d. Pierwszoklasi\u015bci maj\u0105 na szyjach pami\u0105tkowe medale i trzymaj\u0105 upominki\" width=\"150\" height=\"150\"><\/a>1 wrze\u015bnia 2026 roku w Szkole Podstawowej nr 1 im. \u015bw. J\u00f3zefa w Lubomierzu odby\u0142a si\u0119 uroczysta inauguracja roku szkolnego 2026\/2027. Po wakacyjnej przerwie szkolne mury ponownie wype\u0142ni\u0142y si\u0119 gwarem, u\u015bmiechami i rado\u015bci\u0105 ze wsp\u00f3lnego spotkania uczni\u00f3w, nauczycieli, pracownik\u00f3w szko\u0142y oraz rodzic\u00f3w. Uroczysto\u015b\u0107 rozpocz\u0119\u0142a si\u0119 od wprowadzenia sztandaru szko\u0142y oraz od\u015bpiewania hymnu pa\u0144stwowego.<!--more-->Nast\u0119pnie g\u0142os zabra\u0142a Pani Dyrektor, kt\u00f3ra serdecznie powita\u0142a ca\u0142\u0105 spo\u0142eczno\u015b\u0107 szkoln\u0105. W swoim wyst\u0105pieniu w pierwszej kolejno\u015bci przypomnia\u0142a o tragicznych wydarzeniach, kt\u00f3re rozpocz\u0119\u0142y si\u0119 1 wrze\u015bnia 1939 roku \u2013 wybuchu II wojny \u015bwiatowej. Wspomnia\u0142a o ogromie cierpienia, jakie przynios\u0142a wojna, oraz podkre\u015bli\u0142a, jak wa\u017cne jest piel\u0119gnowanie pami\u0119ci o tych, kt\u00f3rzy oddali \u017cycie za wolno\u015b\u0107 Ojczyzny. Zwr\u00f3ci\u0142a uwag\u0119, \u017ce pami\u0119\u0107 o historii jest naszym obowi\u0105zkiem i wa\u017cn\u0105 lekcj\u0105 dla m\u0142odego pokolenia. Nast\u0119pnie Pani Dyrektor skierowa\u0142a swoje s\u0142owa do najm\u0142odszych cz\u0142onk\u00f3w naszej szkolnej spo\u0142eczno\u015bci \u2013 uczni\u00f3w klasy pierwszej. Serdecznie ich powita\u0142a i \u017cyczy\u0142a, aby rozpoczynaj\u0105ca si\u0119 szkolna przygoda by\u0142a pe\u0142na rado\u015bci, ciekawych odkry\u0107, sukces\u00f3w i nowych przyja\u017ani. Podkre\u015bli\u0142a, \u017ce w\u0142a\u015bnie tego dnia pierwszoklasi\u015bci rozpoczynaj\u0105 wa\u017cny etap swojego \u017cycia i staj\u0105 si\u0119 pe\u0142noprawnymi cz\u0142onkami spo\u0142eczno\u015bci naszej szko\u0142y. Festiwal Debiut\u00f3w 2026. Po oficjalnej cz\u0119\u015bci uroczysto\u015bci przyszed\u0142 czas na wyj\u0105tkow\u0105 niespodziank\u0119 przygotowan\u0105 przez starszych uczni\u00f3w \u2013 \u201eFestiwal Debiut\u00f3w 2026\u201d.<br>By\u0142o energicznie, rado\u015bnie i z du\u017c\u0105 dawk\u0105 humoru! &nbsp;Starsi uczniowie zaprezentowali taneczny uk\u0142ad inspirowany TikTokiem, a nast\u0119pnie na scenie pojawili si\u0119 szkolni \u201eAgenci\u201d, kt\u00f3rzy otrzymali specjaln\u0105 misj\u0119. Nie zabrak\u0142o r\u00f3wnie\u017c Z\u0142otej Skrzyni Sejfu oraz tajemniczego Wielkiego O\u0142\u00f3wka Mocy. Ca\u0142o\u015b\u0107 wprowadzi\u0142a wszystkich w atmosfer\u0119 dobrej zabawy i pokaza\u0142a, \u017ce rozpocz\u0119cie roku szkolnego mo\u017ce by\u0107 nie tylko uroczyste, ale r\u00f3wnie\u017c pe\u0142ne pozytywnej energii.<br>Najwa\u017cniejszy debiut \u2013 klasa pierwsza<br>Najbardziej wyj\u0105tkowym i wzruszaj\u0105cym momentem tego dnia by\u0142o jednak \u015blubowanie uczni\u00f3w klasy pierwszej oraz ich pasowanie na uczni\u00f3w Szko\u0142y Podstawowej nr 1 im. \u015bw. J\u00f3zefa w Lubomierzu.<br>Nasi pierwszoklasi\u015bci z dum\u0105 i przej\u0119ciem z\u0142o\u017cyli uroczyste \u015blubowanie. Nast\u0119pnie odby\u0142o si\u0119 pasowanie na ucznia, kt\u00f3re symbolicznie otworzy\u0142o nowy rozdzia\u0142 w ich \u017cyciu.<br>To by\u0142 dla nich niezwykle wa\u017cny dzie\u0144 \u2013 pe\u0142en emocji, rado\u015bci i dumy. Od tej chwili oficjalnie do\u0142\u0105czyli do naszej szkolnej rodziny. Drodzy Pierwszoklasi\u015bci!<br>\u017byczymy Wam, aby ka\u017cdy dzie\u0144 sp\u0119dzony w naszej szkole by\u0142 pe\u0142en ciekawych odkry\u0107, u\u015bmiechu i wspania\u0142ych przyja\u017ani. Rozwijajcie swoje talenty, spe\u0142niajcie marzenia i z odwag\u0105 podejmujcie nowe wyzwania. Niech szkolna przygoda b\u0119dzie dla Was pi\u0119knym i niezapomnianym czasem!&nbsp;<br>Wszystkim uczniom i nauczycielom \u017cyczymy pomy\u015blnego, pe\u0142nego sukces\u00f3w i pi\u0119knych chwil roku szkolnego 2026\/2027!&nbsp;<\/p>\n<p style=\"text-align: right;\">red. R. Ogiela<\/p>\n\n\t\t<style type=\"text\/css\">\n\t\t\t#gallery-1 {\n\t\t\t\tmargin: auto;\n\t\t\t}\n\t\t\t#gallery-1 .gallery-item {\n\t\t\t\tfloat: left;\n\t\t\t\tmargin-top: 10px;\n\t\t\t\ttext-align: center;\n\t\t\t\twidth: 33%;\n\t\t\t}\n\t\t\t#gallery-1 img {\n\t\t\t\tborder: 2px solid #cfcfcf;\n\t\t\t}\n\t\t\t#gallery-1 .gallery-caption {\n\t\t\t\tmargin-left: 0;\n\t\t\t}\n\t\t\t\/* see gallery_shortcode() in wp-includes\/media.php *\/\n\t\t<\/style>\n\t\t<div id='gallery-1' class='gallery galleryid-49821 gallery-columns-3 gallery-size-thumbnail'><dl class='gallery-item'>\n\t\t\t<dt class='gallery-icon landscape'>\n\t\t\t\t<a href='https:\/\/sp1lubomierz.pl\/wp-content\/uploads\/2026\/09\/DSCN1974-scaled.jpg'><img loading=\"lazy\" decoding=\"async\" width=\"150\" height=\"150\" src=\"https:\/\/sp1lubomierz.pl\/wp-content\/uploads\/2026\/09\/DSCN1974-150x150.jpg\" class=\"attachment-thumbnail size-thumbnail\" alt=\"Uczniowie tworz\u0105cy poczet sztandarowy szko\u0142y podczas uroczystej inauguracji roku szkolnego 2026\/2027 w sali gimnastycznej\" \/><\/a>\n\t\t\t<\/dt><\/dl><dl class='gallery-item'>\n\t\t\t<dt class='gallery-icon landscape'>\n\t\t\t\t<a href='https:\/\/sp1lubomierz.pl\/wp-content\/uploads\/2026\/09\/DSCN1979-scaled.jpg'><img loading=\"lazy\" decoding=\"async\" width=\"150\" height=\"150\" src=\"https:\/\/sp1lubomierz.pl\/wp-content\/uploads\/2026\/09\/DSCN1979-150x150.jpg\" class=\"attachment-thumbnail size-thumbnail\" alt=\"Uczniowie klas m\u0142odszych wraz z nauczycielami i pracownikami szko\u0142y podczas uroczystej inauguracji roku szkolnego 2026\/2027 w sali gimnastycznej\" \/><\/a>\n\t\t\t<\/dt><\/dl><dl class='gallery-item'>\n\t\t\t<dt class='gallery-icon landscape'>\n\t\t\t\t<a href='https:\/\/sp1lubomierz.pl\/wp-content\/uploads\/2026\/09\/DSCN1980-scaled.jpg'><img loading=\"lazy\" decoding=\"async\" width=\"150\" height=\"150\" src=\"https:\/\/sp1lubomierz.pl\/wp-content\/uploads\/2026\/09\/DSCN1980-150x150.jpg\" class=\"attachment-thumbnail size-thumbnail\" alt=\"Przem\u00f3wienie dyrektor szko\u0142y podczas uroczystej inauguracji roku szkolnego 2026\/2027 na tle dekoracji z napisem \u201eWiedza daje skrzyd\u0142a\" \/><\/a>\n\t\t\t<\/dt><\/dl><br style=\"clear: both\" \/><dl class='gallery-item'>\n\t\t\t<dt class='gallery-icon landscape'>\n\t\t\t\t<a href='https:\/\/sp1lubomierz.pl\/wp-content\/uploads\/2026\/09\/DSCN1984-scaled.jpg'><img loading=\"lazy\" decoding=\"async\" width=\"150\" height=\"150\" src=\"https:\/\/sp1lubomierz.pl\/wp-content\/uploads\/2026\/09\/DSCN1984-150x150.jpg\" class=\"attachment-thumbnail size-thumbnail\" alt=\"Uczniowie, nauczyciele, pracownicy szko\u0142y i rodzice zgromadzeni w sali gimnastycznej podczas uroczystego rozpocz\u0119cia roku szkolnego 2026\/2027\" \/><\/a>\n\t\t\t<\/dt><\/dl><dl class='gallery-item'>\n\t\t\t<dt class='gallery-icon landscape'>\n\t\t\t\t<a href='https:\/\/sp1lubomierz.pl\/wp-content\/uploads\/2026\/09\/DSCN1988-scaled.jpg'><img loading=\"lazy\" decoding=\"async\" width=\"150\" height=\"150\" src=\"https:\/\/sp1lubomierz.pl\/wp-content\/uploads\/2026\/09\/DSCN1988-150x150.jpg\" class=\"attachment-thumbnail size-thumbnail\" alt=\"Starsi uczniowie prezentuj\u0105 uk\u0142ad taneczny podczas \u201eFestiwalu Debiut\u00f3w 2026\u201d zorganizowanego z okazji rozpocz\u0119cia roku szkolnego 2026\/2027\" \/><\/a>\n\t\t\t<\/dt><\/dl><dl class='gallery-item'>\n\t\t\t<dt class='gallery-icon landscape'>\n\t\t\t\t<a href='https:\/\/sp1lubomierz.pl\/wp-content\/uploads\/2026\/09\/DSCN1991-scaled.jpg'><img loading=\"lazy\" decoding=\"async\" width=\"150\" height=\"150\" src=\"https:\/\/sp1lubomierz.pl\/wp-content\/uploads\/2026\/09\/DSCN1991-150x150.jpg\" class=\"attachment-thumbnail size-thumbnail\" alt=\"Dwoje starszych uczni\u00f3w prowadzi \u201eFestiwal Debiut\u00f3w 2026\u201d podczas uroczysto\u015bci rozpocz\u0119cia roku szkolnego 2026\/2027.\" \/><\/a>\n\t\t\t<\/dt><\/dl><br style=\"clear: both\" \/><dl class='gallery-item'>\n\t\t\t<dt class='gallery-icon landscape'>\n\t\t\t\t<a href='https:\/\/sp1lubomierz.pl\/wp-content\/uploads\/2026\/09\/DSCN1994-scaled.jpg'><img loading=\"lazy\" decoding=\"async\" width=\"150\" height=\"150\" src=\"https:\/\/sp1lubomierz.pl\/wp-content\/uploads\/2026\/09\/DSCN1994-150x150.jpg\" class=\"attachment-thumbnail size-thumbnail\" alt=\"Uczniowie odgrywaj\u0105 scenk\u0119 ze szkolnymi \u201eAgentami\u201d podczas \u201eFestiwalu Debiut\u00f3w 2026\u201d z okazji rozpocz\u0119cia roku szkolnego 2026\/2027.\" \/><\/a>\n\t\t\t<\/dt><\/dl><dl class='gallery-item'>\n\t\t\t<dt class='gallery-icon landscape'>\n\t\t\t\t<a href='https:\/\/sp1lubomierz.pl\/wp-content\/uploads\/2026\/09\/DSCN1997-scaled.jpg'><img loading=\"lazy\" decoding=\"async\" width=\"150\" height=\"150\" src=\"https:\/\/sp1lubomierz.pl\/wp-content\/uploads\/2026\/09\/DSCN1997-150x150.jpg\" class=\"attachment-thumbnail size-thumbnail\" alt=\"Starsi uczniowie prezentuj\u0105 program artystyczny dla pierwszoklasist\u00f3w podczas \u201eFestiwalu Debiut\u00f3w 2026\u201d z okazji rozpocz\u0119cia roku szkolnego\" \/><\/a>\n\t\t\t<\/dt><\/dl><dl class='gallery-item'>\n\t\t\t<dt class='gallery-icon landscape'>\n\t\t\t\t<a href='https:\/\/sp1lubomierz.pl\/wp-content\/uploads\/2026\/09\/DSCN1998-scaled.jpg'><img loading=\"lazy\" decoding=\"async\" width=\"150\" height=\"150\" src=\"https:\/\/sp1lubomierz.pl\/wp-content\/uploads\/2026\/09\/DSCN1998-150x150.jpg\" class=\"attachment-thumbnail size-thumbnail\" alt=\"Dwoje starszych uczni\u00f3w prowadzi \u201eFestiwal Debiut\u00f3w 2026\u201d podczas uroczysto\u015bci rozpocz\u0119cia roku szkolnego 2026\/2027.\" \/><\/a>\n\t\t\t<\/dt><\/dl><br style=\"clear: both\" \/><dl class='gallery-item'>\n\t\t\t<dt class='gallery-icon landscape'>\n\t\t\t\t<a href='https:\/\/sp1lubomierz.pl\/wp-content\/uploads\/2026\/09\/DSCN1999-scaled.jpg'><img loading=\"lazy\" decoding=\"async\" width=\"150\" height=\"150\" src=\"https:\/\/sp1lubomierz.pl\/wp-content\/uploads\/2026\/09\/DSCN1999-150x150.jpg\" class=\"attachment-thumbnail size-thumbnail\" alt=\"Pierwszoklasi\u015bci sk\u0142adaj\u0105 uroczyste \u015blubowanie przed sztandarem Szko\u0142y Podstawowej nr 1 im. \u015bw. J\u00f3zefa w Lubomierzu podczas rozpocz\u0119cia roku szkolnego 2026\/2027.\" \/><\/a>\n\t\t\t<\/dt><\/dl><dl class='gallery-item'>\n\t\t\t<dt class='gallery-icon landscape'>\n\t\t\t\t<a href='https:\/\/sp1lubomierz.pl\/wp-content\/uploads\/2026\/09\/DSCN2002-scaled.jpg'><img loading=\"lazy\" decoding=\"async\" width=\"150\" height=\"150\" src=\"https:\/\/sp1lubomierz.pl\/wp-content\/uploads\/2026\/09\/DSCN2002-150x150.jpg\" class=\"attachment-thumbnail size-thumbnail\" alt=\"Pierwszoklasi\u015bci sk\u0142adaj\u0105 uroczyste \u015blubowanie przed sztandarem Szko\u0142y Podstawowej nr 1 im. \u015bw. J\u00f3zefa w Lubomierzu podczas rozpocz\u0119cia roku szkolnego 2026\/2027.\" \/><\/a>\n\t\t\t<\/dt><\/dl><dl class='gallery-item'>\n\t\t\t<dt class='gallery-icon landscape'>\n\t\t\t\t<a href='https:\/\/sp1lubomierz.pl\/wp-content\/uploads\/2026\/09\/DSCN2009-scaled.jpg'><img loading=\"lazy\" decoding=\"async\" width=\"150\" height=\"150\" src=\"https:\/\/sp1lubomierz.pl\/wp-content\/uploads\/2026\/09\/DSCN2009-150x150.jpg\" class=\"attachment-thumbnail size-thumbnail\" alt=\"Pierwszoklasi\u015bci sk\u0142adaj\u0105 uroczyste \u015blubowanie przed sztandarem Szko\u0142y Podstawowej nr 1 im. \u015bw. J\u00f3zefa w Lubomierzu podczas rozpocz\u0119cia roku szkolnego 2026\/2027.\" \/><\/a>\n\t\t\t<\/dt><\/dl><br style=\"clear: both\" \/>\n\t\t<\/div>\n\n\n","protected":false},"excerpt":{"rendered":"<p>1 wrze\u015bnia 2026 roku w Szkole Podstawowej nr 1 im. \u015bw. J\u00f3zefa w Lubomierzu odby\u0142a si\u0119 uroczysta inauguracja roku szkolnego 2026\/2027. Po wakacyjnej przerwie szkolne mury ponownie wype\u0142ni\u0142y si\u0119 gwarem, u\u015bmiechami i rado\u015bci\u0105 ze wsp\u00f3lnego spotkania uczni\u00f3w, nauczycieli, pracownik\u00f3w szko\u0142y oraz rodzic\u00f3w. Uroczysto\u015b\u0107 rozpocz\u0119\u0142a si\u0119 od wprowadzenia sztandaru szko\u0142y oraz od\u015bpiewania hymnu pa\u0144stwowego.<\/p>\n","protected":false},"author":1,"featured_media":0,"comment_status":"closed","ping_status":"open","sticky":false,"template":"","format":"standard","meta":{"ngg_post_thumbnail":0,"footnotes":""},"categories":[1],"tags":[],"class_list":["post-49821","post","type-post","status-publish","format-standard","hentry","category-uncategorized"],"_links":{"self":[{"href":"https:\/\/sp1lubomierz.pl\/index.php?rest_route=\/wp\/v2\/posts\/49821","targetHints":{"allow":["GET"]}}],"collection":[{"href":"https:\/\/sp1lubomierz.pl\/index.php?rest_route=\/wp\/v2\/posts"}],"about":[{"href":"https:\/\/sp1lubomierz.pl\/index.php?rest_route=\/wp\/v2\/types\/post"}],"author":[{"embeddable":true,"href":"https:\/\/sp1lubomierz.pl\/index.php?rest_route=\/wp\/v2\/users\/1"}],"replies":[{"embeddable":true,"href":"https:\/\/sp1lubomierz.pl\/index.php?rest_route=%2Fwp%2Fv2%2Fcomments&post=49821"}],"version-history":[{"count":1,"href":"https:\/\/sp1lubomierz.pl\/index.php?rest_route=\/wp\/v2\/posts\/49821\/revisions"}],"predecessor-version":[{"id":49835,"href":"https:\/\/sp1lubomierz.pl\/index.php?rest_route=\/wp\/v2\/posts\/49821\/revisions\/49835"}],"wp:attachment":[{"href":"https:\/\/sp1lubomierz.pl\/index.php?rest_route=%2Fwp%2Fv2%2Fmedia&parent=49821"}],"wp:term":[{"taxonomy":"category","embeddable":true,"href":"https:\/\/sp1lubomierz.pl\/index.php?rest_route=%2Fwp%2Fv2%2Fcategories&post=49821"},{"taxonomy":"post_tag","embeddable":true,"href":"https:\/\/sp1lubomierz.pl\/index.php?rest_route=%2Fwp%2Fv2%2Ftags&post=49821"}],"curies":[{"name":"wp","href":"https:\/\/api.w.org\/{rel}","templated":true}]}}